{"id":1035,"date":"2016-12-14T12:08:46","date_gmt":"2016-12-14T09:08:46","guid":{"rendered":"http:\/\/185.149.103.207\/~adanaseshaber\/haber-adana-isiklarla-suslendi-4757.html"},"modified":"2016-12-14T12:08:46","modified_gmt":"2016-12-14T09:08:46","slug":"adana-isiklarla-suslendi-4757","status":"publish","type":"post","link":"https:\/\/adanaseshaber.com.tr\/?p=1035","title":{"rendered":"Adana I\u015f\u0131klarla S\u00fcslendi"},"content":{"rendered":"<p><span style=\"font-size:16px\"><span style=\"color:#000000\">Adana B&uuml;y&uuml;k\u015fehir Belediyesi ile Toroslar EDA\u015e&rsquo;\u0131n imzalad\u0131\u011f\u0131 tesis s&ouml;zle\u015fmesi kapsam\u0131nda kentin baz\u0131 b&ouml;lgelerinde de\u011fi\u015ftirilmesi planlanan yeni ayd\u0131nlatma direkleriyle kent daha estetik bir g&ouml;r&uuml;n&uuml;me kavu\u015facak. Gazipa\u015fa Bulvar\u0131, Atat&uuml;rk Caddesi, Fuzuli Caddesi, Dilberler Sekisi, U\u011fur Mumcu Bulvar\u0131, 100. Y\u0131l Bulvar\u0131, Cevat Yurdakul Caddesi, Kas\u0131m G&uuml;lek Bulvar\u0131, Seyhan 68073 Sokak, S&uuml;leyman Demirel Bulvar\u0131 ve Baraj Kap\u0131s\u0131&rsquo;nda yer alan 514 adet ayd\u0131nlatma dire\u011fini kapsayan Adana B&uuml;y&uuml;k\u015fehir Belediyesi projede 1028 de armat&uuml;r&uuml;n montaj\u0131 yap\u0131lacak.<\/span><\/span><\/p>\n<p><span style=\"font-size:16px\"><span style=\"color:#000000\"><strong>2017 OCAK SONUNDA TAMAMLANMASI HEDEFLEN\u0130YOR<\/strong><\/span><\/span><\/p>\n<p><span style=\"font-size:16px\"><span style=\"color:#000000\">Adana&rsquo;n\u0131n ana arterleri &uuml;zerinde yer alan cadde ve sokaklarda hayata ge&ccedil;irilecek proje, 2017 Ocak sonunda tamamlanacak. Daha estetik bir Adana hedefleyen Adana B&uuml;y&uuml;k\u015fehir Belediyesi ile Toroslar EDA\u015e, projede birlikte &ccedil;al\u0131\u015facak.&nbsp;&nbsp;Proje kapsam\u0131nda Adana B&uuml;y&uuml;k\u015fehir Belediyesi Park ve Bah&ccedil;eler Daire Ba\u015fkanl\u0131\u011f\u0131 Enerji ve Ayd\u0131nlatma \u015eube M&uuml;d&uuml;rl&uuml;\u011f&uuml;, Toroslar EDA\u015e&rsquo;\u0131n ekipleriyle i\u015fbirli\u011fi yap\u0131yor.<\/span><\/span><\/p>\n","protected":false},"excerpt":{"rendered":"<p>Adana B&uuml;y&uuml;k\u015fehir Belediyesi ile Toroslar EDA\u015e&rsquo;\u0131n imzalad\u0131\u011f\u0131 tesis s&ouml;zle\u015fmesi kapsam\u0131nda kentin baz\u0131 b&ouml;lgelerinde de\u011fi\u015ftirilmesi planlanan yeni ayd\u0131nlatma direkleriyle kent daha estetik bir g&ouml;r&uuml;n&uuml;me kavu\u015facak. Gazipa\u015fa Bulvar\u0131, Atat&uuml;rk Caddesi, Fuzuli Caddesi, Dilberler Sekisi, U\u011fur Mumcu Bulvar\u0131, 100. Y\u0131l Bulvar\u0131, Cevat Yurdakul Caddesi, Kas\u0131m G&uuml;lek Bulvar\u0131, Seyhan 68073 Sokak, S&uuml;leyman Demirel Bulvar\u0131 ve Baraj Kap\u0131s\u0131&rsquo;nda yer alan &hellip;<\/p>\n","protected":false},"author":1,"featured_media":1036,"comment_status":"open","ping_status":"open","sticky":false,"template":"","format":"standard","meta":{"footnotes":""},"categories":[51],"tags":[1937,3493,3494],"class_list":["post-1035","post","type-post","status-publish","format-standard","has-post-thumbnail","hentry","category-buyuksehir","tag-adana","tag-isiklarla","tag-suslendi"],"amp_enabled":true,"_links":{"self":[{"href":"https:\/\/adanaseshaber.com.tr\/index.php?rest_route=\/wp\/v2\/posts\/1035","targetHints":{"allow":["GET"]}}],"collection":[{"href":"https:\/\/adanaseshaber.com.tr\/index.php?rest_route=\/wp\/v2\/posts"}],"about":[{"href":"https:\/\/adanaseshaber.com.tr\/index.php?rest_route=\/wp\/v2\/types\/post"}],"author":[{"embeddable":true,"href":"https:\/\/adanaseshaber.com.tr\/index.php?rest_route=\/wp\/v2\/users\/1"}],"replies":[{"embeddable":true,"href":"https:\/\/adanaseshaber.com.tr\/index.php?rest_route=%2Fwp%2Fv2%2Fcomments&post=1035"}],"version-history":[{"count":0,"href":"https:\/\/adanaseshaber.com.tr\/index.php?rest_route=\/wp\/v2\/posts\/1035\/revisions"}],"wp:featuredmedia":[{"embeddable":true,"href":"https:\/\/adanaseshaber.com.tr\/index.php?rest_route=\/wp\/v2\/media\/1036"}],"wp:attachment":[{"href":"https:\/\/adanaseshaber.com.tr\/index.php?rest_route=%2Fwp%2Fv2%2Fmedia&parent=1035"}],"wp:term":[{"taxonomy":"category","embeddable":true,"href":"https:\/\/adanaseshaber.com.tr\/index.php?rest_route=%2Fwp%2Fv2%2Fcategories&post=1035"},{"taxonomy":"post_tag","embeddable":true,"href":"https:\/\/adanaseshaber.com.tr\/index.php?rest_route=%2Fwp%2Fv2%2Ftags&post=1035"}],"curies":[{"name":"wp","href":"https:\/\/api.w.org\/{rel}","templated":true}]}}