{"id":10752,"date":"2017-12-06T09:06:33","date_gmt":"2017-12-06T06:06:33","guid":{"rendered":"http:\/\/185.149.103.207\/~adanaseshaber\/haber-adana-kirleniyor-7466.html"},"modified":"2017-12-06T09:06:33","modified_gmt":"2017-12-06T06:06:33","slug":"adana-kirleniyor-7466","status":"publish","type":"post","link":"https:\/\/adanaseshaber.com.tr\/?p=10752","title":{"rendered":"Adana kirleniyor!"},"content":{"rendered":"<p><span style=\"font-family:tahoma,geneva,sans-serif\"><span style=\"font-size:22px\"><span style=\"color:#000000\">TBMM Genel Kurulu&rsquo;nda g&uuml;ndem d\u0131\u015f\u0131 s&ouml;z alarak hava kirlili\u011finin sona erdirilmesi i&ccedil;in giri\u015fimlerde bulunulmas\u0131 gerekti\u011fini vurgulayan T&uuml;mer, Adana&rsquo;da yaz aylar\u0131nda hububat hasad\u0131n\u0131n ard\u0131ndan yak\u0131lan an\u0131z yang\u0131nlar\u0131n\u0131n sebep oldu\u011fu hava kirlili\u011finin k\u0131\u015f aylar\u0131na girdi\u011fimiz \u015fu g&uuml;nlerde bu kez daha &ccedil;ok \u0131s\u0131nma ama&ccedil;l\u0131 yak\u0131tlar nedeniyle &uuml;st seviyeye &ccedil;\u0131kt\u0131\u011f\u0131n\u0131 kaydetti.<\/span><\/span><\/span><\/p>\n<p>&nbsp;<\/p>\n<p><span style=\"font-family:tahoma,geneva,sans-serif\"><span style=\"font-size:22px\"><span style=\"color:#000000\"><strong>100 G&Uuml;N BOYUNCA YASAL SINIR A\u015eILDI<\/strong><br \/>\n2015 ve 2016 y\u0131llar\u0131nda Adana&rsquo;da partik&uuml;l maddede yasal s\u0131n\u0131r olan 80 mikrogram\u0131n toplam 100 g&uuml;nl&uuml;k s&uuml;re zarf\u0131nda a\u015f\u0131ld\u0131\u011f\u0131n\u0131, hava kirlili\u011finin 2017 y\u0131l\u0131n\u0131n Aral\u0131k ay\u0131 ile birlikte &uuml;st seviyeye &ccedil;\u0131kt\u0131\u011f\u0131n\u0131 dile getiren T&uuml;mer, &ldquo;Adanal\u0131lar &ccedil;evresel kirlilikten dolay\u0131 olumsuz etkilenmektedir. Adana&rsquo;da hava kirlili\u011fini azaltmak i&ccedil;in \u0131s\u0131nma ama&ccedil;l\u0131 kullan\u0131lan kat\u0131 at\u0131k yak\u0131tlar\u0131n kullan\u0131m\u0131n\u0131n azalt\u0131l\u0131p do\u011falgaz kullan\u0131m\u0131n\u0131n yayg\u0131nla\u015ft\u0131r\u0131lmas\u0131 i&ccedil;in &ccedil;al\u0131\u015fmalar yap\u0131lmal\u0131d\u0131r. Zira Adana&rsquo;da do\u011falgaz kullan\u0131m\u0131 dar bir kapsamda kalm\u0131\u015ft\u0131r&rdquo; dedi.<\/span><\/span><\/span><\/p>\n<p>&nbsp;<\/p>\n<p><span style=\"font-family:tahoma,geneva,sans-serif\"><span style=\"font-size:22px\"><span style=\"color:#000000\"><strong>YETK\u0130L\u0130LER\u0130 UYARDI<\/strong><br \/>\n&Ouml;te yandan yak\u0131t kazanlar\u0131n\u0131n periyodik bak\u0131mlar\u0131, ara&ccedil; egzoz emisyonlar\u0131n\u0131n rutin aral\u0131klarla yap\u0131lmas\u0131, \u0131s\u0131 izolasyonlar\u0131 ile enerji tasarrufu sa\u011flayarak hava kirlili\u011finin azalt\u0131lmas\u0131, sanayide enerjinin geri kazan\u0131lmas\u0131na &ouml;nem verilmesi, emisyon kayna\u011f\u0131 olan tesislerde gerekli &ccedil;evresel yat\u0131r\u0131mlar\u0131n ger&ccedil;ekle\u015ftirilmesi gerekti\u011finin alt\u0131n\u0131 &ccedil;izen T&uuml;mer, &ldquo;Yetkilileri ya\u015fanan &ccedil;evresel sorunlar ve &ouml;zellikle ak\u015fam saatlerinde nefes almay\u0131 bile zorla\u015ft\u0131ran, insan sa\u011fl\u0131\u011f\u0131n\u0131 olumsuz etkileyen hava kirlili\u011fi konusunda gerekli hassasiyeti g&ouml;stermeye davet ediyorum&rdquo; diye konu\u015ftu.<\/span><\/span><\/span><\/p>\n","protected":false},"excerpt":{"rendered":"<p>TBMM Genel Kurulu&rsquo;nda g&uuml;ndem d\u0131\u015f\u0131 s&ouml;z alarak hava kirlili\u011finin sona erdirilmesi i&ccedil;in giri\u015fimlerde bulunulmas\u0131 gerekti\u011fini vurgulayan T&uuml;mer, Adana&rsquo;da yaz aylar\u0131nda hububat hasad\u0131n\u0131n ard\u0131ndan yak\u0131lan an\u0131z yang\u0131nlar\u0131n\u0131n sebep oldu\u011fu hava kirlili\u011finin k\u0131\u015f aylar\u0131na girdi\u011fimiz \u015fu g&uuml;nlerde bu kez daha &ccedil;ok \u0131s\u0131nma ama&ccedil;l\u0131 yak\u0131tlar nedeniyle &uuml;st seviyeye &ccedil;\u0131kt\u0131\u011f\u0131n\u0131 kaydetti. &nbsp; 100 G&Uuml;N BOYUNCA YASAL SINIR A\u015eILDI 2015 &hellip;<\/p>\n","protected":false},"author":1,"featured_media":10754,"comment_status":"open","ping_status":"open","sticky":false,"template":"","format":"standard","meta":{"footnotes":""},"categories":[10],"tags":[1937,11700],"class_list":["post-10752","post","type-post","status-publish","format-standard","has-post-thumbnail","hentry","category-siyaset","tag-adana","tag-kirleniyor"],"amp_enabled":true,"_links":{"self":[{"href":"https:\/\/adanaseshaber.com.tr\/index.php?rest_route=\/wp\/v2\/posts\/10752","targetHints":{"allow":["GET"]}}],"collection":[{"href":"https:\/\/adanaseshaber.com.tr\/index.php?rest_route=\/wp\/v2\/posts"}],"about":[{"href":"https:\/\/adanaseshaber.com.tr\/index.php?rest_route=\/wp\/v2\/types\/post"}],"author":[{"embeddable":true,"href":"https:\/\/adanaseshaber.com.tr\/index.php?rest_route=\/wp\/v2\/users\/1"}],"replies":[{"embeddable":true,"href":"https:\/\/adanaseshaber.com.tr\/index.php?rest_route=%2Fwp%2Fv2%2Fcomments&post=10752"}],"version-history":[{"count":0,"href":"https:\/\/adanaseshaber.com.tr\/index.php?rest_route=\/wp\/v2\/posts\/10752\/revisions"}],"wp:featuredmedia":[{"embeddable":true,"href":"https:\/\/adanaseshaber.com.tr\/index.php?rest_route=\/wp\/v2\/media\/10754"}],"wp:attachment":[{"href":"https:\/\/adanaseshaber.com.tr\/index.php?rest_route=%2Fwp%2Fv2%2Fmedia&parent=10752"}],"wp:term":[{"taxonomy":"category","embeddable":true,"href":"https:\/\/adanaseshaber.com.tr\/index.php?rest_route=%2Fwp%2Fv2%2Fcategories&post=10752"},{"taxonomy":"post_tag","embeddable":true,"href":"https:\/\/adanaseshaber.com.tr\/index.php?rest_route=%2Fwp%2Fv2%2Ftags&post=10752"}],"curies":[{"name":"wp","href":"https:\/\/api.w.org\/{rel}","templated":true}]}}