{"id":13901,"date":"2019-07-31T09:20:11","date_gmt":"2019-07-31T06:20:11","guid":{"rendered":"http:\/\/185.149.103.207\/~adanaseshaber\/haber-yolcudur-abbas-baglasan-durmaz-10084.html"},"modified":"2019-07-31T09:20:11","modified_gmt":"2019-07-31T06:20:11","slug":"yolcudur-abbas-baglasan-durmaz-10084","status":"publish","type":"post","link":"https:\/\/adanaseshaber.com.tr\/?p=13901","title":{"rendered":"Yolcudur Abbas, ba\u011flasan durmaz"},"content":{"rendered":"<p><span style=\"font-family:tahoma,geneva,sans-serif\"><span style=\"font-size:22px\"><span style=\"color:#000000\"><strong>AYHAN BARUT &Ouml;RG&Uuml;TLERLE KUCAKLA\u015eIYOR<\/strong><\/p>\n<p>T&uuml;rkiye B&uuml;y&uuml;k Millet Meclisi&#39;nin (TBMM) tatile girmesiyle birlikte se&ccedil;im b&ouml;lgesi Adana&#39;da h\u0131z kesmeden &ccedil;al\u0131\u015fmalar\u0131n\u0131 y&uuml;ksek bir tempoyla s&uuml;rd&uuml;ren CHP Adana Milletvekili Ayhan Barut, parti &ouml;rg&uuml;tleriyle bulu\u015fuyor. Adana&#39;n\u0131n 15 il&ccedil;esinde CHP &Ouml;rg&uuml;tleri ve yurtta\u015flarla bulu\u015fma program\u0131 yapan Ayhan Barut, ilk olarak CHP Seyhan \u0130l&ccedil;e Ba\u015fkan\u0131 Ahmet Darda\u011fan, Y&uuml;re\u011fir \u0130l&ccedil;e Ba\u015fkan\u0131 Mehmet Alyar, Adana \u0130l Ba\u015fkan\u0131 Mehmet &Ccedil;elebi&#39;yi ziyaret ederek her kademeden parti y&ouml;neticileri ve yol arkada\u015flar\u0131yla bir araya geldi. Geride kalan 1 y\u0131ll\u0131k Meclis &ccedil;al\u0131\u015fmalar\u0131n\u0131 anlatan Barut, &ouml;rg&uuml;tlerin g&ouml;r&uuml;\u015f ve &ouml;nerilerini ald\u0131. &quot;Ayd\u0131nl\u0131k ve ya\u015fanabilir bir T&uuml;rkiye, daha g&uuml;zel bir Adana i&ccedil;in ne yapabiliriz?&quot; diye soran Ayhan Barut, kendisine iletilen istek ve &ouml;nerileri not ald\u0131.&nbsp;<\/p>\n<p><strong>&quot;GENEL \u0130KT\u0130DAR \u0130LE TA&Ccedil;LANACAK&quot;<\/strong><\/p>\n<p>&Ouml;rg&uuml;t ziyaretlerinin ikinci g&uuml;nk&uuml; dura\u011f\u0131nda ilk olarak Kozan&#39;a ge&ccedil;en Ayhan Barut, \u0130l&ccedil;e Ba\u015fkan\u0131 B&uuml;nyamin Sedefo\u011flu ve her kademeden parti y&ouml;neticileri ve partililerle bulu\u015fup g&uuml;ndemdeki geli\u015fmeleri de\u011ferlendirdi. \u0130mamo\u011flu \u0130l&ccedil;esi&#39;nde ise \u0130l&ccedil;e Ba\u015fkan\u0131 Hicabi B&uuml;k&uuml;lmez, \u0130mamo\u011flu Belediye Ba\u015fkan\u0131 Kas\u0131m Karak&ouml;se ve partililerle bulu\u015fan Ayhan Barut, &quot;31 Mart se&ccedil;imlerinde \u0130mamo\u011flu&#39;nda &ccedil;ok b&uuml;y&uuml;k bir ba\u015far\u0131 elde ettik. Her zaman oldu\u011fu gibi \u0130mamo\u011flu il&ccedil;emizin geli\u015fmesi, kalk\u0131nmas\u0131 ve ilerlemesi i&ccedil;in &ccedil;abam\u0131z s&uuml;recek. \u0130mamo\u011flu&#39;dan ba\u015flayan yerel iktidar y&uuml;r&uuml;y&uuml;\u015f&uuml;m&uuml;z genel iktidar ile ta&ccedil;lanacakt\u0131r&quot; diye konu\u015ftu.&nbsp;<\/p>\n<p><strong>ALADA\u011e&#39;DA B&Uuml;Y&Uuml;K \u0130LG\u0130<\/strong><\/p>\n<p>Alada\u011f \u0130l&ccedil;esi&#39;ne de &ccedil;\u0131karma yapan Ayhan Barut, burada da CHP \u0130l&ccedil;e Ba\u015fkan\u0131 Zeki Erkan, y&ouml;netim kurulu &uuml;yeleri, partili yol arkada\u015flar\u0131 ve yurtta\u015flarla bir araya geldi. Yo\u011fun ilgi g&ouml;steren kalabal\u0131k bir gruba seslenen Ayhan Barut, gelecek g&uuml;nlerin &ccedil;ok daha g&uuml;zel olaca\u011f\u0131n\u0131 vurgulad\u0131. T&uuml;rkiye&#39;nin &ccedil;ok b&uuml;y&uuml;k ekonomik ve siyasi kriz ortam\u0131nda yang\u0131n yerine d&ouml;nd&uuml;\u011f&uuml;n&uuml; anlatan Ayhan Barut, &quot;&Uuml;lkemizin bu karanl\u0131ktan kurtulmas\u0131n\u0131n yolu yerel y&ouml;netimlerle birlikte ba\u015flayan halk&ccedil;\u0131 y&ouml;netim anlay\u0131\u015f\u0131n\u0131n iktidar olmas\u0131ndan ge&ccedil;er. \u0130\u015fsizlikten yoksullu\u011fa bu karanl\u0131k tabloyu yaratanlar art\u0131k gidiyorlar. Yolcudur Abbas, ba\u011flasan durmaz. Hep birlikte m&uuml;cadele ederek ayd\u0131nl\u0131k yar\u0131nlara kavu\u015faca\u011f\u0131z&quot; dedi.&nbsp;Ayhan Barut, bu hafta i&ccedil;erisinde kalan di\u011fer il&ccedil;eleri de ziyaret edece\u011fini belirtti.<\/span><\/span><\/span><\/p>\n","protected":false},"excerpt":{"rendered":"<p>AYHAN BARUT &Ouml;RG&Uuml;TLERLE KUCAKLA\u015eIYOR T&uuml;rkiye B&uuml;y&uuml;k Millet Meclisi&#39;nin (TBMM) tatile girmesiyle birlikte se&ccedil;im b&ouml;lgesi Adana&#39;da h\u0131z kesmeden &ccedil;al\u0131\u015fmalar\u0131n\u0131 y&uuml;ksek bir tempoyla s&uuml;rd&uuml;ren CHP Adana Milletvekili Ayhan Barut, parti &ouml;rg&uuml;tleriyle bulu\u015fuyor. Adana&#39;n\u0131n 15 il&ccedil;esinde CHP &Ouml;rg&uuml;tleri ve yurtta\u015flarla bulu\u015fma program\u0131 yapan Ayhan Barut, ilk olarak CHP Seyhan \u0130l&ccedil;e Ba\u015fkan\u0131 Ahmet Darda\u011fan, Y&uuml;re\u011fir \u0130l&ccedil;e Ba\u015fkan\u0131 Mehmet Alyar, &hellip;<\/p>\n","protected":false},"author":1,"featured_media":13903,"comment_status":"open","ping_status":"open","sticky":false,"template":"","format":"standard","meta":{"footnotes":""},"categories":[10],"tags":[13581,13582,13583,13580],"class_list":["post-13901","post","type-post","status-publish","format-standard","has-post-thumbnail","hentry","category-siyaset","tag-abbas","tag-baglasan","tag-durmaz","tag-yolcudur"],"amp_enabled":true,"_links":{"self":[{"href":"https:\/\/adanaseshaber.com.tr\/index.php?rest_route=\/wp\/v2\/posts\/13901","targetHints":{"allow":["GET"]}}],"collection":[{"href":"https:\/\/adanaseshaber.com.tr\/index.php?rest_route=\/wp\/v2\/posts"}],"about":[{"href":"https:\/\/adanaseshaber.com.tr\/index.php?rest_route=\/wp\/v2\/types\/post"}],"author":[{"embeddable":true,"href":"https:\/\/adanaseshaber.com.tr\/index.php?rest_route=\/wp\/v2\/users\/1"}],"replies":[{"embeddable":true,"href":"https:\/\/adanaseshaber.com.tr\/index.php?rest_route=%2Fwp%2Fv2%2Fcomments&post=13901"}],"version-history":[{"count":0,"href":"https:\/\/adanaseshaber.com.tr\/index.php?rest_route=\/wp\/v2\/posts\/13901\/revisions"}],"wp:featuredmedia":[{"embeddable":true,"href":"https:\/\/adanaseshaber.com.tr\/index.php?rest_route=\/wp\/v2\/media\/13903"}],"wp:attachment":[{"href":"https:\/\/adanaseshaber.com.tr\/index.php?rest_route=%2Fwp%2Fv2%2Fmedia&parent=13901"}],"wp:term":[{"taxonomy":"category","embeddable":true,"href":"https:\/\/adanaseshaber.com.tr\/index.php?rest_route=%2Fwp%2Fv2%2Fcategories&post=13901"},{"taxonomy":"post_tag","embeddable":true,"href":"https:\/\/adanaseshaber.com.tr\/index.php?rest_route=%2Fwp%2Fv2%2Ftags&post=13901"}],"curies":[{"name":"wp","href":"https:\/\/api.w.org\/{rel}","templated":true}]}}