{"id":14435,"date":"2019-05-10T14:05:37","date_gmt":"2019-05-10T11:05:37","guid":{"rendered":"http:\/\/185.149.103.207\/~adanaseshaber\/haber-basariyi-orgutumuzle-yakaladik-9951.html"},"modified":"2019-05-10T14:05:37","modified_gmt":"2019-05-10T11:05:37","slug":"basariyi-orgutumuzle-yakaladik-9951","status":"publish","type":"post","link":"https:\/\/adanaseshaber.com.tr\/?p=14435","title":{"rendered":"Ba\u015far\u0131y\u0131 \u00f6rg\u00fct\u00fcm\u00fczle yakalad\u0131k"},"content":{"rendered":"<p><span style=\"font-family:tahoma,geneva,sans-serif\"><span style=\"font-size:22px\"><span style=\"color:#000000\">31 Mart yerel se&ccedil;imlerindeki ba\u015far\u0131n\u0131n &ouml;rg&uuml;tle uyumlu &ccedil;al\u0131\u015fma sonucu ortaya &ccedil;\u0131kt\u0131\u011f\u0131n\u0131 belirten &Ccedil;ukurova Belediye Ba\u015fkan\u0131 Soner &Ccedil;etin, Y&uuml;re\u011fir&rsquo;de de ayn\u0131 ba\u015far\u0131ya &ccedil;ok yakla\u015ft\u0131klar\u0131n\u0131 ancak az bir oy fark\u0131yla kaybettiklerini s&ouml;yledi.<\/span><\/span><\/span><\/p>\n<p><span style=\"font-family:tahoma,geneva,sans-serif\"><span style=\"font-size:22px\"><span style=\"color:#000000\">Cumhuriyet Halk Partisi (CHP) Y&uuml;re\u011fir \u0130l&ccedil;e Ba\u015fkan Vekili Mehmet Alyar, il&ccedil;e y&ouml;netimi, il&ccedil;e kad\u0131n ve gen&ccedil;lik kollar\u0131 y&ouml;netimleri Ba\u015fkan Soner &Ccedil;etin&rsquo;i ziyaret ederek yeni d&ouml;nemde ba\u015far\u0131lar dilediler.<\/span><\/span><\/span><\/p>\n<p><span style=\"font-family:tahoma,geneva,sans-serif\"><span style=\"font-size:22px\"><span style=\"color:#000000\">&Ccedil;ukurova&rsquo;y\u0131 rekor bir oy oran\u0131yla kazand\u0131\u011f\u0131 i&ccedil;in Soner &Ccedil;etin&rsquo;i kutlayan Mehmet Alyar, &ldquo;&Ccedil;ukurova hizmete doymu\u015ftu. \u0130kinci d&ouml;nemde daha &ouml;nemli hizmet edece\u011finize inan\u0131yoruz. G&ouml;n&uuml;l isterdi ki Y&uuml;re\u011fir&rsquo;i de kazanal\u0131m ama az bir oy fark\u0131yla kaybettik&rdquo; dedi.<\/span><\/span><\/span><\/p>\n<p><span style=\"font-family:tahoma,geneva,sans-serif\"><span style=\"font-size:22px\"><span style=\"color:#000000\">&Ccedil;ukurova Belediye Ba\u015fkan\u0131 Soner &Ccedil;etin de, uyumlu bir se&ccedil;im s&uuml;reci ya\u015fad\u0131klar\u0131n\u0131 ve elde edilen ba\u015far\u0131n\u0131n &ouml;rg&uuml;tlerle uyumlu &ccedil;al\u0131\u015fma sonucu ortaya &ccedil;\u0131kt\u0131\u011f\u0131n\u0131 vurgulad\u0131.<\/span><\/span><\/span><\/p>\n<p><span style=\"font-family:tahoma,geneva,sans-serif\"><span style=\"font-size:22px\"><span style=\"color:#000000\">HERKES\u0130N ORTAK BA\u015eARISI<\/span><\/span><\/span><\/p>\n<p><span style=\"font-family:tahoma,geneva,sans-serif\"><span style=\"font-size:22px\"><span style=\"color:#000000\">Elde edilen ba\u015far\u0131n\u0131n herkesin ortak ba\u015far\u0131s\u0131 oldu\u011funu kaydeden Ba\u015fkan &Ccedil;etin, &ldquo;Y&uuml;re\u011fir&rsquo;i de &ccedil;ok istiyorduk. Kamuran Karaca &ccedil;ok de\u011ferli bir arkada\u015f\u0131m\u0131z. &Ccedil;ok da ba\u015far\u0131l\u0131 bir se&ccedil;im s&uuml;reci ge&ccedil;irdi. Sonuca &ccedil;ok &uuml;z&uuml;ld&uuml;k. Ama b\u0131kmadan usanmadan &ccedil;al\u0131\u015faca\u011f\u0131z ve bir sonraki d&ouml;nemde Y&uuml;re\u011fir&rsquo;i sosyal demokrat belediyecilikle tan\u0131\u015ft\u0131raca\u011f\u0131z&rdquo; \u015feklinde konu\u015ftu.<\/span><\/span><\/span><\/p>\n<p><span style=\"font-family:tahoma,geneva,sans-serif\"><span style=\"font-size:22px\"><span style=\"color:#000000\">Her 10 ki\u015fiden 6&rsquo;s\u0131n\u0131n oyunu alm\u0131\u015f bir belediye ba\u015fkan\u0131 olarak sorumlulu\u011funun daha da artt\u0131\u011f\u0131n\u0131 s&ouml;yleyen Ba\u015fkan Soner &Ccedil;etin, kimseyi ay\u0131rmadan, toplumun her kesimine e\u015fit ve adaletli hizmet g&ouml;t&uuml;rmeye devam edeceklerini ifade etti.<\/span><\/span><\/span><\/p>\n<p><span style=\"font-family:tahoma,geneva,sans-serif\"><span style=\"font-size:22px\"><span style=\"color:#000000\">Ba\u015fkan Soner &Ccedil;etin, 30 y\u0131l sonra Zeydan Karalar ile B&uuml;y&uuml;k\u015fehir Belediyesini kazanman\u0131n da kendilerini &ccedil;ok mutlu etti\u011fini s&ouml;zlerine ekledi.<\/span><\/span><\/span><\/p>\n","protected":false},"excerpt":{"rendered":"<p>31 Mart yerel se&ccedil;imlerindeki ba\u015far\u0131n\u0131n &ouml;rg&uuml;tle uyumlu &ccedil;al\u0131\u015fma sonucu ortaya &ccedil;\u0131kt\u0131\u011f\u0131n\u0131 belirten &Ccedil;ukurova Belediye Ba\u015fkan\u0131 Soner &Ccedil;etin, Y&uuml;re\u011fir&rsquo;de de ayn\u0131 ba\u015far\u0131ya &ccedil;ok yakla\u015ft\u0131klar\u0131n\u0131 ancak az bir oy fark\u0131yla kaybettiklerini s&ouml;yledi. Cumhuriyet Halk Partisi (CHP) Y&uuml;re\u011fir \u0130l&ccedil;e Ba\u015fkan Vekili Mehmet Alyar, il&ccedil;e y&ouml;netimi, il&ccedil;e kad\u0131n ve gen&ccedil;lik kollar\u0131 y&ouml;netimleri Ba\u015fkan Soner &Ccedil;etin&rsquo;i ziyaret ederek yeni d&ouml;nemde &hellip;<\/p>\n","protected":false},"author":1,"featured_media":14437,"comment_status":"open","ping_status":"open","sticky":false,"template":"","format":"standard","meta":{"footnotes":""},"categories":[53],"tags":[13883,13884,13885],"class_list":["post-14435","post","type-post","status-publish","format-standard","has-post-thumbnail","hentry","category-cukurova","tag-basariyi","tag-orgutumuzle","tag-yakaladik"],"amp_enabled":true,"_links":{"self":[{"href":"https:\/\/adanaseshaber.com.tr\/index.php?rest_route=\/wp\/v2\/posts\/14435","targetHints":{"allow":["GET"]}}],"collection":[{"href":"https:\/\/adanaseshaber.com.tr\/index.php?rest_route=\/wp\/v2\/posts"}],"about":[{"href":"https:\/\/adanaseshaber.com.tr\/index.php?rest_route=\/wp\/v2\/types\/post"}],"author":[{"embeddable":true,"href":"https:\/\/adanaseshaber.com.tr\/index.php?rest_route=\/wp\/v2\/users\/1"}],"replies":[{"embeddable":true,"href":"https:\/\/adanaseshaber.com.tr\/index.php?rest_route=%2Fwp%2Fv2%2Fcomments&post=14435"}],"version-history":[{"count":0,"href":"https:\/\/adanaseshaber.com.tr\/index.php?rest_route=\/wp\/v2\/posts\/14435\/revisions"}],"wp:featuredmedia":[{"embeddable":true,"href":"https:\/\/adanaseshaber.com.tr\/index.php?rest_route=\/wp\/v2\/media\/14437"}],"wp:attachment":[{"href":"https:\/\/adanaseshaber.com.tr\/index.php?rest_route=%2Fwp%2Fv2%2Fmedia&parent=14435"}],"wp:term":[{"taxonomy":"category","embeddable":true,"href":"https:\/\/adanaseshaber.com.tr\/index.php?rest_route=%2Fwp%2Fv2%2Fcategories&post=14435"},{"taxonomy":"post_tag","embeddable":true,"href":"https:\/\/adanaseshaber.com.tr\/index.php?rest_route=%2Fwp%2Fv2%2Ftags&post=14435"}],"curies":[{"name":"wp","href":"https:\/\/api.w.org\/{rel}","templated":true}]}}