{"id":15455,"date":"2019-03-08T09:57:39","date_gmt":"2019-03-08T06:57:39","guid":{"rendered":"http:\/\/185.149.103.207\/~adanaseshaber\/haber-sifali-ellere-kiymayin-9695.html"},"modified":"2019-03-08T09:57:39","modified_gmt":"2019-03-08T06:57:39","slug":"sifali-ellere-kiymayin-9695","status":"publish","type":"post","link":"https:\/\/adanaseshaber.com.tr\/?p=15455","title":{"rendered":"\u015eifal\u0131 ellere k\u0131ymay\u0131n"},"content":{"rendered":"<div style=\"color: rgb(34, 34, 34); font-family: Arial, Helvetica, sans-serif; font-size: small;\"><span style=\"font-family:tahoma,geneva,sans-serif\"><span style=\"font-size:22px\"><span style=\"color:#000000\">CHP Adana Milletvekili Ayhan Barut, orta&ouml;\u011fretim mezunu hem\u015firelerin &ccedil;e\u015fitli yollarla defalarca kendisine iletti\u011fi sorunlara duyars\u0131z kalmayarak &ccedil;&ouml;z&uuml;m &uuml;retilmesi i&ccedil;in harekete ge&ccedil;ti. Sa\u011fl\u0131k Bakan\u0131 Fahrettin Koca taraf\u0131ndan yan\u0131tlanmas\u0131 istemiyle T&uuml;rkiye B&uuml;y&uuml;k Millet Meclisi (TBMM) Ba\u015fkanl\u0131\u011f\u0131&#39;na soru &ouml;nergesi sunan Ayhan Barut, &quot;120 bin \u015fifal\u0131 ele k\u0131ymay\u0131n&quot; dedi. Orta&ouml;\u011fretim mezunu hem\u015firelerin sa\u011fl\u0131k sekt&ouml;r&uuml; ve toplumsal ya\u015fam i&ccedil;in &ccedil;ok &ouml;nemli oldu\u011funa dikkat &ccedil;eken Barut, &quot;Sa\u011fl\u0131k alan\u0131nda daha &ccedil;ocuk ya\u015flarda e\u011fitim &ouml;\u011fretim almaya ba\u015flayan, staj s&uuml;releri ile pratik yapan ve mezuniyetleri ile mesle\u011fe hizmet a\u015fk\u0131 besleyen gen&ccedil; hem\u015firelik mezunu insanlar\u0131m\u0131z\u0131n atanmas\u0131n\u0131n &ouml;n&uuml;ndeki tek engel i\u015f bilmez y&ouml;neticilerdir. Hemen her meslek grubunda b&ouml;yle bir sorunun ya\u015fanmas\u0131n\u0131n ba\u015fka bir izah\u0131 yoktur. Bug&uuml;n 120 bin civar\u0131nda atama bekleyen Orta&ouml;\u011fretim Hem\u015firelik mezunu sa\u011fl\u0131k&ccedil;\u0131ya g&ouml;zlerini, kulaklar\u0131n\u0131 kapatan bir zihniyetle kar\u015f\u0131 kar\u015f\u0131yay\u0131z&quot; diye konu\u015ftu.&nbsp;<\/span><\/span><\/span><\/div>\n<div style=\"color: rgb(34, 34, 34); font-family: Arial, Helvetica, sans-serif; font-size: small;\">&nbsp;<\/div>\n<div style=\"color: rgb(34, 34, 34); font-family: Arial, Helvetica, sans-serif; font-size: small;\"><strong><span style=\"font-family:tahoma,geneva,sans-serif\"><span style=\"font-size:22px\"><span style=\"color:#000000\">&quot;120 B\u0130N K\u0130\u015e\u0130 ATAMA BEKL\u0130YOR&quot;<\/span><\/span><\/span><\/strong><\/div>\n<div style=\"color: rgb(34, 34, 34); font-family: Arial, Helvetica, sans-serif; font-size: small;\">&nbsp;<\/div>\n<div style=\"color: rgb(34, 34, 34); font-family: Arial, Helvetica, sans-serif; font-size: small;\"><span style=\"font-family:tahoma,geneva,sans-serif\"><span style=\"font-size:22px\"><span style=\"color:#000000\">T&uuml;rkiye&#39;de artan n&uuml;fusla birlikte hastanelerin &ccedil;o\u011fald\u0131\u011f\u0131n\u0131 ve sa\u011fl\u0131k personeli ihtiyac\u0131n\u0131n da artt\u0131\u011f\u0131n\u0131 anlatan CHP Adana Milletvekili Ayhan Barut, \u015funlar\u0131 kaydetti:<\/span><\/span><\/span><\/div>\n<div style=\"color: rgb(34, 34, 34); font-family: Arial, Helvetica, sans-serif; font-size: small;\"><span style=\"font-family:tahoma,geneva,sans-serif\"><span style=\"font-size:22px\"><span style=\"color:#000000\">&quot;Ancak hastanelerimizde g&ouml;rev yapan personel istihdam\u0131nda uzunca bir s&uuml;redir sorun ve s\u0131k\u0131nt\u0131lar ya\u015fanmaktad\u0131r. Bunun ba\u015fl\u0131ca &ouml;rne\u011fini sa\u011fl\u0131k alan\u0131nda e\u011fitim alm\u0131\u015f Orta&ouml;\u011fretim Hem\u015firelik mezunu insanlar\u0131m\u0131z\u0131n atama sorunu olu\u015fturmaktad\u0131r. &Uuml;lkemizde orta&ouml;\u011fretim hem\u015firelik b&ouml;l&uuml;m&uuml; mezunu atanamayan say\u0131s\u0131 yakla\u015f\u0131k olarak 120 bin civar\u0131d\u0131r. &Uuml;lkemizde birde lisans mezunu hem\u015firelerimiz bulunmakta. \u0130ktidar bu iki mezun grup aras\u0131nda bir adaletsizli\u011fe neden olmamal\u0131. Yap\u0131lan KPSS sonu&ccedil;lar\u0131na g&ouml;re belli bir atama oran\u0131 ile u&ccedil;urum yaratmadan her iki seviyeden de makul atama yapmal\u0131. &Uuml;lke n&uuml;fusunun art\u0131\u015f h\u0131z\u0131, hastane ve sa\u011fl\u0131k merkezlerinin varl\u0131\u011f\u0131 dikkate al\u0131narak bu sorun planlanmal\u0131. Unutulmamas\u0131 gereken tek \u015fey, her ataman\u0131n adaletli ve liyakata dayal\u0131 yap\u0131lmas\u0131 sa\u011flanmal\u0131d\u0131r. Hem\u015firelik, g&uuml;&ccedil; &ccedil;al\u0131\u015fma ko\u015fullar\u0131nda &ouml;zveri, sab\u0131r ve ho\u015fg&ouml;r&uuml; i&ccedil;inde, insan hayat\u0131yla do\u011frudan ilgili, mesleki bilgi ve birikim, h\u0131zl\u0131, h&uuml;nerli, el becerisi isteyen, temelinde ise insana sevgi ve sayg\u0131 besleyen kimselerin yapabilece\u011fi en kutsal meslektir.&quot;<\/span><\/span><\/span><\/div>\n<div style=\"color: rgb(34, 34, 34); font-family: Arial, Helvetica, sans-serif; font-size: small;\">&nbsp;<\/div>\n<div style=\"color: rgb(34, 34, 34); font-family: Arial, Helvetica, sans-serif; font-size: small;\"><strong><span style=\"font-family:tahoma,geneva,sans-serif\"><span style=\"font-size:22px\"><span style=\"color:#000000\">&quot;HEM\u015e\u0130REL\u0130K KUTSAL B\u0130R MESLEKT\u0130R&quot;<\/span><\/span><\/span><\/strong><\/div>\n<div style=\"color: rgb(34, 34, 34); font-family: Arial, Helvetica, sans-serif; font-size: small;\">&nbsp;<\/div>\n<div style=\"color: rgb(34, 34, 34); font-family: Arial, Helvetica, sans-serif; font-size: small;\"><span style=\"font-family:tahoma,geneva,sans-serif\"><span style=\"font-size:22px\"><span style=\"color:#000000\">CHP Adana Milletvekili Ayhan Barut, Sa\u011fl\u0131k Bakan\u0131 Fahrettin Koca&#39;dan \u015fu sorulara yan\u0131t istedi:<\/span><\/span><\/span><\/div>\n<div style=\"color: rgb(34, 34, 34); font-family: Arial, Helvetica, sans-serif; font-size: small;\">&nbsp;<\/div>\n<div style=\"color: rgb(34, 34, 34); font-family: Arial, Helvetica, sans-serif; font-size: small;\"><span style=\"font-family:tahoma,geneva,sans-serif\"><span style=\"font-size:22px\"><span style=\"color:#000000\">1. T&uuml;rkiye&rsquo;de devlet ve &ouml;zel sa\u011fl\u0131k meslek lisesi say\u0131s\u0131 ka&ccedil;t\u0131r? Bu okullar\u0131m\u0131zdan hangi bran\u015flarda y\u0131lda ka&ccedil; &ouml;\u011frenci mezun verilmektedir?<\/span><\/span><\/span><\/div>\n<div style=\"color: rgb(34, 34, 34); font-family: Arial, Helvetica, sans-serif; font-size: small;\">&nbsp;<\/div>\n<div style=\"color: rgb(34, 34, 34); font-family: Arial, Helvetica, sans-serif; font-size: small;\"><span style=\"font-family:tahoma,geneva,sans-serif\"><span style=\"font-size:22px\"><span style=\"color:#000000\">2. &Uuml;lkemizde a&ccedil;\u0131lan devlet ve &ouml;zel sa\u011fl\u0131k meslek liseleri ihtiyac\u0131n &uuml;zerinde mi mezun vermektedir? &Ouml;yle ise, ihtiyac\u0131n &uuml;zerinde mezun verilmesine neden imkan sa\u011flanm\u0131\u015ft\u0131r? Bu bir planlama hatas\u0131 de\u011fil mi?<\/span><\/span><\/span><\/div>\n<div style=\"color: rgb(34, 34, 34); font-family: Arial, Helvetica, sans-serif; font-size: small;\">&nbsp;<\/div>\n<div style=\"color: rgb(34, 34, 34); font-family: Arial, Helvetica, sans-serif; font-size: small;\"><span style=\"font-family:tahoma,geneva,sans-serif\"><span style=\"font-size:22px\"><span style=\"color:#000000\">3. Lisans mezunu hem\u015fire ile orta&ouml;\u011fretim mezunu hem\u015fire atamalar\u0131nda olu\u015fan adaletsizli\u011fi nas\u0131l gidereceksiniz?<\/span><\/span><\/span><\/div>\n<div style=\"color: rgb(34, 34, 34); font-family: Arial, Helvetica, sans-serif; font-size: small;\">&nbsp;<\/div>\n<div style=\"color: rgb(34, 34, 34); font-family: Arial, Helvetica, sans-serif; font-size: small;\"><span style=\"font-family:tahoma,geneva,sans-serif\"><span style=\"font-size:22px\"><span style=\"color:#000000\">4. Bakanl\u0131k verilerine g&ouml;re atama bekleyen orta&ouml;\u011fretim ve lisans mezunu hem\u015firelik mezunu ka&ccedil; ki\u015fi bulunmaktad\u0131r?<\/span><\/span><\/span><\/div>\n<div style=\"color: rgb(34, 34, 34); font-family: Arial, Helvetica, sans-serif; font-size: small;\">&nbsp;<\/div>\n<div style=\"color: rgb(34, 34, 34); font-family: Arial, Helvetica, sans-serif; font-size: small;\"><span style=\"font-family:tahoma,geneva,sans-serif\"><span style=\"font-size:22px\"><span style=\"color:#000000\">5. 2019 y\u0131l\u0131 i&ccedil;in orta&ouml;\u011fretim ve lisans hem\u015firelik mezunu insanlar\u0131m\u0131zdan ka&ccedil;ar ki\u015fi atama yapacaks\u0131n\u0131z? Bu konuda bir &ccedil;al\u0131\u015fman\u0131z mevcut mu?<\/span><\/span><\/span><\/div>\n","protected":false},"excerpt":{"rendered":"<p>CHP Adana Milletvekili Ayhan Barut, orta&ouml;\u011fretim mezunu hem\u015firelerin &ccedil;e\u015fitli yollarla defalarca kendisine iletti\u011fi sorunlara duyars\u0131z kalmayarak &ccedil;&ouml;z&uuml;m &uuml;retilmesi i&ccedil;in harekete ge&ccedil;ti. Sa\u011fl\u0131k Bakan\u0131 Fahrettin Koca taraf\u0131ndan yan\u0131tlanmas\u0131 istemiyle T&uuml;rkiye B&uuml;y&uuml;k Millet Meclisi (TBMM) Ba\u015fkanl\u0131\u011f\u0131&#39;na soru &ouml;nergesi sunan Ayhan Barut, &quot;120 bin \u015fifal\u0131 ele k\u0131ymay\u0131n&quot; dedi. Orta&ouml;\u011fretim mezunu hem\u015firelerin sa\u011fl\u0131k sekt&ouml;r&uuml; ve toplumsal ya\u015fam i&ccedil;in &ccedil;ok &hellip;<\/p>\n","protected":false},"author":1,"featured_media":15456,"comment_status":"open","ping_status":"open","sticky":false,"template":"","format":"standard","meta":{"footnotes":""},"categories":[10],"tags":[14435,14436,14434],"class_list":["post-15455","post","type-post","status-publish","format-standard","has-post-thumbnail","hentry","category-siyaset","tag-ellere","tag-kiymayin","tag-sifali"],"amp_enabled":true,"_links":{"self":[{"href":"https:\/\/adanaseshaber.com.tr\/index.php?rest_route=\/wp\/v2\/posts\/15455","targetHints":{"allow":["GET"]}}],"collection":[{"href":"https:\/\/adanaseshaber.com.tr\/index.php?rest_route=\/wp\/v2\/posts"}],"about":[{"href":"https:\/\/adanaseshaber.com.tr\/index.php?rest_route=\/wp\/v2\/types\/post"}],"author":[{"embeddable":true,"href":"https:\/\/adanaseshaber.com.tr\/index.php?rest_route=\/wp\/v2\/users\/1"}],"replies":[{"embeddable":true,"href":"https:\/\/adanaseshaber.com.tr\/index.php?rest_route=%2Fwp%2Fv2%2Fcomments&post=15455"}],"version-history":[{"count":0,"href":"https:\/\/adanaseshaber.com.tr\/index.php?rest_route=\/wp\/v2\/posts\/15455\/revisions"}],"wp:featuredmedia":[{"embeddable":true,"href":"https:\/\/adanaseshaber.com.tr\/index.php?rest_route=\/wp\/v2\/media\/15456"}],"wp:attachment":[{"href":"https:\/\/adanaseshaber.com.tr\/index.php?rest_route=%2Fwp%2Fv2%2Fmedia&parent=15455"}],"wp:term":[{"taxonomy":"category","embeddable":true,"href":"https:\/\/adanaseshaber.com.tr\/index.php?rest_route=%2Fwp%2Fv2%2Fcategories&post=15455"},{"taxonomy":"post_tag","embeddable":true,"href":"https:\/\/adanaseshaber.com.tr\/index.php?rest_route=%2Fwp%2Fv2%2Ftags&post=15455"}],"curies":[{"name":"wp","href":"https:\/\/api.w.org\/{rel}","templated":true}]}}