{"id":16254,"date":"2019-02-21T21:23:34","date_gmt":"2019-02-21T18:23:34","guid":{"rendered":"http:\/\/185.149.103.207\/~adanaseshaber\/haber-dersanelerimizi-kapatmayin-9494.html"},"modified":"2019-02-21T21:23:34","modified_gmt":"2019-02-21T18:23:34","slug":"dersanelerimizi-kapatmayin-9494","status":"publish","type":"post","link":"https:\/\/adanaseshaber.com.tr\/?p=16254","title":{"rendered":"Dersanelerimizi kapatmay\u0131n"},"content":{"rendered":"<p dir=\"ltr\" style=\"text-align:justify\"><span style=\"font-family:tahoma,geneva,sans-serif\"><span style=\"font-size:22px\"><span style=\"color:#000000\"><span style=\"background-color:transparent\">MEB &ccedil;at\u0131s\u0131 alt\u0131nda resmi faaliyet g&ouml;steren &Ouml;zel &Ouml;\u011fretim Kurslar\u0131n\u0131n kapat\u0131lmas\u0131n\u0131n g&uuml;ndeme gelmesi &uuml;zerine bizler T&uuml;rkiye&rsquo;deki &ldquo;&Ouml;zel &Ouml;\u011fretim Kurslar\u0131 Platformu&rsquo;&rsquo; olarak, hi&ccedil;bir derne\u011fe, ideolojiye ve &nbsp;siyasi d&uuml;\u015f&uuml;nceye ba\u011fl\u0131 olmaks\u0131z\u0131n toplum ve bireyleri bu konuda detayl\u0131 olarak bilgilendirmek amac\u0131yla a\u015fa\u011f\u0131daki a&ccedil;\u0131klaman\u0131n yap\u0131lmas\u0131na ihtiya&ccedil; duyduk.<\/span><\/span><\/span><\/span><\/p>\n<p dir=\"ltr\" style=\"text-align:justify\">&nbsp;<\/p>\n<p dir=\"ltr\" style=\"text-align:justify\"><span style=\"font-family:tahoma,geneva,sans-serif\"><span style=\"font-size:22px\"><span style=\"color:#000000\"><span style=\"background-color:transparent\">&Ouml;ZEL &Ouml;\u011eRET\u0130M KURSLARIMIZ e\u011fitim sistemimizin bir ihtiyac\u0131 olup, Milli E\u011fitim Bakanl\u0131\u011f\u0131&rsquo;n\u0131n izni ve denetimiyle faaliyetlerini s&uuml;rd&uuml;rmektedir. Aileler &ccedil;ocuklar\u0131n\u0131, &Uuml;niversiteye Giri\u015f s\u0131navlar\u0131na haz\u0131rlanmak ve derslerine destek &nbsp;amac\u0131yla, g&ouml;n&uuml;l r\u0131zas\u0131yla kurslar\u0131m\u0131za g&ouml;ndermektedir. <\/span><\/span><\/span><\/span><\/p>\n<p dir=\"ltr\" style=\"text-align:justify\">&nbsp;<\/p>\n<p dir=\"ltr\" style=\"text-align:justify\"><span style=\"font-family:tahoma,geneva,sans-serif\"><span style=\"font-size:22px\"><span style=\"color:#000000\"><span style=\"background-color:transparent\">Kurslar\u0131m\u0131z\u0131n faaliyetini s&uuml;rd&uuml;rememesi, e\u011fitim sistemimizde telafi edilemeyecek yaralara yol a&ccedil;acakt\u0131r. Sadece &ouml;\u011frenciler de\u011fil, kurs sahipleri ve bu kurumlara emek veren &ouml;\u011fretmen ve personeller de zarar g&ouml;recektir. <\/span><\/span><\/span><\/span><\/p>\n<p dir=\"ltr\" style=\"text-align:justify\"><span style=\"font-family:tahoma,geneva,sans-serif\"><span style=\"font-size:22px\"><span style=\"color:#000000\"><span style=\"background-color:transparent\">&nbsp;&nbsp; &nbsp;<\/span><\/span><\/span><\/span><\/p>\n<p dir=\"ltr\" style=\"text-align:justify\"><span style=\"font-family:tahoma,geneva,sans-serif\"><span style=\"font-size:22px\"><span style=\"color:#000000\"><span style=\"background-color:transparent\">Bakanl\u0131\u011f\u0131m\u0131z y\u0131llard\u0131r okullarda ve Halk E\u011fitim Merkezlerinde destekleme kurslar\u0131 d&uuml;zenlemektedir. Ancak bu &ccedil;al\u0131\u015fmalar, destek e\u011fitim ihtiyac\u0131n\u0131 kar\u015f\u0131layamamaktad\u0131r. &nbsp;&Ouml;zel &ouml;\u011fretim kurslar\u0131na olan talep de devam etmektedir. E\u011fitim sistemimizde kurslar bir ihtiya&ccedil;t\u0131r ve bu ihtiya&ccedil; devletimizin denetimindeki kurslar\u0131m\u0131z arac\u0131l\u0131\u011f\u0131 ile kar\u015f\u0131lanmaktad\u0131r.<\/span><\/span><\/span><\/span><\/p>\n<p dir=\"ltr\" style=\"text-align:justify\"><span style=\"font-family:tahoma,geneva,sans-serif\"><span style=\"font-size:22px\"><span style=\"color:#000000\"><span style=\"background-color:transparent\">&nbsp;&nbsp; &nbsp;<\/span><\/span><\/span><\/span><\/p>\n<p dir=\"ltr\" style=\"text-align:justify\"><span style=\"font-family:tahoma,geneva,sans-serif\"><span style=\"font-size:22px\"><span style=\"color:#000000\"><span style=\"background-color:transparent\">Resmi kay\u0131tlara g&ouml;re 2019 Ocak ay\u0131 itibariyle MEB&#39;e ba\u011fl\u0131 2549 &ouml;zel &ouml;\u011fretim kursu bulunmaktad\u0131r. Bu kurslarda istihdam edilen &ouml;\u011fretmen ve personel say\u0131s\u0131 yakla\u015f\u0131k olarak 63.000&#39;dir. Aileleri ile hesaplad\u0131\u011f\u0131m\u0131zda b&ouml;yle bir durumdan 200.000 ki\u015fi olumsuz olarak etkilenecektir. &Ouml;zel &ouml;\u011fretim kurslar\u0131n\u0131n kapanmas\u0131yla, &uuml;lkemizin 1 y\u0131ll\u0131k ekonomik kayb\u0131 (KDV-Stopaj-SGK) 1.500.000.000 (bir milyar be\u015f y&uuml;z milyon TL) olacakt\u0131r. <\/span><\/span><\/span><\/span><\/p>\n<p dir=\"ltr\" style=\"text-align:justify\"><span style=\"font-family:tahoma,geneva,sans-serif\"><span style=\"font-size:22px\"><span style=\"color:#000000\"><span style=\"background-color:transparent\">&nbsp;&nbsp; &nbsp;<\/span><\/span><\/span><\/span><\/p>\n<p dir=\"ltr\" style=\"text-align:justify\"><span style=\"font-family:tahoma,geneva,sans-serif\"><span style=\"font-size:22px\"><span style=\"color:#000000\"><span style=\"background-color:transparent\">T&uuml;rkiye&#39;mizde ailelerin gelir d&uuml;zeyleri birbirinden farkl\u0131d\u0131r. Bu aileler &ccedil;ocuklar\u0131n\u0131 daha iyi bir gelece\u011fe haz\u0131rlamak i&ccedil;in kurslara g&ouml;ndermektedir. Bu tercihlerinin ellerinden al\u0131nmamas\u0131 gerekir. &nbsp;Zira, tabiat bo\u015flu\u011fu asla kabul etmez. Gen&ccedil; n&uuml;fusa sahip olmam\u0131z gelece\u011fe g&uuml;venle bakmam\u0131za vesiledir. Gen&ccedil;lerimizin, kurslar\u0131n kapanmas\u0131yla farkl\u0131 mecralara gidece\u011fi g&ouml;z &ouml;n&uuml;nde bulundurulmas\u0131 gereken bir husustur. &Uuml;lke olarak b&ouml;yle ac\u0131 bir tecr&uuml;beyi, p\u0131rlanta gibi &ccedil;ocuklar\u0131m\u0131z\u0131 cemaat kisvesi alt\u0131nda abi \/ abla kimli\u011fiyle yakla\u015fan insanlara kapt\u0131rarak ya\u015fad\u0131k. B&ouml;yle olumsuzluklar\u0131n bir daha ya\u015fanmamas\u0131 i&ccedil;in resmi faaliyet g&ouml;steren kurslara yasal engel getirilmemelidir. &nbsp;Bu nedenlerle Say\u0131n Cumhurba\u015fkan\u0131m\u0131z ve Milli E\u011fitim Bakan\u0131m\u0131z\u0131n bizleri objektif ve sa\u011fduyu ile de\u011ferlendireceklerini d&uuml;\u015f&uuml;n&uuml;yoruz.<\/span><\/span><\/span><\/span><\/p>\n<p>&nbsp;<\/p>\n<p dir=\"ltr\" style=\"text-align: right;\"><span style=\"font-family:tahoma,geneva,sans-serif\"><span style=\"font-size:22px\"><span style=\"color:#000000\"><span style=\"background-color:transparent\">&nbsp;&nbsp; &nbsp;<\/span><span style=\"background-color:transparent\">&nbsp;&nbsp; &nbsp;<\/span><span style=\"background-color:transparent\">&nbsp;&nbsp; &nbsp;<\/span><span style=\"background-color:transparent\">&nbsp;&nbsp; &nbsp;<\/span><span style=\"background-color:transparent\">&nbsp;&nbsp; &nbsp;<\/span><span style=\"background-color:transparent\">&nbsp;&nbsp; &nbsp;<\/span><span style=\"background-color:transparent\">&nbsp;&nbsp; &nbsp;<\/span><span style=\"background-color:transparent\">&nbsp;&nbsp; &nbsp;<\/span><span style=\"background-color:transparent\">&nbsp;&nbsp; &nbsp;<\/span><span style=\"background-color:transparent\">&nbsp;&nbsp; &nbsp;<\/span><span style=\"background-color:transparent\">SAYGILARIMIZLA<\/span><\/span><\/span><\/span><\/p>\n<p dir=\"ltr\" style=\"text-align: right;\"><span style=\"font-family:tahoma,geneva,sans-serif\"><span style=\"font-size:22px\"><span style=\"color:#000000\"><span style=\"background-color:transparent\">&nbsp;&nbsp; &nbsp;<\/span><span style=\"background-color:transparent\">&nbsp;&nbsp; &nbsp;<\/span><span style=\"background-color:transparent\">&nbsp;&nbsp; &nbsp;<\/span><span style=\"background-color:transparent\">&nbsp;&nbsp; &nbsp;<\/span><span style=\"background-color:transparent\">&nbsp;&nbsp; &nbsp;<\/span><span style=\"background-color:transparent\"> &nbsp;&nbsp;&nbsp;&nbsp;&nbsp;&nbsp;&nbsp;&nbsp;&nbsp;&nbsp;&nbsp;&nbsp;&nbsp;&nbsp;&nbsp;&nbsp;&nbsp;&nbsp;&nbsp;&nbsp;&nbsp;&nbsp;&nbsp;&nbsp;&nbsp;&nbsp;&nbsp;&nbsp;T&Uuml;RK\u0130YE &Ouml;ZEL &Ouml;\u011eRET\u0130M KURSLARI PLATFORMU<\/span><\/span><\/span><\/span><\/p>\n<div>&nbsp;<\/div>\n","protected":false},"excerpt":{"rendered":"<p>MEB &ccedil;at\u0131s\u0131 alt\u0131nda resmi faaliyet g&ouml;steren &Ouml;zel &Ouml;\u011fretim Kurslar\u0131n\u0131n kapat\u0131lmas\u0131n\u0131n g&uuml;ndeme gelmesi &uuml;zerine bizler T&uuml;rkiye&rsquo;deki &ldquo;&Ouml;zel &Ouml;\u011fretim Kurslar\u0131 Platformu&rsquo;&rsquo; olarak, hi&ccedil;bir derne\u011fe, ideolojiye ve &nbsp;siyasi d&uuml;\u015f&uuml;nceye ba\u011fl\u0131 olmaks\u0131z\u0131n toplum ve bireyleri bu konuda detayl\u0131 olarak bilgilendirmek amac\u0131yla a\u015fa\u011f\u0131daki a&ccedil;\u0131klaman\u0131n yap\u0131lmas\u0131na ihtiya&ccedil; duyduk. &nbsp; &Ouml;ZEL &Ouml;\u011eRET\u0130M KURSLARIMIZ e\u011fitim sistemimizin bir ihtiyac\u0131 olup, Milli E\u011fitim Bakanl\u0131\u011f\u0131&rsquo;n\u0131n izni &hellip;<\/p>\n","protected":false},"author":1,"featured_media":16256,"comment_status":"open","ping_status":"open","sticky":false,"template":"","format":"standard","meta":{"footnotes":""},"categories":[1],"tags":[14877,14878],"class_list":["post-16254","post","type-post","status-publish","format-standard","has-post-thumbnail","hentry","category-genel","tag-dersanelerimizi","tag-kapatmayin"],"amp_enabled":true,"_links":{"self":[{"href":"https:\/\/adanaseshaber.com.tr\/index.php?rest_route=\/wp\/v2\/posts\/16254","targetHints":{"allow":["GET"]}}],"collection":[{"href":"https:\/\/adanaseshaber.com.tr\/index.php?rest_route=\/wp\/v2\/posts"}],"about":[{"href":"https:\/\/adanaseshaber.com.tr\/index.php?rest_route=\/wp\/v2\/types\/post"}],"author":[{"embeddable":true,"href":"https:\/\/adanaseshaber.com.tr\/index.php?rest_route=\/wp\/v2\/users\/1"}],"replies":[{"embeddable":true,"href":"https:\/\/adanaseshaber.com.tr\/index.php?rest_route=%2Fwp%2Fv2%2Fcomments&post=16254"}],"version-history":[{"count":0,"href":"https:\/\/adanaseshaber.com.tr\/index.php?rest_route=\/wp\/v2\/posts\/16254\/revisions"}],"wp:featuredmedia":[{"embeddable":true,"href":"https:\/\/adanaseshaber.com.tr\/index.php?rest_route=\/wp\/v2\/media\/16256"}],"wp:attachment":[{"href":"https:\/\/adanaseshaber.com.tr\/index.php?rest_route=%2Fwp%2Fv2%2Fmedia&parent=16254"}],"wp:term":[{"taxonomy":"category","embeddable":true,"href":"https:\/\/adanaseshaber.com.tr\/index.php?rest_route=%2Fwp%2Fv2%2Fcategories&post=16254"},{"taxonomy":"post_tag","embeddable":true,"href":"https:\/\/adanaseshaber.com.tr\/index.php?rest_route=%2Fwp%2Fv2%2Ftags&post=16254"}],"curies":[{"name":"wp","href":"https:\/\/api.w.org\/{rel}","templated":true}]}}