{"id":28805,"date":"2022-07-25T13:02:48","date_gmt":"2022-07-25T10:02:48","guid":{"rendered":"https:\/\/www.adanaseshaber.com\/?p=28805"},"modified":"2022-07-25T13:42:23","modified_gmt":"2022-07-25T10:42:23","slug":"kim-min-jaenin-italyaya-gidecegi-tarih-belli-oldu","status":"publish","type":"post","link":"https:\/\/adanaseshaber.com.tr\/?p=28805","title":{"rendered":"Kim Min Jae&#8217;nin \u0130talya&#8217;ya gidece\u011fi tarih belli oldu"},"content":{"rendered":"<p>Fenerbah\u00e7e\u2019de yeni sezon \u00f6ncesi yaprak d\u00f6k\u00fcm\u00fc devam ediyor. Yeni sezona bomba gibi girmek isteyn ve \u015fampiyonluk iddias\u0131n\u0131 bu sezon da s\u00fcrd\u00fcren sar\u0131-lacivertli kul\u00fcp ayr\u0131l\u0131k haberleriyle spor man\u015fetlerindeki yerini almaya devam ediyor. Yeni teknik direkt\u00f6r Jorge Jesus ile yepyeni bir ba\u015flang\u0131\u00e7 yapan Fenerbah\u00e7e\u2019de yeni sezon transferlerinin yan\u0131 s\u0131ra tak\u0131mda ya\u015fanan ayr\u0131l\u0131klar da \u00e7ok konu\u015fuldu. Fenerbah\u00e7e\u2019de yeni sezon \u00f6ncesi en \u00e7ok \u015fa\u015f\u0131rtan ayr\u0131l\u0131k hi\u00e7 ku\u015fkusuz ba\u015far\u0131l\u0131 savunmac\u0131 Kim Min Jae oldu. \u0130talya\u2019ya gidece\u011fi kesinle\u015fen Kim Min Jae\u2019nin vedas\u0131 taraftarlar\u0131 bir hayli \u00fczd\u00fc. Ba\u015far\u0131l\u0131 bir sezonu geride b\u0131rakan ve Fenerbah\u00e7eli taraftarlar\u0131 umutland\u0131ran G\u00fcney Koreli futbolcunun yeni tak\u0131m\u0131na gidece\u011fi tarih de belli oldu.<\/p>\n<p><strong>Kim Min Jae Veda Ediyor<\/strong><\/p>\n<p>Fenerbah\u00e7e taraftar\u0131n\u0131n g\u00f6nl\u00fcnde taht kuran G\u00fcney Koreli futbolcu Kim Min Jae tak\u0131mdan ayr\u0131l\u0131yor. \u00c7ok ba\u015far\u0131l\u0131 bir sezonu geride b\u0131rakan ve taraftar\u0131n sevgilisi haline gelen ba\u015far\u0131l\u0131 savunmac\u0131 ayr\u0131l\u0131k haberiyle sar\u0131-lacivertli taraftar\u0131 bir hayli \u00fczm\u00fc\u015ft\u00fc. Fenerbah\u00e7e\u2019de yeni sezon \u00f6ncesi taraftar\u0131 y\u0131kan ayr\u0131l\u0131k haberinin ard\u0131ndan Kim Min Jae\u2019nin tak\u0131mdan ayr\u0131laca\u011f\u0131 tarih merak edilmeye ba\u015fland\u0131. \u0130talya\u2019ya transfer olan 25 ya\u015f\u0131ndaki savunma oyuncusunun Sal\u0131 veya \u00c7ar\u015famba g\u00fcn\u00fc Napoli i\u00e7in sa\u011fl\u0131k kontrollerinden ge\u00e7mek \u00fczere \u0130talya\u2019ya gidece\u011fi \u00f6\u011frenildi.<\/p>\n<p><img loading=\"lazy\" decoding=\"async\" class=\"aligncenter wp-image-28811 size-full\" src=\"https:\/\/adanaseshaber.com.tr\/wp-content\/uploads\/2022\/07\/kim-min-jaenin-italyaya-gidecegi-tarih-belli-oldu-1.jpg\" alt=\"\" width=\"1280\" height=\"720\" srcset=\"https:\/\/adanaseshaber.com.tr\/wp-content\/uploads\/2022\/07\/kim-min-jaenin-italyaya-gidecegi-tarih-belli-oldu-1.jpg 1280w, https:\/\/adanaseshaber.com.tr\/wp-content\/uploads\/2022\/07\/kim-min-jaenin-italyaya-gidecegi-tarih-belli-oldu-1-300x169.jpg 300w, https:\/\/adanaseshaber.com.tr\/wp-content\/uploads\/2022\/07\/kim-min-jaenin-italyaya-gidecegi-tarih-belli-oldu-1-1024x576.jpg 1024w, https:\/\/adanaseshaber.com.tr\/wp-content\/uploads\/2022\/07\/kim-min-jaenin-italyaya-gidecegi-tarih-belli-oldu-1-768x432.jpg 768w, https:\/\/adanaseshaber.com.tr\/wp-content\/uploads\/2022\/07\/kim-min-jaenin-italyaya-gidecegi-tarih-belli-oldu-1-390x220.jpg 390w\" sizes=\"auto, (max-width: 1280px) 100vw, 1280px\" \/><\/p>\n<p><strong>20 Milyon Euro Bonservis Bedeli<\/strong><\/p>\n<p>Kim Min Jae, Napoli i\u00e7in sa\u011fl\u0131k kontrollerinden ge\u00e7mek \u00fczere Sal\u0131 veya \u00c7ar\u015famba g\u00fcn\u00fc \u0130talya\u2019ya gidecek. Napoli\u2019nin transfer etti\u011fi gen\u00e7 savunma oyuncusu Kim Min Jae i\u00e7in Fenerbah\u00e7e\u2019ye 20 milyon Euro bonservis bedeli \u00f6demesi bekleniyor. \u00d6te yandan Napoli Ba\u015fkan\u0131 Aurelio De Laurentiis ise daha \u00f6nceki a\u00e7\u0131klamas\u0131nda, \u2018Kim Min Jae transferini yak\u0131nda tamamlamay\u0131 umuyoruz. G\u00fcney Koreli bir futbolcu ile s\u00f6zle\u015fme imzalamay\u0131 \u00e7ok isterim.\u2019 demi\u015fti.<\/p>\n","protected":false},"excerpt":{"rendered":"<p>Fenerbah\u00e7e\u2019de yeni sezon \u00f6ncesi yaprak d\u00f6k\u00fcm\u00fc devam ediyor. Yeni sezona bomba gibi girmek isteyn ve \u015fampiyonluk iddias\u0131n\u0131 bu sezon da s\u00fcrd\u00fcren sar\u0131-lacivertli kul\u00fcp ayr\u0131l\u0131k haberleriyle spor man\u015fetlerindeki yerini almaya devam ediyor. Yeni teknik direkt\u00f6r Jorge Jesus ile yepyeni bir ba\u015flang\u0131\u00e7 yapan Fenerbah\u00e7e\u2019de yeni sezon transferlerinin yan\u0131 s\u0131ra tak\u0131mda ya\u015fanan ayr\u0131l\u0131klar da \u00e7ok konu\u015fuldu. Fenerbah\u00e7e\u2019de yeni &hellip;<\/p>\n","protected":false},"author":6,"featured_media":28808,"comment_status":"closed","ping_status":"closed","sticky":false,"template":"","format":"standard","meta":{"footnotes":""},"categories":[5],"tags":[],"class_list":["post-28805","post","type-post","status-publish","format-standard","has-post-thumbnail","hentry","category-spor"],"amp_enabled":true,"_links":{"self":[{"href":"https:\/\/adanaseshaber.com.tr\/index.php?rest_route=\/wp\/v2\/posts\/28805","targetHints":{"allow":["GET"]}}],"collection":[{"href":"https:\/\/adanaseshaber.com.tr\/index.php?rest_route=\/wp\/v2\/posts"}],"about":[{"href":"https:\/\/adanaseshaber.com.tr\/index.php?rest_route=\/wp\/v2\/types\/post"}],"author":[{"embeddable":true,"href":"https:\/\/adanaseshaber.com.tr\/index.php?rest_route=\/wp\/v2\/users\/6"}],"replies":[{"embeddable":true,"href":"https:\/\/adanaseshaber.com.tr\/index.php?rest_route=%2Fwp%2Fv2%2Fcomments&post=28805"}],"version-history":[{"count":4,"href":"https:\/\/adanaseshaber.com.tr\/index.php?rest_route=\/wp\/v2\/posts\/28805\/revisions"}],"predecessor-version":[{"id":28857,"href":"https:\/\/adanaseshaber.com.tr\/index.php?rest_route=\/wp\/v2\/posts\/28805\/revisions\/28857"}],"wp:featuredmedia":[{"embeddable":true,"href":"https:\/\/adanaseshaber.com.tr\/index.php?rest_route=\/wp\/v2\/media\/28808"}],"wp:attachment":[{"href":"https:\/\/adanaseshaber.com.tr\/index.php?rest_route=%2Fwp%2Fv2%2Fmedia&parent=28805"}],"wp:term":[{"taxonomy":"category","embeddable":true,"href":"https:\/\/adanaseshaber.com.tr\/index.php?rest_route=%2Fwp%2Fv2%2Fcategories&post=28805"},{"taxonomy":"post_tag","embeddable":true,"href":"https:\/\/adanaseshaber.com.tr\/index.php?rest_route=%2Fwp%2Fv2%2Ftags&post=28805"}],"curies":[{"name":"wp","href":"https:\/\/api.w.org\/{rel}","templated":true}]}}