{"id":28872,"date":"2022-07-25T14:16:01","date_gmt":"2022-07-25T11:16:01","guid":{"rendered":"https:\/\/www.adanaseshaber.com\/?p=28872"},"modified":"2022-07-25T14:16:08","modified_gmt":"2022-07-25T11:16:08","slug":"bilim-insanlari-tarafindan-yeni-kesfedilen-canli-turune-zelenskinin-adi-verildi","status":"publish","type":"post","link":"https:\/\/adanaseshaber.com.tr\/?p=28872","title":{"rendered":"Bilim insanlar\u0131 taraf\u0131ndan yeni ke\u015ffedilen canl\u0131 t\u00fcr\u00fcne Zelenski\u2019nin ad\u0131 verildi"},"content":{"rendered":"<p>Afrika\u2019da yeni ke\u015ffedilen deniz omurgas\u0131z\u0131 t\u00fcr\u00fc canl\u0131ya Ukrayna Devlet Ba\u015fkan\u0131 Vladimir Zelenski\u2019nin ad\u0131 verildi. G\u00fcndem olan bu olayla ilgili \u00e7ok say\u0131da yorum gelirken bilim insanlar\u0131n\u0131n bu ad\u0131 tercih etmelerindeki detay ise \u00e7ok konu\u015fuldu. Rusya-Ukrayna aras\u0131nda aylard\u0131r s\u00fcren sava\u015fta Zelenski\u2019nin Ukrayna\u2019y\u0131 savunmadaki cesareti ve yi\u011fitli\u011fi sebebiyle bu ismin tercih edildi\u011fi aktar\u0131ld\u0131. Bilim insanlar\u0131 taraf\u0131ndan yeni ke\u015ffedilen deniz omurgas\u0131z\u0131 t\u00fcr\u00fc canl\u0131ya verilen isim \u00e7ok konu\u015fuldu. Yeni ke\u015ffedilen canl\u0131 t\u00fcr\u00fcne Ukrayna Devlet Ba\u015fkan\u0131 Zelenski\u2019nin ad\u0131 verildi. Rusya-Ukrayna sava\u015f\u0131ndaki duru\u015fuyla t\u00fcm d\u00fcnyan\u0131n konu\u015ftu\u011fu Zelenski\u2019nin ad\u0131n\u0131n tercih edilmesinin sebebi de kendisinin cesareti ve yi\u011fitli\u011fi olarak a\u00e7\u0131kland\u0131.<\/p>\n<p><strong>Yeni Bir Canl\u0131 T\u00fcr\u00fc Ke\u015ffedildi<\/strong><\/p>\n<p>Bilim insanlar\u0131, Afrika\u2019da yeni bir canl\u0131 t\u00fcr\u00fc ke\u015ffetti. Afrika2da ke\u015ffedilen deniz omurgas\u0131z\u0131 t\u00fcr\u00fc canl\u0131n\u0131n deniz dibini kavramak i\u00e7in 10 uzun kolu ve keskin dokuna\u00e7 benzeri pen\u00e7eleri oldu\u011fu aktar\u0131ld\u0131.<\/p>\n<p><strong>Zelenski\u2019nin \u0130smi Verildi<\/strong><\/p>\n<p>Bilim insanlar\u0131, yeni ke\u015ffettikleri canl\u0131 t\u00fcr\u00fcne Ukrayna Devlet Ba\u015fkan\u0131 Vladimir Zelenski\u2019nin ad\u0131n\u0131 verdi. Zelenski\u2019nin \u00f6zg\u00fcr Ukrayna\u2019y\u0131 savunmadaki cesareti ve yi\u011fitli\u011fi sebebiyle bu ad\u0131n tercih edildi\u011fi belirtildi. Deniz y\u0131ld\u0131zlar\u0131 ve deniz kestanesi ile yak\u0131ndan ili\u015fkili olan \u2018Ausichicrinites Zelenskyyi\u2019 fosilinin Afrika k\u0131tas\u0131nda ke\u015ffedilen ilk jura t\u00fcyl\u00fc y\u0131ld\u0131z\u0131 oldu\u011fu a\u00e7\u0131kland\u0131.<\/p>\n<p><img loading=\"lazy\" decoding=\"async\" class=\"aligncenter wp-image-28874 size-full\" src=\"https:\/\/adanaseshaber.com.tr\/wp-content\/uploads\/2022\/07\/bilim-insanlari-tarafindan-yeni-kesfedilen-canli-turune-zelenskinin-adi-verildi-1.jpg\" alt=\"\" width=\"1280\" height=\"720\" srcset=\"https:\/\/adanaseshaber.com.tr\/wp-content\/uploads\/2022\/07\/bilim-insanlari-tarafindan-yeni-kesfedilen-canli-turune-zelenskinin-adi-verildi-1.jpg 1280w, https:\/\/adanaseshaber.com.tr\/wp-content\/uploads\/2022\/07\/bilim-insanlari-tarafindan-yeni-kesfedilen-canli-turune-zelenskinin-adi-verildi-1-300x169.jpg 300w, https:\/\/adanaseshaber.com.tr\/wp-content\/uploads\/2022\/07\/bilim-insanlari-tarafindan-yeni-kesfedilen-canli-turune-zelenskinin-adi-verildi-1-1024x576.jpg 1024w, https:\/\/adanaseshaber.com.tr\/wp-content\/uploads\/2022\/07\/bilim-insanlari-tarafindan-yeni-kesfedilen-canli-turune-zelenskinin-adi-verildi-1-768x432.jpg 768w, https:\/\/adanaseshaber.com.tr\/wp-content\/uploads\/2022\/07\/bilim-insanlari-tarafindan-yeni-kesfedilen-canli-turune-zelenskinin-adi-verildi-1-390x220.jpg 390w\" sizes=\"auto, (max-width: 1280px) 100vw, 1280px\" \/><\/p>\n<p><strong>\u2018Vladimir Zelenski\u2019nin Onuruna Verildi\u2019<\/strong><\/p>\n<p>Afrika\u2019da ke\u015ffedilen bu canl\u0131 t\u00fcr\u00fcne Ukrayna Devlet Ba\u015fkan\u0131 Zelenski\u2019nin isminin verilmesi ise dikkat \u00e7ekti. Ara\u015ft\u0131rmac\u0131lar, neden Ausichicrinites Zelenskyyi ad\u0131n\u0131 tercih ettiklerini de a\u00e7\u0131klad\u0131. Bilim insanlar\u0131, \u2018Bu isim \u00f6zg\u00fcr Ukrayna\u2019y\u0131 savunmadaki cesareti ve yi\u011fitli\u011fi nedeniyle Vladimir Zelenski\u2019nin onuruna verildi\u2019 ifadelerini kulland\u0131.<\/p>\n","protected":false},"excerpt":{"rendered":"<p>Afrika\u2019da yeni ke\u015ffedilen deniz omurgas\u0131z\u0131 t\u00fcr\u00fc canl\u0131ya Ukrayna Devlet Ba\u015fkan\u0131 Vladimir Zelenski\u2019nin ad\u0131 verildi. G\u00fcndem olan bu olayla ilgili \u00e7ok say\u0131da yorum gelirken bilim insanlar\u0131n\u0131n bu ad\u0131 tercih etmelerindeki detay ise \u00e7ok konu\u015fuldu. Rusya-Ukrayna aras\u0131nda aylard\u0131r s\u00fcren sava\u015fta Zelenski\u2019nin Ukrayna\u2019y\u0131 savunmadaki cesareti ve yi\u011fitli\u011fi sebebiyle bu ismin tercih edildi\u011fi aktar\u0131ld\u0131. Bilim insanlar\u0131 taraf\u0131ndan yeni ke\u015ffedilen &hellip;<\/p>\n","protected":false},"author":6,"featured_media":28873,"comment_status":"closed","ping_status":"closed","sticky":false,"template":"","format":"standard","meta":{"footnotes":""},"categories":[1],"tags":[],"class_list":["post-28872","post","type-post","status-publish","format-standard","has-post-thumbnail","hentry","category-genel"],"amp_enabled":true,"_links":{"self":[{"href":"https:\/\/adanaseshaber.com.tr\/index.php?rest_route=\/wp\/v2\/posts\/28872","targetHints":{"allow":["GET"]}}],"collection":[{"href":"https:\/\/adanaseshaber.com.tr\/index.php?rest_route=\/wp\/v2\/posts"}],"about":[{"href":"https:\/\/adanaseshaber.com.tr\/index.php?rest_route=\/wp\/v2\/types\/post"}],"author":[{"embeddable":true,"href":"https:\/\/adanaseshaber.com.tr\/index.php?rest_route=\/wp\/v2\/users\/6"}],"replies":[{"embeddable":true,"href":"https:\/\/adanaseshaber.com.tr\/index.php?rest_route=%2Fwp%2Fv2%2Fcomments&post=28872"}],"version-history":[{"count":1,"href":"https:\/\/adanaseshaber.com.tr\/index.php?rest_route=\/wp\/v2\/posts\/28872\/revisions"}],"predecessor-version":[{"id":28876,"href":"https:\/\/adanaseshaber.com.tr\/index.php?rest_route=\/wp\/v2\/posts\/28872\/revisions\/28876"}],"wp:featuredmedia":[{"embeddable":true,"href":"https:\/\/adanaseshaber.com.tr\/index.php?rest_route=\/wp\/v2\/media\/28873"}],"wp:attachment":[{"href":"https:\/\/adanaseshaber.com.tr\/index.php?rest_route=%2Fwp%2Fv2%2Fmedia&parent=28872"}],"wp:term":[{"taxonomy":"category","embeddable":true,"href":"https:\/\/adanaseshaber.com.tr\/index.php?rest_route=%2Fwp%2Fv2%2Fcategories&post=28872"},{"taxonomy":"post_tag","embeddable":true,"href":"https:\/\/adanaseshaber.com.tr\/index.php?rest_route=%2Fwp%2Fv2%2Ftags&post=28872"}],"curies":[{"name":"wp","href":"https:\/\/api.w.org\/{rel}","templated":true}]}}