{"id":28883,"date":"2022-07-25T14:24:34","date_gmt":"2022-07-25T11:24:34","guid":{"rendered":"https:\/\/www.adanaseshaber.com\/?p=28883"},"modified":"2022-07-25T14:33:44","modified_gmt":"2022-07-25T11:33:44","slug":"bursada-cop-evde-kilitli-tutulan-cocuk-icin-bakanlik-harekete-gecti","status":"publish","type":"post","link":"https:\/\/adanaseshaber.com.tr\/?p=28883","title":{"rendered":"Bursa\u2019da \u00e7\u00f6p evde kilitli tutulan \u00e7ocuk i\u00e7in Bakanl\u0131k harekete ge\u00e7ti"},"content":{"rendered":"<p>Bursa\u2019da ev shaibi ve kirac\u0131 aras\u0131ndaki kira borcu meselesi \u00fczerine eve giden icra sonucunda ortaya \u00e7\u0131kan ve t\u00fcm T\u00fcrkiye\u2019nin g\u00fcndemine oturan \u00e7\u00f6p evde esir tutulan 9 ya\u015f\u0131ndaki \u00e7ocukla ilgili Aile ve Sosyal Politikalar Bakanl\u0131\u011f\u0131 harekete ge\u00e7ti. Eve giden ekipler taraf\u0131ndan kap\u0131s\u0131 kilitli olan bir odada bayg\u0131n halde bulunan Muhammed A., Bakanl\u0131k taraf\u0131ndan koruma alt\u0131na al\u0131nd\u0131. T\u00fcrkiye\u2019nin konu\u015ftu\u011fu \u00e7\u00f6p evle ilgili yeni geli\u015fmeler ya\u015fan\u0131yor. \u00c7\u00f6p evde bayg\u0131n halde bulunan ve hali g\u00f6renlerin i\u00e7ini par\u00e7alayan 9 ya\u015f\u0131ndaki Muhammed A., hastanedeki tedavisinin ard\u0131ndan Aile ve Sosyal Politikalar Bakanl\u0131\u011f\u0131 taraf\u0131ndan koruma alt\u0131na al\u0131nd\u0131. Muhammed A. ile birlikte Kamuran A.\u2019n\u0131n kendi \u00e7ocu\u011funun da Bakanl\u0131k taraf\u0131ndan korumaya al\u0131nd\u0131\u011f\u0131 bilgisi payla\u015f\u0131ld\u0131. G\u00f6zalt\u0131na al\u0131nan Kamuran A. ise adliyeye sevk edildi.<\/p>\n<p><b>Bakanl\u0131k Harekete Ge\u00e7ti<\/b><\/p>\n<p>Bursa&#8217;da \u00e7\u00f6p evde yakla\u015f\u0131k bir y\u0131ld\u0131r kilitli tutulan ve a\u00e7l\u0131ktan bir deri bir kemik kalan k\u00fc\u00e7\u00fck \u00e7ocukla ilgili yeni geli\u015fmeler aktar\u0131ld\u0131. 9 ya\u015f\u0131ndaki Muhammed A.&#8217;nin teyzesi Kamuran A. taraf\u0131ndan yakla\u015f\u0131k bir y\u0131ld\u0131r kilitli tutuldu\u011fu odadan kurtar\u0131lmas\u0131n\u0131n ard\u0131ndan teyze g\u00f6zalt\u0131na al\u0131nd\u0131. Olayla ilgili harekete ge\u00e7en Aile ve Sosyal Politikalar Bakanl\u0131\u011f\u0131 ise Kamuran A.&#8217;n\u0131n kendi \u00e7ocu\u011fu ve kilitli tuttu\u011fu ye\u011feni Muhammed A.&#8217;y\u0131 koruma alt\u0131na ald\u0131.<\/p>\n<p><strong>Annesi Kay\u0131p \u0130lan\u0131 Vermi\u015f<\/strong><\/p>\n<p>Teyzesi taraf\u0131ndan bir odada kilitli tutulan Muhammed A.&#8217;n\u0131n annesi ile ilgili de detaylar ortaya \u00e7\u0131kt\u0131. K\u00fc\u00e7\u00fck \u00e7ocu\u011fun velayetinin e\u015finden bo\u015fanan anne Yasemin A.&#8217;ya verildi\u011fi, anne Yasemin A.&#8217;n\u0131n \u00e7al\u0131\u015fmak i\u00e7in Antalya&#8217;ya gitti\u011finde \u00e7ocu\u011funu anneanneye b\u0131rakt\u0131\u011f\u0131 \u00f6\u011frenildi. Anneannenin vefat etmesinin ard\u0131ndan evde teyzesi ile kalan Muhammed A.&#8217;dan bir s\u00fcre sonra haber alamayan Yasemin A., 2020 y\u0131l\u0131nda \u00e7ocu\u011fu i\u00e7in kay\u0131p ilan\u0131 verdi.<\/p>\n<p><img loading=\"lazy\" decoding=\"async\" class=\"aligncenter wp-image-28889 size-full\" src=\"https:\/\/adanaseshaber.com.tr\/wp-content\/uploads\/2022\/07\/bursada-cop-evde-kilitli-tutulan-cocuk-icin-bakanlik-harekete-gecti-1.jpg\" alt=\"\" width=\"1280\" height=\"720\" srcset=\"https:\/\/adanaseshaber.com.tr\/wp-content\/uploads\/2022\/07\/bursada-cop-evde-kilitli-tutulan-cocuk-icin-bakanlik-harekete-gecti-1.jpg 1280w, https:\/\/adanaseshaber.com.tr\/wp-content\/uploads\/2022\/07\/bursada-cop-evde-kilitli-tutulan-cocuk-icin-bakanlik-harekete-gecti-1-300x169.jpg 300w, https:\/\/adanaseshaber.com.tr\/wp-content\/uploads\/2022\/07\/bursada-cop-evde-kilitli-tutulan-cocuk-icin-bakanlik-harekete-gecti-1-1024x576.jpg 1024w, https:\/\/adanaseshaber.com.tr\/wp-content\/uploads\/2022\/07\/bursada-cop-evde-kilitli-tutulan-cocuk-icin-bakanlik-harekete-gecti-1-768x432.jpg 768w, https:\/\/adanaseshaber.com.tr\/wp-content\/uploads\/2022\/07\/bursada-cop-evde-kilitli-tutulan-cocuk-icin-bakanlik-harekete-gecti-1-390x220.jpg 390w\" sizes=\"auto, (max-width: 1280px) 100vw, 1280px\" \/><\/p>\n<p><strong>\u0130fadesi Ortaya \u00c7\u0131kt\u0131<\/strong><\/p>\n<p>Ye\u011fenini yakla\u015f\u0131k bir y\u0131l boyunca bir odada kilitli tutan teyze Kamuran A.&#8217;n\u0131n emniyetteki ifadesi ortaya \u00e7\u0131kt\u0131. \u0130fadesinde, ye\u011feni Muhammed A.&#8217;ya 18 ayl\u0131ktan bu yana annesi ile birlikte bakt\u0131klar\u0131n\u0131 s\u00f6yleyen Kamuran A., &#8216;Annem 2020 y\u0131l\u0131nda \u00f6ld\u00fckten sonra ben bakmaya ba\u015flad\u0131m. Karde\u015fim Yasemin A., annemin vefat\u0131ndan sonra \u00e7ocu\u011funu al\u0131koydu\u011fuma dair \u015fikayette bulundu. Cem de bunu duyunca bizimle irtibat\u0131 kesti. Yemek yemiyor, temizli\u011fi kabul etmiyordu. Son 4 ayda bu hale geldi. Ben de etrafa zarar vermesin ve ka\u00e7mas\u0131n diye kap\u0131y\u0131 kilitledim.&#8217; dedi.<\/p>\n","protected":false},"excerpt":{"rendered":"<p>Bursa\u2019da ev shaibi ve kirac\u0131 aras\u0131ndaki kira borcu meselesi \u00fczerine eve giden icra sonucunda ortaya \u00e7\u0131kan ve t\u00fcm T\u00fcrkiye\u2019nin g\u00fcndemine oturan \u00e7\u00f6p evde esir tutulan 9 ya\u015f\u0131ndaki \u00e7ocukla ilgili Aile ve Sosyal Politikalar Bakanl\u0131\u011f\u0131 harekete ge\u00e7ti. Eve giden ekipler taraf\u0131ndan kap\u0131s\u0131 kilitli olan bir odada bayg\u0131n halde bulunan Muhammed A., Bakanl\u0131k taraf\u0131ndan koruma alt\u0131na al\u0131nd\u0131. &hellip;<\/p>\n","protected":false},"author":6,"featured_media":28884,"comment_status":"closed","ping_status":"closed","sticky":false,"template":"","format":"standard","meta":{"footnotes":""},"categories":[1],"tags":[],"class_list":["post-28883","post","type-post","status-publish","format-standard","has-post-thumbnail","hentry","category-genel"],"amp_enabled":true,"_links":{"self":[{"href":"https:\/\/adanaseshaber.com.tr\/index.php?rest_route=\/wp\/v2\/posts\/28883","targetHints":{"allow":["GET"]}}],"collection":[{"href":"https:\/\/adanaseshaber.com.tr\/index.php?rest_route=\/wp\/v2\/posts"}],"about":[{"href":"https:\/\/adanaseshaber.com.tr\/index.php?rest_route=\/wp\/v2\/types\/post"}],"author":[{"embeddable":true,"href":"https:\/\/adanaseshaber.com.tr\/index.php?rest_route=\/wp\/v2\/users\/6"}],"replies":[{"embeddable":true,"href":"https:\/\/adanaseshaber.com.tr\/index.php?rest_route=%2Fwp%2Fv2%2Fcomments&post=28883"}],"version-history":[{"count":4,"href":"https:\/\/adanaseshaber.com.tr\/index.php?rest_route=\/wp\/v2\/posts\/28883\/revisions"}],"predecessor-version":[{"id":28890,"href":"https:\/\/adanaseshaber.com.tr\/index.php?rest_route=\/wp\/v2\/posts\/28883\/revisions\/28890"}],"wp:featuredmedia":[{"embeddable":true,"href":"https:\/\/adanaseshaber.com.tr\/index.php?rest_route=\/wp\/v2\/media\/28884"}],"wp:attachment":[{"href":"https:\/\/adanaseshaber.com.tr\/index.php?rest_route=%2Fwp%2Fv2%2Fmedia&parent=28883"}],"wp:term":[{"taxonomy":"category","embeddable":true,"href":"https:\/\/adanaseshaber.com.tr\/index.php?rest_route=%2Fwp%2Fv2%2Fcategories&post=28883"},{"taxonomy":"post_tag","embeddable":true,"href":"https:\/\/adanaseshaber.com.tr\/index.php?rest_route=%2Fwp%2Fv2%2Ftags&post=28883"}],"curies":[{"name":"wp","href":"https:\/\/api.w.org\/{rel}","templated":true}]}}