{"id":28899,"date":"2022-07-25T14:52:13","date_gmt":"2022-07-25T11:52:13","guid":{"rendered":"https:\/\/www.adanaseshaber.com\/?p=28899"},"modified":"2022-07-25T14:53:56","modified_gmt":"2022-07-25T11:53:56","slug":"lise-nakil-basvuru-tarihleri-2022","status":"publish","type":"post","link":"https:\/\/adanaseshaber.com.tr\/?p=28899","title":{"rendered":"Lise nakil ba\u015fvuru tarihleri 2022"},"content":{"rendered":"<p>LGS tercih sonu\u00e7lar\u0131n\u0131n a\u00e7\u0131klanmas\u0131n\u0131n ard\u0131ndan konuyla ilgili ara\u015ft\u0131rmalar da h\u0131zland\u0131. 2022 lise yerle\u015ftirme sonu\u00e7lar\u0131n\u0131n a\u00e7\u0131klanmas\u0131yla birlikte sistemde yo\u011funluk ya\u015fand\u0131. Tercih sonu\u00e7lar\u0131n\u0131n a\u00e7\u0131kland\u0131\u011f\u0131n\u0131 duyuran Milli E\u011fitim Bakan\u0131 Mahmut \u00d6zer, nakil ba\u015fvurular\u0131 ile ilgili de detayl\u0131 bilgilere yer verdi. LGS tercih sonu\u00e7lar\u0131n\u0131n a\u00e7\u0131klanmas\u0131n\u0131n ard\u0131ndan lise nakil i\u015flemleri ve ba\u015fvuru tarihleri ile ilgili yo\u011fun bir ara\u015ft\u0131rma ba\u015flad\u0131. Milli E\u011fitim Bakan\u0131 Mahmut \u00d6zer, ilk yerle\u015ftirmede yerle\u015femeyen veya yerle\u015fti\u011fi okulu de\u011fi\u015ftirmek isteyen \u00f6\u011frenciler i\u00e7in yerle\u015ftirme s\u00fcrecinin devam etti\u011fini s\u00f6yledi ve s\u00fcre\u00e7le ilgili detayl\u0131 bilgilere yer verdi. \u0130\u015fte lise nakil ba\u015fvuru tarihleri ve nakil i\u015flemleri ile ilgili t\u00fcm merak edilenler\u2026<\/p>\n<p><strong>Nakil Ba\u015fvurular\u0131 Ba\u015flad\u0131<\/strong><\/p>\n<p>Milli E\u011fitim Bakan\u0131 Mahmut \u00d6zer, ilk yerle\u015ftirmede yerle\u015femeyen \u00f6\u011frenciler ile yerle\u015fti\u011fi okulu de\u011fi\u015ftirmek isteyen \u00f6\u011frenciler i\u00e7in yerle\u015ftirme s\u00fcrecinin devam etti\u011fini duyurdu. LGS kapsam\u0131nda yerle\u015ftirmeye esas birinci nakil ba\u015fvurular\u0131n\u0131n ba\u015flad\u0131\u011f\u0131n\u0131 duyuran Bakan \u00d6zer, 25-29 Temmuz 2022 tarihleri aras\u0131nda yerle\u015ftirmeye esas 1. nakil tercih d\u00f6nemi olaca\u011f\u0131n\u0131 bildirdi. Yerle\u015ftirmeye esas birinci nakil sonu\u00e7lar\u0131n\u0131n ise 1 A\u011fustos 2022 tarihinde a\u00e7\u0131klanaca\u011f\u0131n\u0131 s\u00f6yledi. Yerle\u015ftirmeye esas 2. nakil tercih ba\u015fvurular\u0131 hakk\u0131nda a\u00e7\u0131klamalara da yer veren Bakan \u00d6zer, s\u00f6z konusu ba\u015fvurular\u0131n 1-5 A\u011fustos 2022 tarihleri aras\u0131nda yap\u0131laca\u011f\u0131n\u0131 duyurdu. 2. nakil tercih ba\u015fvuru sonu\u00e7lar\u0131n\u0131n ise 8 A\u011fustos tarihinde a\u00e7\u0131klanaca\u011f\u0131n\u0131n bilgisini payla\u015ft\u0131. Bu kapsamda merkezi y\u00fcr\u00fct\u00fclen ana yerle\u015ftirme s\u00fcrecinin 8 A\u011fustos 2022 tarihinde tamamlanaca\u011f\u0131n\u0131 aktaran Milli E\u011fitim Bakan\u0131, hi\u00e7bir okula yerle\u015femeyen \u00f6\u011frencilerin ise il\/il\u00e7e \u00f6\u011frenci yerle\u015ftirme ve nakil komisyonlar\u0131 taraf\u0131ndan yerle\u015ftirme ba\u015fvurular\u0131n\u0131n al\u0131naca\u011f\u0131n\u0131 ve 19 A\u011fustos 2022 tarihinde t\u00fcm yerle\u015ftirme s\u00fcrecinin tamamlanaca\u011f\u0131n\u0131 ifade etti.<\/p>\n<p><img loading=\"lazy\" decoding=\"async\" class=\"aligncenter wp-image-28904 size-full\" src=\"https:\/\/adanaseshaber.com.tr\/wp-content\/uploads\/2022\/07\/lise-nakil-basvuru-tarihleri-2022.jpeg\" alt=\"\" width=\"1280\" height=\"720\" srcset=\"https:\/\/adanaseshaber.com.tr\/wp-content\/uploads\/2022\/07\/lise-nakil-basvuru-tarihleri-2022.jpeg 1280w, https:\/\/adanaseshaber.com.tr\/wp-content\/uploads\/2022\/07\/lise-nakil-basvuru-tarihleri-2022-300x169.jpeg 300w, https:\/\/adanaseshaber.com.tr\/wp-content\/uploads\/2022\/07\/lise-nakil-basvuru-tarihleri-2022-1024x576.jpeg 1024w, https:\/\/adanaseshaber.com.tr\/wp-content\/uploads\/2022\/07\/lise-nakil-basvuru-tarihleri-2022-768x432.jpeg 768w, https:\/\/adanaseshaber.com.tr\/wp-content\/uploads\/2022\/07\/lise-nakil-basvuru-tarihleri-2022-390x220.jpeg 390w\" sizes=\"auto, (max-width: 1280px) 100vw, 1280px\" \/><\/p>\n<p><strong>Lise Tercih ve Nakil Tarihleri 2022<\/strong><\/p>\n<p>2022 Lise tercih ve nakil tarihleri \u015f\u00f6yle;<\/p>\n<p>&#8211; Yerle\u015ftirmeye esas 1. nakil ba\u015fvurular\u0131n\u0131n al\u0131naca\u011f\u0131 tarih: 25-29 Temmuz 2022<\/p>\n<p>&#8211; Yerle\u015ftirmeye esas 1. nakil sonu\u00e7lar\u0131n\u0131n ilan edilece\u011fi tarih: 1 A\u011fustos 2022<\/p>\n<p>&#8211; Yerle\u015ftirmeye esas 2. nakil tercih ba\u015fvurular\u0131n\u0131n al\u0131naca\u011f\u0131 tarih: 01-05 A\u011fustos 2022<\/p>\n<p>&#8211; Yerle\u015ftirmeye esas 2. Nakil sonu\u00e7lar\u0131n\u0131n ilan edilece\u011fi tarih: 8 A\u011fustos 2022<\/p>\n<p>&nbsp;<\/p>\n","protected":false},"excerpt":{"rendered":"<p>LGS tercih sonu\u00e7lar\u0131n\u0131n a\u00e7\u0131klanmas\u0131n\u0131n ard\u0131ndan konuyla ilgili ara\u015ft\u0131rmalar da h\u0131zland\u0131. 2022 lise yerle\u015ftirme sonu\u00e7lar\u0131n\u0131n a\u00e7\u0131klanmas\u0131yla birlikte sistemde yo\u011funluk ya\u015fand\u0131. Tercih sonu\u00e7lar\u0131n\u0131n a\u00e7\u0131kland\u0131\u011f\u0131n\u0131 duyuran Milli E\u011fitim Bakan\u0131 Mahmut \u00d6zer, nakil ba\u015fvurular\u0131 ile ilgili de detayl\u0131 bilgilere yer verdi. LGS tercih sonu\u00e7lar\u0131n\u0131n a\u00e7\u0131klanmas\u0131n\u0131n ard\u0131ndan lise nakil i\u015flemleri ve ba\u015fvuru tarihleri ile ilgili yo\u011fun bir ara\u015ft\u0131rma ba\u015flad\u0131. Milli &hellip;<\/p>\n","protected":false},"author":6,"featured_media":28902,"comment_status":"closed","ping_status":"closed","sticky":false,"template":"","format":"standard","meta":{"footnotes":""},"categories":[1],"tags":[],"class_list":["post-28899","post","type-post","status-publish","format-standard","has-post-thumbnail","hentry","category-genel"],"amp_enabled":true,"_links":{"self":[{"href":"https:\/\/adanaseshaber.com.tr\/index.php?rest_route=\/wp\/v2\/posts\/28899","targetHints":{"allow":["GET"]}}],"collection":[{"href":"https:\/\/adanaseshaber.com.tr\/index.php?rest_route=\/wp\/v2\/posts"}],"about":[{"href":"https:\/\/adanaseshaber.com.tr\/index.php?rest_route=\/wp\/v2\/types\/post"}],"author":[{"embeddable":true,"href":"https:\/\/adanaseshaber.com.tr\/index.php?rest_route=\/wp\/v2\/users\/6"}],"replies":[{"embeddable":true,"href":"https:\/\/adanaseshaber.com.tr\/index.php?rest_route=%2Fwp%2Fv2%2Fcomments&post=28899"}],"version-history":[{"count":2,"href":"https:\/\/adanaseshaber.com.tr\/index.php?rest_route=\/wp\/v2\/posts\/28899\/revisions"}],"predecessor-version":[{"id":28905,"href":"https:\/\/adanaseshaber.com.tr\/index.php?rest_route=\/wp\/v2\/posts\/28899\/revisions\/28905"}],"wp:featuredmedia":[{"embeddable":true,"href":"https:\/\/adanaseshaber.com.tr\/index.php?rest_route=\/wp\/v2\/media\/28902"}],"wp:attachment":[{"href":"https:\/\/adanaseshaber.com.tr\/index.php?rest_route=%2Fwp%2Fv2%2Fmedia&parent=28899"}],"wp:term":[{"taxonomy":"category","embeddable":true,"href":"https:\/\/adanaseshaber.com.tr\/index.php?rest_route=%2Fwp%2Fv2%2Fcategories&post=28899"},{"taxonomy":"post_tag","embeddable":true,"href":"https:\/\/adanaseshaber.com.tr\/index.php?rest_route=%2Fwp%2Fv2%2Ftags&post=28899"}],"curies":[{"name":"wp","href":"https:\/\/api.w.org\/{rel}","templated":true}]}}