{"id":28922,"date":"2022-07-25T16:58:38","date_gmt":"2022-07-25T13:58:38","guid":{"rendered":"https:\/\/www.adanaseshaber.com\/?p=28922"},"modified":"2022-07-25T16:59:00","modified_gmt":"2022-07-25T13:59:00","slug":"ebru-gundesin-annesi-mujgan-bilgin-son-yolculuguna-ugurlandi","status":"publish","type":"post","link":"https:\/\/adanaseshaber.com.tr\/?p=28922","title":{"rendered":"Ebru G\u00fcnde\u015f\u2019in annesi M\u00fcjgan Bilgin son yolculu\u011funa u\u011furland\u0131"},"content":{"rendered":"<p>\u00dcnl\u00fc \u015fark\u0131c\u0131 Ebru G\u00fcnde\u015f\u2019in annesi M\u00fcjgan Bilgin\u2019in vefat haberi gelmi\u015f ve anne M\u00fcjgan Bilgin\u2019in koronavir\u00fcs sebebiyle hayat\u0131n\u0131 kaybetti\u011fi \u00f6\u011frenilmi\u015fti. Uzun zamand\u0131r \u015feker, kolesterol ve tansiyon hastal\u0131klr\u0131 bulunan M\u00fcjgan Bilgin\u2019in koronavir\u00fcse yenik d\u00fc\u015ft\u00fc\u011f\u00fc ve 73 ya\u015f\u0131nda hayat\u0131n\u0131 kaybetti\u011fi a\u00e7\u0131klanm\u0131\u015ft\u0131. Annesinin \u00f6l\u00fcm\u00fcyle sars\u0131lan \u00fcnl\u00fc \u015fark\u0131c\u0131 Ebru G\u00fcnde\u015f\u2019e taziye mesajlar\u0131 gelmi\u015f ve Cumhurba\u015fkan\u0131 Recep Tayyip Erdo\u011fan\u2019\u0131n da \u00fcnl\u00fc \u015fark\u0131c\u0131ya telefon a\u00e7arak ba\u015fsa\u011fl\u0131\u011f\u0131 diledi\u011fi \u00f6\u011frenilmi\u015fti. Bug\u00fcn annesini son yolcu\u015fu\u011funa u\u011furlayan Ebru G\u00fcnde\u015f\u2019i sanat\u00e7\u0131 dostlar\u0131 yaln\u0131z b\u0131rakmad\u0131. Cenazeye Sinan Ak\u00e7\u0131l, Mustafa Ceceli ve Hamdi Alkan gibi \u00fcnl\u00fc isimler de kat\u0131ld\u0131.<\/p>\n<p><strong>Ebru G\u00fcnde\u015f\u2019in Annesi Son Yolculu\u011funa U\u011furland\u0131<\/strong><\/p>\n<p>\u00dcnl\u00fc \u015fark\u0131c\u0131 Ebru G\u00fcnde\u015f\u2019in annesi M\u00fcjgan Bilgin, 73 ya\u015f\u0131nda koronavir\u00fcs sebebiyle hayat\u0131n\u0131 kaybetti. Bug\u00fcn son yolculu\u011funa u\u011furlanan M\u00fcjgan Bilgin\u2019in cenaze t\u00f6reninde g\u00f6zya\u015flar\u0131 sel oldu. Annesini son yolculu\u011funa u\u011furlayan \u015fark\u0131c\u0131 Ebru G\u00fcnde\u015f\u2019in ayakta durmakta g\u00fc\u00e7l\u00fck \u00e7ekti\u011fi g\u00f6r\u00fcld\u00fc. Anne Bilgin, Zincirlikuyu Camii\u2019nde k\u0131l\u0131nan cenaze namaz\u0131n\u0131n ard\u0131ndan topra\u011fa verildi.<\/p>\n<p><img loading=\"lazy\" decoding=\"async\" class=\"aligncenter wp-image-28925 size-full\" src=\"https:\/\/adanaseshaber.com.tr\/wp-content\/uploads\/2022\/07\/ebru-gundesin-annesi-mujgan-bilgin-son-yolculuguna-ugurlandi-1.jpg\" alt=\"\" width=\"1280\" height=\"720\" srcset=\"https:\/\/adanaseshaber.com.tr\/wp-content\/uploads\/2022\/07\/ebru-gundesin-annesi-mujgan-bilgin-son-yolculuguna-ugurlandi-1.jpg 1280w, https:\/\/adanaseshaber.com.tr\/wp-content\/uploads\/2022\/07\/ebru-gundesin-annesi-mujgan-bilgin-son-yolculuguna-ugurlandi-1-300x169.jpg 300w, https:\/\/adanaseshaber.com.tr\/wp-content\/uploads\/2022\/07\/ebru-gundesin-annesi-mujgan-bilgin-son-yolculuguna-ugurlandi-1-1024x576.jpg 1024w, https:\/\/adanaseshaber.com.tr\/wp-content\/uploads\/2022\/07\/ebru-gundesin-annesi-mujgan-bilgin-son-yolculuguna-ugurlandi-1-768x432.jpg 768w, https:\/\/adanaseshaber.com.tr\/wp-content\/uploads\/2022\/07\/ebru-gundesin-annesi-mujgan-bilgin-son-yolculuguna-ugurlandi-1-390x220.jpg 390w\" sizes=\"auto, (max-width: 1280px) 100vw, 1280px\" \/><\/p>\n<p><strong>Sanat\u00e7\u0131 Dostlar\u0131 Yaln\u0131z B\u0131rakmad\u0131<\/strong><\/p>\n<p>Uzun bir s\u00fcredir \u015feker, kolesterol ve tansiyon hastal\u0131klar\u0131yla m\u00fccadele eden M\u00fcjgan Bilgin, tedavi g\u00f6rd\u00fc\u011f\u00fc hastanede koronavir\u00fcs sebebiyle hayat\u0131n\u0131 kaybetti. G\u00fcnde\u015f\u2019in annesi M\u00fcjgan Bilgin i\u00e7in Zincirlikuyu Mezarl\u0131\u011f\u0131\u2019nda cenaze t\u00f6reni d\u00fczenlendi. \u015eark\u0131c\u0131 Ebru G\u00fcnde\u015f ile a\u011fabeyi Cengiz Kumarta\u015fo\u011flu taziyeleri kabul etti. Cenaze t\u00f6renine kat\u0131lan isimler aras\u0131nda \u00fcnl\u00fc m\u00fczik yap\u0131mc\u0131s\u0131 Polat Ya\u011fc\u0131, \u015fark\u0131c\u0131lar Mustafa Ceceli, Murat Boz, Sinan Ak\u00e7\u0131l, Derya Ulu\u011f, oyuncu Hamdi Alkan ve \u00e7ok say\u0131da \u00fcnl\u00fc isim de yer ald\u0131.<\/p>\n","protected":false},"excerpt":{"rendered":"<p>\u00dcnl\u00fc \u015fark\u0131c\u0131 Ebru G\u00fcnde\u015f\u2019in annesi M\u00fcjgan Bilgin\u2019in vefat haberi gelmi\u015f ve anne M\u00fcjgan Bilgin\u2019in koronavir\u00fcs sebebiyle hayat\u0131n\u0131 kaybetti\u011fi \u00f6\u011frenilmi\u015fti. Uzun zamand\u0131r \u015feker, kolesterol ve tansiyon hastal\u0131klr\u0131 bulunan M\u00fcjgan Bilgin\u2019in koronavir\u00fcse yenik d\u00fc\u015ft\u00fc\u011f\u00fc ve 73 ya\u015f\u0131nda hayat\u0131n\u0131 kaybetti\u011fi a\u00e7\u0131klanm\u0131\u015ft\u0131. Annesinin \u00f6l\u00fcm\u00fcyle sars\u0131lan \u00fcnl\u00fc \u015fark\u0131c\u0131 Ebru G\u00fcnde\u015f\u2019e taziye mesajlar\u0131 gelmi\u015f ve Cumhurba\u015fkan\u0131 Recep Tayyip Erdo\u011fan\u2019\u0131n da \u00fcnl\u00fc &hellip;<\/p>\n","protected":false},"author":6,"featured_media":28923,"comment_status":"closed","ping_status":"closed","sticky":false,"template":"","format":"standard","meta":{"footnotes":""},"categories":[15431],"tags":[],"class_list":["post-28922","post","type-post","status-publish","format-standard","has-post-thumbnail","hentry","category-medya"],"amp_enabled":true,"_links":{"self":[{"href":"https:\/\/adanaseshaber.com.tr\/index.php?rest_route=\/wp\/v2\/posts\/28922","targetHints":{"allow":["GET"]}}],"collection":[{"href":"https:\/\/adanaseshaber.com.tr\/index.php?rest_route=\/wp\/v2\/posts"}],"about":[{"href":"https:\/\/adanaseshaber.com.tr\/index.php?rest_route=\/wp\/v2\/types\/post"}],"author":[{"embeddable":true,"href":"https:\/\/adanaseshaber.com.tr\/index.php?rest_route=\/wp\/v2\/users\/6"}],"replies":[{"embeddable":true,"href":"https:\/\/adanaseshaber.com.tr\/index.php?rest_route=%2Fwp%2Fv2%2Fcomments&post=28922"}],"version-history":[{"count":2,"href":"https:\/\/adanaseshaber.com.tr\/index.php?rest_route=\/wp\/v2\/posts\/28922\/revisions"}],"predecessor-version":[{"id":28926,"href":"https:\/\/adanaseshaber.com.tr\/index.php?rest_route=\/wp\/v2\/posts\/28922\/revisions\/28926"}],"wp:featuredmedia":[{"embeddable":true,"href":"https:\/\/adanaseshaber.com.tr\/index.php?rest_route=\/wp\/v2\/media\/28923"}],"wp:attachment":[{"href":"https:\/\/adanaseshaber.com.tr\/index.php?rest_route=%2Fwp%2Fv2%2Fmedia&parent=28922"}],"wp:term":[{"taxonomy":"category","embeddable":true,"href":"https:\/\/adanaseshaber.com.tr\/index.php?rest_route=%2Fwp%2Fv2%2Fcategories&post=28922"},{"taxonomy":"post_tag","embeddable":true,"href":"https:\/\/adanaseshaber.com.tr\/index.php?rest_route=%2Fwp%2Fv2%2Ftags&post=28922"}],"curies":[{"name":"wp","href":"https:\/\/api.w.org\/{rel}","templated":true}]}}