{"id":28978,"date":"2022-07-25T17:13:18","date_gmt":"2022-07-25T14:13:18","guid":{"rendered":"https:\/\/www.adanaseshaber.com\/?p=28978"},"modified":"2022-07-25T17:14:21","modified_gmt":"2022-07-25T14:14:21","slug":"trt-spor-canli-yayininda-kavga-cikti","status":"publish","type":"post","link":"https:\/\/adanaseshaber.com.tr\/?p=28978","title":{"rendered":"TRT Spor canl\u0131 yay\u0131n\u0131nda kavga \u00e7\u0131kt\u0131"},"content":{"rendered":"<p>TRT Spor\u2019un canl\u0131 yay\u0131n\u0131nda kavga \u00e7\u0131kt\u0131. Spor Man\u015fet program\u0131nda canl\u0131 yay\u0131nda ya\u015fanan kavga g\u00fcndeme bomba gibi d\u00fc\u015ft\u00fc. Program\u0131n sunucusu Serkan Yetkin, yorumcu Cem Dizdar\u2019a sordu\u011fu sorunun cevab\u0131 kar\u015f\u0131s\u0131nda adeta \u00e7\u0131lg\u0131na d\u00f6nd\u00fc. Ya\u015fanan kavga spor man\u015fetlerinin de \u00fcst s\u0131ralar\u0131nda yerini ald\u0131. Spor Man\u015fet program\u0131nda sunucu ve yorumcu aras\u0131nda ya\u015fanan kavga g\u00fcndeme bomba gibi d\u00fc\u015ft\u00fc. Yorumcu Cem Dizdar\u2019a sordu\u011fu soruya ald\u0131\u011f\u0131 yan\u0131t kar\u015f\u0131s\u0131nda adeta \u00e7\u0131lg\u0131na d\u00f6nen sunucu Serkan Yetkin, canl\u0131 yay\u0131nda a\u00e7t\u0131 a\u011fz\u0131n\u0131 yumdu g\u00f6z\u00fcn\u00fc. Sorulan bir soru \u00fczerine \u00e7\u0131kan kavga spor man\u015fetlerinin de g\u00fcndemine oturdu.<\/p>\n<p><strong>Jorge Jesus Sorusu Sinirlendirdi<\/strong><\/p>\n<p>Fenerbah\u00e7eli gen\u00e7 futbolcu Arda G\u00fcler\u2019in teknik direkt\u00f6r Jorge Jesus\u2019un do\u011fum g\u00fcn\u00fc kutlamas\u0131nda elini \u00f6pmesi spor man\u015fetlerindeki yerini alm\u0131\u015ft\u0131. G\u00fcndem olan bu hareketle ilgili yorumlar pe\u015f pe\u015fe gelirken TRT Spor ekranlar\u0131nda da i\u015flenen bu konu kavga getirdi. TRT ekranlar\u0131nda yay\u0131nlanan Spor Man\u015fet program\u0131n\u0131n canl\u0131 yay\u0131ndaki kavga g\u00fcndeme bomba gibi d\u00fc\u015ft\u00fc.<\/p>\n<p><strong>\u2018Ne Diyebilirim Buna?\u2019<\/strong><\/p>\n<p>Spor Man\u015fet program\u0131n\u0131n sunucusu Serkan Yetkin, taraftarlardan gelen bir soruyu canl\u0131 yay\u0131nda okudu ve yorumcu Cem Dizdar\u2019a bu konu hakk\u0131nda ne d\u00fc\u015f\u00fcnd\u00fc\u011f\u00fcn\u00fc sordu. Bunun \u00fczerine sinirlenen Cem Dizdar, \u2018Merak edilen ne? Ne diyebilirim buna ya! Her \u015feye bir \u015fey s\u00f6ylenir mi! Kim soruyor bunu, Cem a\u011fabey ne diyor? El \u00f6pm\u00fcyor muyuz?\u2019 s\u00f6zleriyle sert bir tepki verdi.<\/p>\n<p><img loading=\"lazy\" decoding=\"async\" class=\"aligncenter wp-image-28982 size-full\" src=\"https:\/\/adanaseshaber.com.tr\/wp-content\/uploads\/2022\/07\/trt-spor-canli-yayininda-kavga-cikti-1.jpg\" alt=\"\" width=\"1280\" height=\"720\" srcset=\"https:\/\/adanaseshaber.com.tr\/wp-content\/uploads\/2022\/07\/trt-spor-canli-yayininda-kavga-cikti-1.jpg 1280w, https:\/\/adanaseshaber.com.tr\/wp-content\/uploads\/2022\/07\/trt-spor-canli-yayininda-kavga-cikti-1-300x169.jpg 300w, https:\/\/adanaseshaber.com.tr\/wp-content\/uploads\/2022\/07\/trt-spor-canli-yayininda-kavga-cikti-1-1024x576.jpg 1024w, https:\/\/adanaseshaber.com.tr\/wp-content\/uploads\/2022\/07\/trt-spor-canli-yayininda-kavga-cikti-1-768x432.jpg 768w, https:\/\/adanaseshaber.com.tr\/wp-content\/uploads\/2022\/07\/trt-spor-canli-yayininda-kavga-cikti-1-390x220.jpg 390w\" sizes=\"auto, (max-width: 1280px) 100vw, 1280px\" \/><\/p>\n<p><strong>Sunucu \u00c7\u0131lg\u0131na D\u00f6nd\u00fc<\/strong><\/p>\n<p>Yorumcu Cem Dizdar\u2019\u0131n sert cevab\u0131 kar\u015f\u0131s\u0131nda adeta \u00e7\u0131lg\u0131na d\u00f6nen program sunucusu Serkan Yetkin ise \u2018Gelenleri ben iletiyorum. Baz\u0131 izleyicilerimiz bana hakaretvari payla\u015f\u0131mlarda bulunuyorlar. Sanki ben kendim belirliyorum bunlar\u0131. Bir s\u00fcr\u00fc mesaj geliyor. A\u00e7\u0131n bak\u0131n yani! Ne yapay\u0131m ben! G\u00f6rmezden mi geleyim her \u015feyi! Yaz\u0131yor, izliyor ben de iletiyorum. Her soru mant\u0131kl\u0131 m\u0131 oluyor! Ne yapay\u0131m a\u011fabey yani. Anlatal\u0131m ki anlas\u0131n mant\u0131kl\u0131 olup olmad\u0131\u011f\u0131n\u0131. Konu\u015fmazsak nas\u0131l anlayacak! \u0130fadelerini kulland\u0131.<\/p>\n","protected":false},"excerpt":{"rendered":"<p>TRT Spor\u2019un canl\u0131 yay\u0131n\u0131nda kavga \u00e7\u0131kt\u0131. Spor Man\u015fet program\u0131nda canl\u0131 yay\u0131nda ya\u015fanan kavga g\u00fcndeme bomba gibi d\u00fc\u015ft\u00fc. Program\u0131n sunucusu Serkan Yetkin, yorumcu Cem Dizdar\u2019a sordu\u011fu sorunun cevab\u0131 kar\u015f\u0131s\u0131nda adeta \u00e7\u0131lg\u0131na d\u00f6nd\u00fc. Ya\u015fanan kavga spor man\u015fetlerinin de \u00fcst s\u0131ralar\u0131nda yerini ald\u0131. Spor Man\u015fet program\u0131nda sunucu ve yorumcu aras\u0131nda ya\u015fanan kavga g\u00fcndeme bomba gibi d\u00fc\u015ft\u00fc. Yorumcu Cem &hellip;<\/p>\n","protected":false},"author":6,"featured_media":28979,"comment_status":"closed","ping_status":"closed","sticky":false,"template":"","format":"standard","meta":{"footnotes":""},"categories":[5],"tags":[],"class_list":["post-28978","post","type-post","status-publish","format-standard","has-post-thumbnail","hentry","category-spor"],"amp_enabled":true,"_links":{"self":[{"href":"https:\/\/adanaseshaber.com.tr\/index.php?rest_route=\/wp\/v2\/posts\/28978","targetHints":{"allow":["GET"]}}],"collection":[{"href":"https:\/\/adanaseshaber.com.tr\/index.php?rest_route=\/wp\/v2\/posts"}],"about":[{"href":"https:\/\/adanaseshaber.com.tr\/index.php?rest_route=\/wp\/v2\/types\/post"}],"author":[{"embeddable":true,"href":"https:\/\/adanaseshaber.com.tr\/index.php?rest_route=\/wp\/v2\/users\/6"}],"replies":[{"embeddable":true,"href":"https:\/\/adanaseshaber.com.tr\/index.php?rest_route=%2Fwp%2Fv2%2Fcomments&post=28978"}],"version-history":[{"count":3,"href":"https:\/\/adanaseshaber.com.tr\/index.php?rest_route=\/wp\/v2\/posts\/28978\/revisions"}],"predecessor-version":[{"id":28983,"href":"https:\/\/adanaseshaber.com.tr\/index.php?rest_route=\/wp\/v2\/posts\/28978\/revisions\/28983"}],"wp:featuredmedia":[{"embeddable":true,"href":"https:\/\/adanaseshaber.com.tr\/index.php?rest_route=\/wp\/v2\/media\/28979"}],"wp:attachment":[{"href":"https:\/\/adanaseshaber.com.tr\/index.php?rest_route=%2Fwp%2Fv2%2Fmedia&parent=28978"}],"wp:term":[{"taxonomy":"category","embeddable":true,"href":"https:\/\/adanaseshaber.com.tr\/index.php?rest_route=%2Fwp%2Fv2%2Fcategories&post=28978"},{"taxonomy":"post_tag","embeddable":true,"href":"https:\/\/adanaseshaber.com.tr\/index.php?rest_route=%2Fwp%2Fv2%2Ftags&post=28978"}],"curies":[{"name":"wp","href":"https:\/\/api.w.org\/{rel}","templated":true}]}}