{"id":29043,"date":"2022-07-25T21:02:35","date_gmt":"2022-07-25T18:02:35","guid":{"rendered":"https:\/\/www.adanaseshaber.com\/?p=29043"},"modified":"2022-07-25T21:02:56","modified_gmt":"2022-07-25T18:02:56","slug":"trabzon-valisi-arap-turistlerden-dert-yananlara-tepki-gosterdi","status":"publish","type":"post","link":"https:\/\/adanaseshaber.com.tr\/?p=29043","title":{"rendered":"Trabzon Valisi Arap turistlerden dert yananlara tepki g\u00f6sterdi"},"content":{"rendered":"<p>Arap turistlerin yo\u011fun olarak tercih etti\u011fi Trabzon\u2019un \u00c7aykara il\u00e7esinde Uzung\u00f6l\u2019de Arap turistler \u00fczerinden olumsuz payla\u015f\u0131mlar yap\u0131lmaya ba\u015flanm\u0131\u015f ve Arap\u00e7a tabelalar kullan\u0131lmas\u0131 tepki g\u00f6rm\u00fc\u015ft\u00fc. Arap turistlerden dert yananlara Trabzon Valisi \u0130smail Ustao\u011flu\u2019ndan tepki geldi. Ustao\u011flu, Misafirlerimiz ba\u015f tac\u0131m\u0131z\u2019 ifadelerini kulland\u0131. Son g\u00fcnlerde sosyal medya \u00fczerinde Arap turistlerle ilgili olumsuz yorumlar s\u0131kla\u015fmaya ba\u015flam\u0131\u015f ve \u00f6zellikle Arap turistlerin yo\u011fun olarak tercih etti\u011fi Uzung\u00f6l\u2019de Arap\u00e7a tabelalara yer verilmesi tepki toplam\u0131\u015ft\u0131. Gelen tepkilere hem Trabzon Valisi hem de Trabzon B\u00fcy\u00fck\u015fehir Belediye Ba\u015fkan\u0131\u2019ndan yan\u0131t geldi. \u0130\u015fte detaylar\u2026<\/p>\n<p><strong>Trabzon Valisi\u2019nden A\u00e7\u0131klama<\/strong><\/p>\n<p>Trabzon\u2019un \u00c7aykara il\u00e7esinde Uzung\u00f6l\u2019de Arap turistler \u00fczerinden olumsuz yorumlar yap\u0131lmaya ba\u015flanm\u0131\u015f ve son d\u00f6nemde bu payla\u015f\u0131mlar s\u0131kla\u015fm\u0131\u015ft\u0131. Arap turistler \u00fczerinden yap\u0131lan olumsuz payla\u015f\u0131mlara Trabzon Valisi \u0130smail Ustao\u011flu\u2019ndan yan\u0131t geldi. Vali Ustao\u011flu, \u2018Bu topraklar ho\u015fg\u00f6r\u00fcn\u00fcn hakim oldu\u011fu topraklar. Misafirlerimiz ba\u015f tac\u0131m\u0131z. \u00d6zellikle k\u00f6rfez \u00fclkelerinden gelen misafirlerimiz ba\u015f tac\u0131m\u0131z\u2019 ifadelerini kulland\u0131.<\/p>\n<p><strong>\u2018Rahats\u0131z Olanlar Var\u2019<\/strong><\/p>\n<p>Trabzon\u2019da turizm sezonunun en yo\u011fun g\u00fcnlerinin ya\u015fand\u0131\u011f\u0131n\u0131 s\u00f6yleyen Vali Ustao\u011flu, Uzung\u00f6l\u2019deki bu yo\u011fun g\u00fcnlerin esnaf a\u00e7\u0131s\u0131ndan \u00e7ok b\u00fcy\u00fck \u00f6nem arz etti\u011fini s\u00f6yledi ve \u2018Maalesef bundan rahats\u0131z olanlar var\u2019 dedi. \u015eehre k\u00f6rfez \u00fclkelerden gelen turist say\u0131s\u0131n\u0131n 160 bini ge\u00e7ti\u011fi aktar\u0131l\u0131rken \u00f6zellikle pandemiden sonra Trabzon\u2019un turizm a\u00e7\u0131s\u0131ndan tarihi g\u00fcnler ya\u015fad\u0131\u011f\u0131 belirtildi.<\/p>\n<p><img loading=\"lazy\" decoding=\"async\" class=\"aligncenter wp-image-29046 size-full\" src=\"https:\/\/adanaseshaber.com.tr\/wp-content\/uploads\/2022\/07\/trabzon-valisi-arap-turistlerden-dert-yananlara-tepki-gosterdi-1.jpg\" alt=\"\" width=\"1280\" height=\"720\" srcset=\"https:\/\/adanaseshaber.com.tr\/wp-content\/uploads\/2022\/07\/trabzon-valisi-arap-turistlerden-dert-yananlara-tepki-gosterdi-1.jpg 1280w, https:\/\/adanaseshaber.com.tr\/wp-content\/uploads\/2022\/07\/trabzon-valisi-arap-turistlerden-dert-yananlara-tepki-gosterdi-1-300x169.jpg 300w, https:\/\/adanaseshaber.com.tr\/wp-content\/uploads\/2022\/07\/trabzon-valisi-arap-turistlerden-dert-yananlara-tepki-gosterdi-1-1024x576.jpg 1024w, https:\/\/adanaseshaber.com.tr\/wp-content\/uploads\/2022\/07\/trabzon-valisi-arap-turistlerden-dert-yananlara-tepki-gosterdi-1-768x432.jpg 768w, https:\/\/adanaseshaber.com.tr\/wp-content\/uploads\/2022\/07\/trabzon-valisi-arap-turistlerden-dert-yananlara-tepki-gosterdi-1-390x220.jpg 390w\" sizes=\"auto, (max-width: 1280px) 100vw, 1280px\" \/><\/p>\n<p><strong>Arap\u00e7a Tabela A\u00e7\u0131klamas\u0131<\/strong><\/p>\n<p>Uzung\u00f6l\u2019de Arap\u00e7a tabelalar\u0131n kullan\u0131lmas\u0131 da g\u00fcndem olmu\u015f ve bu konu sosyal medyada uzun uzun tart\u0131\u015f\u0131lm\u0131\u015ft\u0131. Arap\u00e7a tabelalarla ilgili de a\u00e7\u0131klama yapan Vali Ustao\u011flu, \u2018Buray\u0131 gezdin ve g\u00f6rd\u00fck. Arap\u00e7a tabelalarla ilgili de en ufak bir s\u0131k\u0131nt\u0131 yok. Bu sezonu en iyi \u015fekilde ge\u00e7irece\u011fiz. Gelen misafirlerimizi misafirperverlik anlay\u0131\u015f\u0131m\u0131za uygun \u015fekilde a\u011f\u0131rlay\u0131p, onlar\u0131 ho\u015f duygularla \u00fclkelerine d\u00f6nmelerini sa\u011flamak i\u00e7in gerekli tedbirlerimizi al\u0131yoruz.\u2019 ifadelerine yer verdi.<\/p>\n","protected":false},"excerpt":{"rendered":"<p>Arap turistlerin yo\u011fun olarak tercih etti\u011fi Trabzon\u2019un \u00c7aykara il\u00e7esinde Uzung\u00f6l\u2019de Arap turistler \u00fczerinden olumsuz payla\u015f\u0131mlar yap\u0131lmaya ba\u015flanm\u0131\u015f ve Arap\u00e7a tabelalar kullan\u0131lmas\u0131 tepki g\u00f6rm\u00fc\u015ft\u00fc. Arap turistlerden dert yananlara Trabzon Valisi \u0130smail Ustao\u011flu\u2019ndan tepki geldi. Ustao\u011flu, Misafirlerimiz ba\u015f tac\u0131m\u0131z\u2019 ifadelerini kulland\u0131. Son g\u00fcnlerde sosyal medya \u00fczerinde Arap turistlerle ilgili olumsuz yorumlar s\u0131kla\u015fmaya ba\u015flam\u0131\u015f ve \u00f6zellikle Arap turistlerin &hellip;<\/p>\n","protected":false},"author":6,"featured_media":29044,"comment_status":"closed","ping_status":"closed","sticky":false,"template":"","format":"standard","meta":{"footnotes":""},"categories":[1],"tags":[],"class_list":["post-29043","post","type-post","status-publish","format-standard","has-post-thumbnail","hentry","category-genel"],"amp_enabled":true,"_links":{"self":[{"href":"https:\/\/adanaseshaber.com.tr\/index.php?rest_route=\/wp\/v2\/posts\/29043","targetHints":{"allow":["GET"]}}],"collection":[{"href":"https:\/\/adanaseshaber.com.tr\/index.php?rest_route=\/wp\/v2\/posts"}],"about":[{"href":"https:\/\/adanaseshaber.com.tr\/index.php?rest_route=\/wp\/v2\/types\/post"}],"author":[{"embeddable":true,"href":"https:\/\/adanaseshaber.com.tr\/index.php?rest_route=\/wp\/v2\/users\/6"}],"replies":[{"embeddable":true,"href":"https:\/\/adanaseshaber.com.tr\/index.php?rest_route=%2Fwp%2Fv2%2Fcomments&post=29043"}],"version-history":[{"count":2,"href":"https:\/\/adanaseshaber.com.tr\/index.php?rest_route=\/wp\/v2\/posts\/29043\/revisions"}],"predecessor-version":[{"id":29047,"href":"https:\/\/adanaseshaber.com.tr\/index.php?rest_route=\/wp\/v2\/posts\/29043\/revisions\/29047"}],"wp:featuredmedia":[{"embeddable":true,"href":"https:\/\/adanaseshaber.com.tr\/index.php?rest_route=\/wp\/v2\/media\/29044"}],"wp:attachment":[{"href":"https:\/\/adanaseshaber.com.tr\/index.php?rest_route=%2Fwp%2Fv2%2Fmedia&parent=29043"}],"wp:term":[{"taxonomy":"category","embeddable":true,"href":"https:\/\/adanaseshaber.com.tr\/index.php?rest_route=%2Fwp%2Fv2%2Fcategories&post=29043"},{"taxonomy":"post_tag","embeddable":true,"href":"https:\/\/adanaseshaber.com.tr\/index.php?rest_route=%2Fwp%2Fv2%2Ftags&post=29043"}],"curies":[{"name":"wp","href":"https:\/\/api.w.org\/{rel}","templated":true}]}}