{"id":29052,"date":"2022-07-25T21:25:47","date_gmt":"2022-07-25T18:25:47","guid":{"rendered":"https:\/\/www.adanaseshaber.com\/?p=29052"},"modified":"2022-07-25T21:27:54","modified_gmt":"2022-07-25T18:27:54","slug":"hepatit-b-virusune-karsi-tarama-testi-uyarisi","status":"publish","type":"post","link":"https:\/\/adanaseshaber.com.tr\/?p=29052","title":{"rendered":"Hepatit B vir\u00fcs\u00fcne kar\u015f\u0131 tarama testi uyar\u0131s\u0131"},"content":{"rendered":"<p>Hepatit B vir\u00fcs\u00fcn\u00fcn d\u00fcnya genelinde milyonlarca ki\u015fiyi etkiledi\u011fi aktar\u0131l\u0131rken bu konuda tarama programlar\u0131n\u0131n \u00f6nemine dikkat \u00e7ekildi. 28 Temmuz D\u00fcnya Hepatit G\u00fcn\u00fc dolay\u0131s\u0131yla ger\u00e7ekle\u015ftirilen programda tarama programlar\u0131n\u0131n \u00f6nemine vurgu yap\u0131l\u0131rken uzmanlar, Hepatit B vir\u00fcs\u00fcn\u00fcn d\u00fcnya genelinde 240 milyon ta\u015f\u0131y\u0131c\u0131s\u0131 oldu\u011funu aktar\u0131yor. Dakikada 2 ki\u015finin Hepatit B vir\u00fcs\u00fc sebebiyle hayat\u0131n\u0131 kaybetti\u011fi aktar\u0131l\u0131rken en az bir kez Hepatit B ve C ile ilgili tarama testlerinin yap\u0131lmas\u0131 konusunda \u00f6nemli uyar\u0131lar geldi. 2021 y\u0131l\u0131nda tedavi alt\u0131na al\u0131nan hasta say\u0131s\u0131n\u0131n 122 binden 115 bine d\u00fc\u015ft\u00fc\u011f\u00fc bildirilirken aile bireylerinin de mutlaka taranmas\u0131 gerekti\u011fine vurgu yap\u0131ld\u0131.<\/p>\n<p><strong>Hastal\u0131k Belirtisiz \u0130lerliyor<\/strong><\/p>\n<p>28 Temmuz D\u00fcnya Hepatit G\u00fcn\u00fc dolay\u0131s\u0131yla \u0130stanbul&#8217;da bir otelde d\u00fczenlenen toplant\u0131da Hepatit B, Hepatit C ve Hepatit Delta vir\u00fcslerinin olu\u015fturdu\u011fu etkiler ile tedavi s\u00fcre\u00e7leri ile ilgili bilgilere yer verildi. S\u00f6z konusu toplant\u0131da ki\u015filerin belirtisiz ilerleyen bu hastal\u0131\u011f\u0131n ta\u015f\u0131y\u0131c\u0131s\u0131 oldu\u011fundan haberdar bile olmad\u0131\u011f\u0131na dikkat \u00e7ekildi.<\/p>\n<p><img loading=\"lazy\" decoding=\"async\" class=\"aligncenter wp-image-29057 size-full\" src=\"https:\/\/adanaseshaber.com.tr\/wp-content\/uploads\/2022\/07\/hepatit-b-virusune-karsi-tarama-testi-uyarisi-2.jpg\" alt=\"\" width=\"1280\" height=\"720\" srcset=\"https:\/\/adanaseshaber.com.tr\/wp-content\/uploads\/2022\/07\/hepatit-b-virusune-karsi-tarama-testi-uyarisi-2.jpg 1280w, https:\/\/adanaseshaber.com.tr\/wp-content\/uploads\/2022\/07\/hepatit-b-virusune-karsi-tarama-testi-uyarisi-2-300x169.jpg 300w, https:\/\/adanaseshaber.com.tr\/wp-content\/uploads\/2022\/07\/hepatit-b-virusune-karsi-tarama-testi-uyarisi-2-1024x576.jpg 1024w, https:\/\/adanaseshaber.com.tr\/wp-content\/uploads\/2022\/07\/hepatit-b-virusune-karsi-tarama-testi-uyarisi-2-768x432.jpg 768w, https:\/\/adanaseshaber.com.tr\/wp-content\/uploads\/2022\/07\/hepatit-b-virusune-karsi-tarama-testi-uyarisi-2-390x220.jpg 390w\" sizes=\"auto, (max-width: 1280px) 100vw, 1280px\" \/><\/p>\n<p><strong>D\u00fcnyada 240 Milyon Ta\u015f\u0131y\u0131c\u0131s\u0131 Var<\/strong><\/p>\n<p>Bu \u00f6nemli toplant\u0131da konu\u015fan \u0130stanbul \u00dcniversitesi-Cerrahpa\u015fa T\u0131p Fak\u00fcltesi Enfeksiyon Hastal\u0131klar\u0131 ve Klinik Mikrobiyoloji Anabilim Dal\u0131 \u00d6\u011fretim \u00dcyesi ve Viral Hepatitle Sava\u015f\u0131m Derne\u011fi Ba\u015fkan\u0131 Prof. Dr. Fehmi Tabak, Hepatit B vir\u00fcs\u00fcn\u00fcn t\u00fcm d\u00fcnyada 240 milyon ta\u015f\u0131y\u0131c\u0131s\u0131n\u0131n oldu\u011funu ve 2-3 milyon aras\u0131ndaki ki\u015finin ise \u00fclkemizde Hepatit B vir\u00fcs\u00fcn\u00fc ta\u015f\u0131d\u0131\u011f\u0131na dair tahminler oldu\u011funu aktard\u0131. D\u00fcnya genelinde \u00f6nemli say\u0131da bir n\u00fcfusun hepatit ta\u015f\u0131y\u0131c\u0131s\u0131 oldu\u011funa vurgu yap\u0131lan toplant\u0131da tarama testlerinin yapt\u0131r\u0131lmas\u0131 konusunda \u00f6nemli uyar\u0131lara yer verildi. Toplumun tarama testi konusunda daha fazla bilgilendirilmesi gerekti\u011fine vurgu yap\u0131l\u0131rken kan ve cinsel yolla aile i\u00e7i bula\u015f oldu\u011fu i\u00e7in muhakkak aile bireylerinin de tarama testi yapt\u0131rmas\u0131 gerekti\u011fi aktar\u0131ld\u0131.<\/p>\n","protected":false},"excerpt":{"rendered":"<p>Hepatit B vir\u00fcs\u00fcn\u00fcn d\u00fcnya genelinde milyonlarca ki\u015fiyi etkiledi\u011fi aktar\u0131l\u0131rken bu konuda tarama programlar\u0131n\u0131n \u00f6nemine dikkat \u00e7ekildi. 28 Temmuz D\u00fcnya Hepatit G\u00fcn\u00fc dolay\u0131s\u0131yla ger\u00e7ekle\u015ftirilen programda tarama programlar\u0131n\u0131n \u00f6nemine vurgu yap\u0131l\u0131rken uzmanlar, Hepatit B vir\u00fcs\u00fcn\u00fcn d\u00fcnya genelinde 240 milyon ta\u015f\u0131y\u0131c\u0131s\u0131 oldu\u011funu aktar\u0131yor. Dakikada 2 ki\u015finin Hepatit B vir\u00fcs\u00fc sebebiyle hayat\u0131n\u0131 kaybetti\u011fi aktar\u0131l\u0131rken en az bir kez Hepatit &hellip;<\/p>\n","protected":false},"author":6,"featured_media":29053,"comment_status":"closed","ping_status":"closed","sticky":false,"template":"","format":"standard","meta":{"footnotes":""},"categories":[9],"tags":[],"class_list":["post-29052","post","type-post","status-publish","format-standard","has-post-thumbnail","hentry","category-saglik"],"amp_enabled":true,"_links":{"self":[{"href":"https:\/\/adanaseshaber.com.tr\/index.php?rest_route=\/wp\/v2\/posts\/29052","targetHints":{"allow":["GET"]}}],"collection":[{"href":"https:\/\/adanaseshaber.com.tr\/index.php?rest_route=\/wp\/v2\/posts"}],"about":[{"href":"https:\/\/adanaseshaber.com.tr\/index.php?rest_route=\/wp\/v2\/types\/post"}],"author":[{"embeddable":true,"href":"https:\/\/adanaseshaber.com.tr\/index.php?rest_route=\/wp\/v2\/users\/6"}],"replies":[{"embeddable":true,"href":"https:\/\/adanaseshaber.com.tr\/index.php?rest_route=%2Fwp%2Fv2%2Fcomments&post=29052"}],"version-history":[{"count":3,"href":"https:\/\/adanaseshaber.com.tr\/index.php?rest_route=\/wp\/v2\/posts\/29052\/revisions"}],"predecessor-version":[{"id":29058,"href":"https:\/\/adanaseshaber.com.tr\/index.php?rest_route=\/wp\/v2\/posts\/29052\/revisions\/29058"}],"wp:featuredmedia":[{"embeddable":true,"href":"https:\/\/adanaseshaber.com.tr\/index.php?rest_route=\/wp\/v2\/media\/29053"}],"wp:attachment":[{"href":"https:\/\/adanaseshaber.com.tr\/index.php?rest_route=%2Fwp%2Fv2%2Fmedia&parent=29052"}],"wp:term":[{"taxonomy":"category","embeddable":true,"href":"https:\/\/adanaseshaber.com.tr\/index.php?rest_route=%2Fwp%2Fv2%2Fcategories&post=29052"},{"taxonomy":"post_tag","embeddable":true,"href":"https:\/\/adanaseshaber.com.tr\/index.php?rest_route=%2Fwp%2Fv2%2Ftags&post=29052"}],"curies":[{"name":"wp","href":"https:\/\/api.w.org\/{rel}","templated":true}]}}