{"id":29081,"date":"2022-07-25T22:30:56","date_gmt":"2022-07-25T19:30:56","guid":{"rendered":"https:\/\/www.adanaseshaber.com\/?p=29081"},"modified":"2022-07-25T22:33:03","modified_gmt":"2022-07-25T19:33:03","slug":"cumhurbaskani-erdogan-isvece-resti-cekti","status":"publish","type":"post","link":"https:\/\/adanaseshaber.com.tr\/?p=29081","title":{"rendered":"Cumhurba\u015fkan\u0131 Erdo\u011fan \u0130sve\u00e7\u2019e resti \u00e7ekti"},"content":{"rendered":"<p>Cumhurba\u015fkan\u0131 Recep Tayyip Erdo\u011fan, kat\u0131ld\u0131\u011f\u0131 canl\u0131 yay\u0131nda g\u00fcndeme dair \u00e7ok \u00f6nemli a\u00e7\u0131klamalara yer verdi. Erdo\u011fan\u2019\u0131n g\u00fcndeminde T\u00fcrkiye\u2019nin \u015fartl\u0131 onay\u0131yla NATO kap\u0131s\u0131n\u0131 aralayan \u0130sve\u00e7 vard\u0131. \u0130sve\u00e7\u2019teki ter\u00f6r \u00f6rg\u00fct\u00fc PKK g\u00f6sterileriyle ilgili konu\u015fan Erdo\u011fan, \u2018Kimse T\u00fcrkiye\u2019den taviz beklemesin\u2019 diyerek resti \u00e7ekti. T\u00fcrkiye\u2019nin \u015fartl\u0131 onay\u0131yla NATO kap\u0131s\u0131n\u0131 aralayan \u0130sve\u00e7\u2019in sergiledi\u011fi tav\u0131r tepki \u00e7ekmi\u015fti. \u0130sve\u00e7\u2019i g\u00fcndemine alan Cumhurba\u015fkan\u0131 Erdo\u011fan, \u0130sve\u00e7\u2019in somut bir ad\u0131m atma konusunda uzak oldu\u011funu s\u00f6yledi ve ter\u00f6r g\u00f6sterilerine de\u011finerek resti \u00e7ekti. T\u00fcrkiye&#8217;den taviz beklenmemesini net bir dille ifade eden Cumhurba\u015fkan\u0131 Erdo\u011fan, bu konuda sert \u00e7\u0131kt\u0131.<\/p>\n<p><strong>\u0130sve\u00e7\u2019e NATO Resti<\/strong><\/p>\n<p>TRT ortak yay\u0131n\u0131nda gazetecilerin sorular\u0131n\u0131 yan\u0131tlayan Cumhurba\u015fkan\u0131 Recep Tayyip Erdo\u011fan\u2019\u0131n g\u00fcndeminde T\u00fcrkiye\u2019nin \u015fartl\u0131 onay\u0131yla NATO\u2019ya ad\u0131m atan \u0130sve\u00e7 vard\u0131. Kimsenin T\u00fcrkiye\u2019den taviz beklememesi gerekti\u011fini s\u00f6yleyen Erdo\u011fan, \u0130sve\u00e7 ve Finlandiya\u2019dan ter\u00f6re verilen deste\u011fin kesilmesi noktas\u0131nda somut beklentiler oldu\u011funu tekrarlad\u0131. G\u00f6r\u00fc\u015fmelerin yap\u0131ld\u0131\u011f\u0131n\u0131 ancak ter\u00f6r g\u00f6sterilerinin devam etti\u011fini s\u00f6yleyen Erdo\u011fan, \u2018\u0130sve\u00e7\u2019in caddelerinde polis korumas\u0131nda g\u00f6steri yap\u0131yorlar. Pa\u00e7avralar\u0131 ellerinde, malum s\u00f6zde liderlerinin posterleri ellerinde. Bu \u015fekilde y\u00fcr\u00fcyorlar. Ama \u0130sve\u00e7 vatanda\u015f\u0131n\u0131n sa\u011fduyusu da ortada. T\u00fcrkiye istiyorsa, Erdo\u011fan istiyorsa bunlar madem ter\u00f6risttir verilmesi laz\u0131md\u0131r diyor. Akl\u0131selimin gere\u011fi de budur. Oradaki b\u00fct\u00fcn iltisakl\u0131 yap\u0131lar\u0131n da kapat\u0131lmas\u0131 gerekiyor.\u2019 dedi.<\/p>\n<p><img loading=\"lazy\" decoding=\"async\" class=\"aligncenter wp-image-29084 size-full\" src=\"https:\/\/adanaseshaber.com.tr\/wp-content\/uploads\/2022\/07\/cumhurbaskani-erdogan-isvece-resti-cekti-1.jpg\" alt=\"\" width=\"1280\" height=\"720\" srcset=\"https:\/\/adanaseshaber.com.tr\/wp-content\/uploads\/2022\/07\/cumhurbaskani-erdogan-isvece-resti-cekti-1.jpg 1280w, https:\/\/adanaseshaber.com.tr\/wp-content\/uploads\/2022\/07\/cumhurbaskani-erdogan-isvece-resti-cekti-1-300x169.jpg 300w, https:\/\/adanaseshaber.com.tr\/wp-content\/uploads\/2022\/07\/cumhurbaskani-erdogan-isvece-resti-cekti-1-1024x576.jpg 1024w, https:\/\/adanaseshaber.com.tr\/wp-content\/uploads\/2022\/07\/cumhurbaskani-erdogan-isvece-resti-cekti-1-768x432.jpg 768w, https:\/\/adanaseshaber.com.tr\/wp-content\/uploads\/2022\/07\/cumhurbaskani-erdogan-isvece-resti-cekti-1-390x220.jpg 390w\" sizes=\"auto, (max-width: 1280px) 100vw, 1280px\" \/><\/p>\n<p><strong>\u2018Nerede Ne Oldu\u011funu Takip Ediyoruz\u2019<\/strong><\/p>\n<p>Bu konuda kesinlikle T\u00fcrkiye\u2019den taviz beklenmemesi gerekti\u011finin alt\u0131n\u0131 \u00e7izen Erdo\u011fan, \u2018Ter\u00f6r propagandas\u0131 dahil, ter\u00f6r \u00f6rg\u00fct\u00fc uzant\u0131lar\u0131n\u0131 \u00fclkemiz aleyhine faaliyette bulunmaktan al\u0131koymad\u0131klar\u0131 s\u00fcrece bizden olumlu bir yakla\u015f\u0131m beklemesinler.\u2019 dedi. Madrid g\u00f6r\u00fc\u015fmelerinin bir davet oldu\u011funu s\u00f6yleyen Erdo\u011fan, bu i\u015fin neticesini ise bu eylemlerin belirleyece\u011fini ifade etti. T\u00fcrkiye\u2019nin her \u015feyi takip etti\u011fini aktaran Cumhurba\u015fkan\u0131, \u2018Siz ter\u00f6ristleri caddede koruma alt\u0131nda y\u00fcr\u00fct\u00fcrseniz biz de bunlar\u0131 takip ediyoruz. Orada istihbarat\u0131m\u0131z var. Nerede ne oldu\u011funu an\u0131nda takip ediyoruz.\u2019 ifadelerini kulland\u0131.<\/p>\n","protected":false},"excerpt":{"rendered":"<p>Cumhurba\u015fkan\u0131 Recep Tayyip Erdo\u011fan, kat\u0131ld\u0131\u011f\u0131 canl\u0131 yay\u0131nda g\u00fcndeme dair \u00e7ok \u00f6nemli a\u00e7\u0131klamalara yer verdi. Erdo\u011fan\u2019\u0131n g\u00fcndeminde T\u00fcrkiye\u2019nin \u015fartl\u0131 onay\u0131yla NATO kap\u0131s\u0131n\u0131 aralayan \u0130sve\u00e7 vard\u0131. \u0130sve\u00e7\u2019teki ter\u00f6r \u00f6rg\u00fct\u00fc PKK g\u00f6sterileriyle ilgili konu\u015fan Erdo\u011fan, \u2018Kimse T\u00fcrkiye\u2019den taviz beklemesin\u2019 diyerek resti \u00e7ekti. T\u00fcrkiye\u2019nin \u015fartl\u0131 onay\u0131yla NATO kap\u0131s\u0131n\u0131 aralayan \u0130sve\u00e7\u2019in sergiledi\u011fi tav\u0131r tepki \u00e7ekmi\u015fti. \u0130sve\u00e7\u2019i g\u00fcndemine alan Cumhurba\u015fkan\u0131 Erdo\u011fan, &hellip;<\/p>\n","protected":false},"author":6,"featured_media":29082,"comment_status":"closed","ping_status":"closed","sticky":false,"template":"","format":"standard","meta":{"footnotes":""},"categories":[1],"tags":[],"class_list":["post-29081","post","type-post","status-publish","format-standard","has-post-thumbnail","hentry","category-genel"],"amp_enabled":true,"_links":{"self":[{"href":"https:\/\/adanaseshaber.com.tr\/index.php?rest_route=\/wp\/v2\/posts\/29081","targetHints":{"allow":["GET"]}}],"collection":[{"href":"https:\/\/adanaseshaber.com.tr\/index.php?rest_route=\/wp\/v2\/posts"}],"about":[{"href":"https:\/\/adanaseshaber.com.tr\/index.php?rest_route=\/wp\/v2\/types\/post"}],"author":[{"embeddable":true,"href":"https:\/\/adanaseshaber.com.tr\/index.php?rest_route=\/wp\/v2\/users\/6"}],"replies":[{"embeddable":true,"href":"https:\/\/adanaseshaber.com.tr\/index.php?rest_route=%2Fwp%2Fv2%2Fcomments&post=29081"}],"version-history":[{"count":2,"href":"https:\/\/adanaseshaber.com.tr\/index.php?rest_route=\/wp\/v2\/posts\/29081\/revisions"}],"predecessor-version":[{"id":29085,"href":"https:\/\/adanaseshaber.com.tr\/index.php?rest_route=\/wp\/v2\/posts\/29081\/revisions\/29085"}],"wp:featuredmedia":[{"embeddable":true,"href":"https:\/\/adanaseshaber.com.tr\/index.php?rest_route=\/wp\/v2\/media\/29082"}],"wp:attachment":[{"href":"https:\/\/adanaseshaber.com.tr\/index.php?rest_route=%2Fwp%2Fv2%2Fmedia&parent=29081"}],"wp:term":[{"taxonomy":"category","embeddable":true,"href":"https:\/\/adanaseshaber.com.tr\/index.php?rest_route=%2Fwp%2Fv2%2Fcategories&post=29081"},{"taxonomy":"post_tag","embeddable":true,"href":"https:\/\/adanaseshaber.com.tr\/index.php?rest_route=%2Fwp%2Fv2%2Ftags&post=29081"}],"curies":[{"name":"wp","href":"https:\/\/api.w.org\/{rel}","templated":true}]}}