{"id":29087,"date":"2022-07-25T22:51:52","date_gmt":"2022-07-25T19:51:52","guid":{"rendered":"https:\/\/www.adanaseshaber.com\/?p=29087"},"modified":"2022-07-25T22:52:28","modified_gmt":"2022-07-25T19:52:28","slug":"kilicdaroglu-herkesin-merak-ettigi-aciklamayi-yapti","status":"publish","type":"post","link":"https:\/\/adanaseshaber.com.tr\/?p=29087","title":{"rendered":"K\u0131l\u0131\u00e7daro\u011flu herkesin merak etti\u011fi a\u00e7\u0131klamay\u0131 yapt\u0131"},"content":{"rendered":"<p>CHP Genel Ba\u015fkan\u0131 Kemal K\u0131l\u0131\u00e7daro\u011flu, sosyal medya hesab\u0131 \u00fczerinden bu ak\u015fam saat 22.00\u2019da bir a\u00e7\u0131klama yapaca\u011f\u0131n\u0131 duyurmu\u015f ve herkesi merakland\u0131rm\u0131\u015ft\u0131. Saat 22.00\u2019\u0131 i\u015faret eden K\u0131l\u0131\u00e7daro\u011flu\u2019ndan herkesin merak etti\u011fi a\u00e7\u0131klama geldi. Merakla beklenen a\u00e7\u0131klamas\u0131n\u0131 sosyal medya \u00fczerinden yay\u0131nlayan K\u0131l\u0131\u00e7daro\u011flu\u2019nun ikinci el araba paras\u0131na s\u0131f\u0131r araba vaadi g\u00fcndeme bomba gibi d\u00fc\u015ft\u00fc. Yapt\u0131\u011f\u0131 a\u00e7\u0131klamalarla s\u0131k s\u0131k g\u00fcndeme gelen CHP lideri Kemal K\u0131l\u0131\u00e7daro\u011flu, vaatlerine bir yenisini daha ekledi. Bu ak\u015fam saat 22.00\u2019\u0131 i\u015faret eden ve \u00f6nemli bir a\u00e7\u0131klama yapaca\u011f\u0131n\u0131 s\u00f6yleyen CHP lideri, saatler 22.00\u2019\u0131 g\u00f6sterdi\u011finde sosyal medya hesab\u0131 \u00fczerinden yapt\u0131\u011f\u0131 payla\u015f\u0131mla bir kez daha g\u00fcndemin ilk s\u0131ralar\u0131na yerle\u015fti. \u0130\u015fte K\u0131l\u0131\u00e7daro\u011flu\u2019nun merakla beklenen a\u00e7\u0131klamas\u0131 ve t\u00fcm detaylar\u2026<\/p>\n<p><strong>\u015eehitlerimize Ba\u015fsa\u011fl\u0131\u011f\u0131 Diledi<\/strong><\/p>\n<p>Resmi sosyal medya hesab\u0131 \u00fczerinden a\u00e7\u0131klama yapan CHP Genel Ba\u015fkan\u0131 Kemal K\u0131l\u0131\u00e7daro\u011flu, belirtti\u011fi gibi saat 22.00\u2019da a\u00e7\u0131klamas\u0131n\u0131 payla\u015ft\u0131. Konu\u015fmas\u0131na \u015fehitlerimize ba\u015fsa\u011fl\u0131\u011f\u0131 dileyerek ba\u015flayan K\u0131l\u0131\u00e7daro\u011flu, \u2018Ter\u00f6rle m\u00fccadelede \u015fehit d\u00fc\u015fen evlatlar\u0131m\u0131za Allah\u2019tan rahmet diliyorum. \u015eehit ailelerimizin, milletimizin ba\u015f\u0131 sa\u011f olsun\u2019 \u0130fadelerini kulland\u0131.<\/p>\n<p><strong>\u00d6TV A\u00e7\u0131klamas\u0131<\/strong><\/p>\n<p>Bug\u00fcn a\u00e7\u0131klamas\u0131nda otomobil vergileri konusunu a\u00e7aca\u011f\u0131n\u0131 s\u00f6yleyen CHP lideri K\u0131l\u0131\u00e7daro\u011flu, \u00f6zellikle \u00d6TV konusuna dikkat \u00e7ekti. T\u00fcrkiye\u2019de bir ara\u00e7 al\u0131rken d\u00fcnyan\u0131n en y\u00fcksek ara\u00e7 al\u0131m vergisi olan \u00d6TV\u2019nin \u00f6dendi\u011fini hat\u0131rlatt\u0131 ve bunun yan\u0131nda arac\u0131n bedeliyle beraber bu verginin de vergisi olarak al\u0131nan y\u00fczde 18 KDV \u00f6dendi\u011fini belirtti. Bunun \u00fcst\u00fcne g\u00fcmr\u00fck vergisi \u00f6dendi\u011fini, bunun da \u00fcst\u00fcne motorlu ta\u015f\u0131tlar vergisi \u00f6dendi\u011fini dile getiren K\u0131l\u0131\u00e7daro\u011flu, \u2018Bu kadar vergi nedir Allah a\u015fk\u0131na?\u2019 ifadeleriyle isyan etti.<\/p>\n<p><img loading=\"lazy\" decoding=\"async\" class=\"aligncenter wp-image-29090 size-full\" src=\"https:\/\/adanaseshaber.com.tr\/wp-content\/uploads\/2022\/07\/kilicdaroglu-herkesin-merak-ettigi-aciklamayi-yapti-1.jpg\" alt=\"\" width=\"1280\" height=\"720\" srcset=\"https:\/\/adanaseshaber.com.tr\/wp-content\/uploads\/2022\/07\/kilicdaroglu-herkesin-merak-ettigi-aciklamayi-yapti-1.jpg 1280w, https:\/\/adanaseshaber.com.tr\/wp-content\/uploads\/2022\/07\/kilicdaroglu-herkesin-merak-ettigi-aciklamayi-yapti-1-300x169.jpg 300w, https:\/\/adanaseshaber.com.tr\/wp-content\/uploads\/2022\/07\/kilicdaroglu-herkesin-merak-ettigi-aciklamayi-yapti-1-1024x576.jpg 1024w, https:\/\/adanaseshaber.com.tr\/wp-content\/uploads\/2022\/07\/kilicdaroglu-herkesin-merak-ettigi-aciklamayi-yapti-1-768x432.jpg 768w, https:\/\/adanaseshaber.com.tr\/wp-content\/uploads\/2022\/07\/kilicdaroglu-herkesin-merak-ettigi-aciklamayi-yapti-1-390x220.jpg 390w\" sizes=\"auto, (max-width: 1280px) 100vw, 1280px\" \/><\/p>\n<p><strong>K\u0131l\u0131\u00e7daro\u011flu\u2019ndan Vergileri \u0130ndirme Vaadi<\/strong><\/p>\n<p>Almanya \u00fczerinden \u00f6rneklendirme yapan K\u0131l\u0131\u00e7daro\u011flu, Almanya\u2019da 15 bin avro olan s\u0131f\u0131r bir arac\u0131n fiyat\u0131n\u0131n T\u00fcrkiye\u2019de vergilerle birlikte 500 bini a\u015ft\u0131\u011f\u0131n\u0131 belirtti. T\u00fcrkiye\u2019de Almanya\u2019daki otomobilin tam iki kat\u0131 fiyat \u00f6dendi\u011finin alt\u0131n\u0131 \u00e7izen K\u0131l\u0131\u00e7daro\u011flu, T\u00fcrkiye n\u00fcfusunun y\u00fczde 95\u2019inin s\u0131f\u0131r ara\u00e7 alma ihtimalinin ise art\u0131k kalmad\u0131\u011f\u0131n\u0131 dile getirdi. A\u00e7\u0131klamas\u0131nda a\u00e7\u0131k\u00e7a \u00e7a\u011fr\u0131 yapan CHP lideri, \u2018\u0130lk yapaca\u011f\u0131m\u0131z i\u015flerden biri 1.6 motor otomobillerde vergileri bug\u00fcn\u00fcn yakla\u015f\u0131k 4\u2019te 1\u2019i oran\u0131nda indirmek olacak. Biliyorsunuz gen\u00e7lerin ilk s\u0131f\u0131r araba almalar\u0131 i\u00e7in \u00d6TV yok demi\u015ftim. O baki.\u2019 dedi. Yeni vaatlerini tek tek s\u0131ralayan K\u0131l\u0131\u00e7daro\u011flu, hafif ticari ara\u00e7lardan da vergilerin indirilece\u011fini s\u00f6yledi ve \u2018\u00d6zetle bug\u00fcn ikinci el olarak sat\u0131lan araban\u0131n paras\u0131yla s\u0131f\u0131r bir araba alabileceksiniz. Tek yapman\u0131z gereken \u015fimdilik araba al\u0131m\u0131n\u0131 \u00f6telemek ve k\u0131sa bir s\u00fcre iktidar\u0131m\u0131z\u0131 beklemek.\u2019 ifadelerini kulland\u0131.<\/p>\n<p>&nbsp;<\/p>\n","protected":false},"excerpt":{"rendered":"<p>CHP Genel Ba\u015fkan\u0131 Kemal K\u0131l\u0131\u00e7daro\u011flu, sosyal medya hesab\u0131 \u00fczerinden bu ak\u015fam saat 22.00\u2019da bir a\u00e7\u0131klama yapaca\u011f\u0131n\u0131 duyurmu\u015f ve herkesi merakland\u0131rm\u0131\u015ft\u0131. Saat 22.00\u2019\u0131 i\u015faret eden K\u0131l\u0131\u00e7daro\u011flu\u2019ndan herkesin merak etti\u011fi a\u00e7\u0131klama geldi. Merakla beklenen a\u00e7\u0131klamas\u0131n\u0131 sosyal medya \u00fczerinden yay\u0131nlayan K\u0131l\u0131\u00e7daro\u011flu\u2019nun ikinci el araba paras\u0131na s\u0131f\u0131r araba vaadi g\u00fcndeme bomba gibi d\u00fc\u015ft\u00fc. Yapt\u0131\u011f\u0131 a\u00e7\u0131klamalarla s\u0131k s\u0131k g\u00fcndeme gelen &hellip;<\/p>\n","protected":false},"author":6,"featured_media":29088,"comment_status":"closed","ping_status":"closed","sticky":false,"template":"","format":"standard","meta":{"footnotes":""},"categories":[1],"tags":[],"class_list":["post-29087","post","type-post","status-publish","format-standard","has-post-thumbnail","hentry","category-genel"],"amp_enabled":true,"_links":{"self":[{"href":"https:\/\/adanaseshaber.com.tr\/index.php?rest_route=\/wp\/v2\/posts\/29087","targetHints":{"allow":["GET"]}}],"collection":[{"href":"https:\/\/adanaseshaber.com.tr\/index.php?rest_route=\/wp\/v2\/posts"}],"about":[{"href":"https:\/\/adanaseshaber.com.tr\/index.php?rest_route=\/wp\/v2\/types\/post"}],"author":[{"embeddable":true,"href":"https:\/\/adanaseshaber.com.tr\/index.php?rest_route=\/wp\/v2\/users\/6"}],"replies":[{"embeddable":true,"href":"https:\/\/adanaseshaber.com.tr\/index.php?rest_route=%2Fwp%2Fv2%2Fcomments&post=29087"}],"version-history":[{"count":2,"href":"https:\/\/adanaseshaber.com.tr\/index.php?rest_route=\/wp\/v2\/posts\/29087\/revisions"}],"predecessor-version":[{"id":29091,"href":"https:\/\/adanaseshaber.com.tr\/index.php?rest_route=\/wp\/v2\/posts\/29087\/revisions\/29091"}],"wp:featuredmedia":[{"embeddable":true,"href":"https:\/\/adanaseshaber.com.tr\/index.php?rest_route=\/wp\/v2\/media\/29088"}],"wp:attachment":[{"href":"https:\/\/adanaseshaber.com.tr\/index.php?rest_route=%2Fwp%2Fv2%2Fmedia&parent=29087"}],"wp:term":[{"taxonomy":"category","embeddable":true,"href":"https:\/\/adanaseshaber.com.tr\/index.php?rest_route=%2Fwp%2Fv2%2Fcategories&post=29087"},{"taxonomy":"post_tag","embeddable":true,"href":"https:\/\/adanaseshaber.com.tr\/index.php?rest_route=%2Fwp%2Fv2%2Ftags&post=29087"}],"curies":[{"name":"wp","href":"https:\/\/api.w.org\/{rel}","templated":true}]}}