{"id":29097,"date":"2022-07-25T23:09:16","date_gmt":"2022-07-25T20:09:16","guid":{"rendered":"https:\/\/www.adanaseshaber.com\/?p=29097"},"modified":"2022-07-25T23:10:33","modified_gmt":"2022-07-25T20:10:33","slug":"cumhurbaskani-erdogan-enflasyonun-dusecegi-tarihi-acikladi","status":"publish","type":"post","link":"https:\/\/adanaseshaber.com.tr\/?p=29097","title":{"rendered":"Cumhurba\u015fkan\u0131 Erdo\u011fan enflasyonun d\u00fc\u015fece\u011fi tarihi a\u00e7\u0131klad\u0131"},"content":{"rendered":"<p>Canl\u0131 yay\u0131nda gazetecilerin sorular\u0131n\u0131 yan\u0131tlayan Cumhurba\u015fkan\u0131 Recep Tayyip Erdo\u011fan, herkesin merak etti\u011fi enflasyon konusuna bir kez daha de\u011findi ve net konu\u015ftu. T\u00fcrkiye\u2019deki ekonomik durumu ele alan Cumhurba\u015fkan\u0131 Erdo\u011fan, hayat pahal\u0131l\u0131\u011f\u0131n\u0131n y\u00fck\u00fcn\u00fcn azalt\u0131lmas\u0131 i\u00e7in ad\u0131mlar at\u0131ld\u0131\u011f\u0131n\u0131 s\u00f6yledi ve enflasyonda d\u00fc\u015f\u00fc\u015f i\u00e7in tarih verdi. G\u00fcndeme dair \u00e7ok \u00f6nemli a\u00e7\u0131klamalarda bulunan Cumhurba\u015fkan\u0131 Erdo\u011fan, ekonomideki son durumla ilgili de de\u011ferlendirme yapt\u0131. \u00dclke ekonomisi ile ilgili a\u00e7\u0131klama yapan Erdo\u011fan, \u015eubat-Mart ay\u0131n\u0131 i\u015faret etti ve bu aylarda enflasyonda belirgin bir d\u00fc\u015f\u00fc\u015f g\u00f6r\u00fclece\u011fini s\u00f6yledi. \u0130\u015fte Cumhurba\u015fkan\u0131 Erdo\u011fan\u2019\u0131n a\u00e7\u0131klamalar\u0131ndan \u00f6ne \u00e7\u0131kanlar\u2026<\/p>\n<p><strong>Enflasyonun D\u00fc\u015fece\u011fi Tarihi A\u00e7\u0131klad\u0131<\/strong><\/p>\n<p>TRT ortak yay\u0131n\u0131nda gazetecilerin sorular\u0131na yan\u0131t veren Cumhurba\u015fkan\u0131 Recep Tayyip Erdo\u011fan, T\u00fcrkiye\u2019nin ekonomik durumuna ili\u015fkin de de\u011ferlendirmelerde bulundu. Hayat pahal\u0131l\u0131\u011f\u0131n\u0131n y\u00fck\u00fcn\u00fc azaltmak i\u00e7in ad\u0131mlar at\u0131ld\u0131\u011f\u0131n\u0131 s\u00f6yleyen Erdo\u011fan, toplam olarak 1,8 milyon hesap a\u00e7\u0131ld\u0131\u011f\u0131n\u0131 ve vatanda\u015f\u0131n Kur Korumal\u0131 Mevduat\u2019a ilgisinin y\u00fcksek oldu\u011funu belirtti. Son haftalarda petrol fiyatlar\u0131nda ya\u015fanan d\u00fc\u015f\u00fc\u015fe dikkat \u00e7ekti ve bu d\u00fc\u015f\u00fc\u015f\u00fcn ula\u015ft\u0131rma konusu ile di\u011fer konular\u0131 da dolayl\u0131 etkilemeyi s\u00fcrd\u00fcrece\u011fini s\u00f6yledi. Bu hafta sonu Ordu\u2019da f\u0131nd\u0131k fiyatlar\u0131n\u0131 a\u00e7\u0131klayacaklar\u0131n\u0131 duyuran Erdo\u011fan enflasyon i\u00e7in de \u015eubat ve Mart aylar\u0131n\u0131 i\u015faret ederek \u2018Enflasyonda \u015eubat-Mart itibar\u0131yla d\u00fc\u015f\u00fc\u015f g\u00f6r\u00fcr\u00fcz.\u2019 dedi.<\/p>\n<p><img loading=\"lazy\" decoding=\"async\" class=\"aligncenter wp-image-29100 size-full\" src=\"https:\/\/adanaseshaber.com.tr\/wp-content\/uploads\/2022\/07\/cumhurbaskani-erdogan-enflasyonun-dusecegi-tarihi-acikladi-1.jpg\" alt=\"\" width=\"1280\" height=\"720\" srcset=\"https:\/\/adanaseshaber.com.tr\/wp-content\/uploads\/2022\/07\/cumhurbaskani-erdogan-enflasyonun-dusecegi-tarihi-acikladi-1.jpg 1280w, https:\/\/adanaseshaber.com.tr\/wp-content\/uploads\/2022\/07\/cumhurbaskani-erdogan-enflasyonun-dusecegi-tarihi-acikladi-1-300x169.jpg 300w, https:\/\/adanaseshaber.com.tr\/wp-content\/uploads\/2022\/07\/cumhurbaskani-erdogan-enflasyonun-dusecegi-tarihi-acikladi-1-1024x576.jpg 1024w, https:\/\/adanaseshaber.com.tr\/wp-content\/uploads\/2022\/07\/cumhurbaskani-erdogan-enflasyonun-dusecegi-tarihi-acikladi-1-768x432.jpg 768w, https:\/\/adanaseshaber.com.tr\/wp-content\/uploads\/2022\/07\/cumhurbaskani-erdogan-enflasyonun-dusecegi-tarihi-acikladi-1-390x220.jpg 390w\" sizes=\"auto, (max-width: 1280px) 100vw, 1280px\" \/><\/p>\n<p><strong>3600 Ek G\u00f6sterge D\u00fczenlemesi<\/strong><\/p>\n<p>3600 ek g\u00f6sterge d\u00fczenlemesi ile ilgili de konu\u015fan Cumhurba\u015fkan\u0131 Erdo\u011fan, Bakan Vedat Bilgin\u2019in bu \u00e7al\u0131\u015fmalar\u0131 s\u00fcrd\u00fcrd\u00fc\u011f\u00fcn\u00fc ve t\u00fcm \u00e7al\u0131\u015fmalar i\u00e7in belirlenen bir takvim oldu\u011funu aktard\u0131. Ek g\u00f6sterge konusunun y\u0131llard\u0131r \u00fclke g\u00fcndeminde oldu\u011funu, son d\u00fczenlemenin 1994 y\u0131l\u0131nda yap\u0131ld\u0131\u011f\u0131n\u0131 hat\u0131rlatan Erdo\u011fan, t\u00fcm g\u00f6sterge sisteminin ba\u015f\u0131ndan sonuna kadar d\u00fczenlendi\u011fini, t\u00fcm \u00f6\u011fretmenlerin, polislerin, uzman erba\u015flar, avukatlar, bek\u00e7iler gibi gruplar\u0131n da 3600 ek g\u00f6stergeden faydalanmas\u0131n\u0131n sa\u011fland\u0131\u011f\u0131n\u0131 s\u00f6yledi. 3600 ek g\u00f6stergenin ihtiya\u00e7lar ve talepler noktas\u0131nda revize edildi\u011fini ve Meclis\u2019te kabul edilerek hayata ge\u00e7irildi\u011fini bir kez daha hat\u0131rlatt\u0131.<\/p>\n<p><strong>2023 Se\u00e7imleri<\/strong><\/p>\n<p>S\u0131k s\u0131k erken se\u00e7im konusunun g\u00fcndeme geldi\u011fini belirten Erdo\u011fan, se\u00e7imin belirlenen tarihte yap\u0131laca\u011f\u0131n\u0131 ve erken se\u00e7im olmayaca\u011f\u0131n\u0131 bir kez daha a\u00e7\u0131klad\u0131. 2023 se\u00e7imlerini t\u00fcm se\u00e7imlerden daha \u00f6nemli g\u00f6rd\u00fcklerini s\u00f6yledi ve \u20182023 se\u00e7imlerini bu zamana kadar girip galip \u00e7\u0131kt\u0131\u011f\u0131m\u0131z t\u00fcm se\u00e7imlerden daha \u00f6nemli g\u00f6r\u00fcyoruz. Bu se\u00e7imi de bir d\u00f6n\u00fcm noktas\u0131 olarak g\u00f6r\u00fcyoruz.\u2019 dedi.<\/p>\n<p>&nbsp;<\/p>\n","protected":false},"excerpt":{"rendered":"<p>Canl\u0131 yay\u0131nda gazetecilerin sorular\u0131n\u0131 yan\u0131tlayan Cumhurba\u015fkan\u0131 Recep Tayyip Erdo\u011fan, herkesin merak etti\u011fi enflasyon konusuna bir kez daha de\u011findi ve net konu\u015ftu. T\u00fcrkiye\u2019deki ekonomik durumu ele alan Cumhurba\u015fkan\u0131 Erdo\u011fan, hayat pahal\u0131l\u0131\u011f\u0131n\u0131n y\u00fck\u00fcn\u00fcn azalt\u0131lmas\u0131 i\u00e7in ad\u0131mlar at\u0131ld\u0131\u011f\u0131n\u0131 s\u00f6yledi ve enflasyonda d\u00fc\u015f\u00fc\u015f i\u00e7in tarih verdi. G\u00fcndeme dair \u00e7ok \u00f6nemli a\u00e7\u0131klamalarda bulunan Cumhurba\u015fkan\u0131 Erdo\u011fan, ekonomideki son durumla ilgili de &hellip;<\/p>\n","protected":false},"author":6,"featured_media":29098,"comment_status":"closed","ping_status":"closed","sticky":false,"template":"","format":"standard","meta":{"footnotes":""},"categories":[1],"tags":[],"class_list":["post-29097","post","type-post","status-publish","format-standard","has-post-thumbnail","hentry","category-genel"],"amp_enabled":true,"_links":{"self":[{"href":"https:\/\/adanaseshaber.com.tr\/index.php?rest_route=\/wp\/v2\/posts\/29097","targetHints":{"allow":["GET"]}}],"collection":[{"href":"https:\/\/adanaseshaber.com.tr\/index.php?rest_route=\/wp\/v2\/posts"}],"about":[{"href":"https:\/\/adanaseshaber.com.tr\/index.php?rest_route=\/wp\/v2\/types\/post"}],"author":[{"embeddable":true,"href":"https:\/\/adanaseshaber.com.tr\/index.php?rest_route=\/wp\/v2\/users\/6"}],"replies":[{"embeddable":true,"href":"https:\/\/adanaseshaber.com.tr\/index.php?rest_route=%2Fwp%2Fv2%2Fcomments&post=29097"}],"version-history":[{"count":2,"href":"https:\/\/adanaseshaber.com.tr\/index.php?rest_route=\/wp\/v2\/posts\/29097\/revisions"}],"predecessor-version":[{"id":29101,"href":"https:\/\/adanaseshaber.com.tr\/index.php?rest_route=\/wp\/v2\/posts\/29097\/revisions\/29101"}],"wp:featuredmedia":[{"embeddable":true,"href":"https:\/\/adanaseshaber.com.tr\/index.php?rest_route=\/wp\/v2\/media\/29098"}],"wp:attachment":[{"href":"https:\/\/adanaseshaber.com.tr\/index.php?rest_route=%2Fwp%2Fv2%2Fmedia&parent=29097"}],"wp:term":[{"taxonomy":"category","embeddable":true,"href":"https:\/\/adanaseshaber.com.tr\/index.php?rest_route=%2Fwp%2Fv2%2Fcategories&post=29097"},{"taxonomy":"post_tag","embeddable":true,"href":"https:\/\/adanaseshaber.com.tr\/index.php?rest_route=%2Fwp%2Fv2%2Ftags&post=29097"}],"curies":[{"name":"wp","href":"https:\/\/api.w.org\/{rel}","templated":true}]}}