{"id":29102,"date":"2022-07-25T23:24:45","date_gmt":"2022-07-25T20:24:45","guid":{"rendered":"https:\/\/www.adanaseshaber.com\/?p=29102"},"modified":"2022-07-25T23:27:00","modified_gmt":"2022-07-25T20:27:00","slug":"demet-ozdemir-ve-oguzhan-kocun-dugun-tarihi-belli-oldu","status":"publish","type":"post","link":"https:\/\/adanaseshaber.com.tr\/?p=29102","title":{"rendered":"Demet \u00d6zdemir ve O\u011fuzhan Ko\u00e7&#8217;un d\u00fc\u011f\u00fcn tarihi belli oldu"},"content":{"rendered":"<p>\u00dcnl\u00fc oyuncu Demet \u00d6zdemir ve \u015fark\u0131c\u0131 O\u011fuzhan Ko\u00e7\u2019un d\u00fc\u011f\u00fcn tarihleri merakla ara\u015ft\u0131r\u0131l\u0131yordu. Ge\u00e7ti\u011fimiz aylarda ni\u015fanlanan \u00fcnl\u00fc \u00e7iftin d\u00fc\u011f\u00fcn tarihi ile ilgili ara\u015ft\u0131rmalar s\u00fcrerken d\u00fc\u011f\u00fcn\u00fcn yaz bitmeden yap\u0131laca\u011f\u0131na dair iddialar magazin g\u00fcndeminde yer almaya ba\u015flam\u0131\u015ft\u0131. \u00dcnl\u00fc \u00e7ift ise yapt\u0131klar\u0131 her a\u00e7\u0131klamada A\u011fustos sonunda evleneceklerini vurgulamaya devam ediyordu. Ve nihayet \u00d6zdemir ile Ko\u00e7 \u00e7iftinin d\u00fc\u011f\u00fcn tarihi netle\u015fti. Uzun bir s\u00fcredir ili\u015fkileri devam eden Demet \u00d6zdemir ve O\u011fuzhan Ko\u00e7 \u00e7ifti ge\u00e7ti\u011fimiz aylarda yak\u0131n \u00e7evresinin kat\u0131ld\u0131\u011f\u0131 muhte\u015fem bir t\u00f6renle ni\u015fanlanm\u0131\u015f ve evlili\u011fe ilk ad\u0131m\u0131 atm\u0131\u015ft\u0131. \u00dcnl\u00fc \u00e7itin d\u00fc\u011f\u00fcn tarihi i\u00e7in merakl\u0131 bekleyi\u015f s\u00fcrerken yaz bitmeden yap\u0131laca\u011f\u0131 konu\u015fulan d\u00fc\u011f\u00fcn\u00fcn tarihi netle\u015fti. Bir mekan \u00e7\u0131k\u0131\u015f\u0131 magazincilerin sorular\u0131n\u0131 yan\u0131tlayan \u00fcnl\u00fc \u00e7ift d\u00fc\u011f\u00fcn tarihlerini a\u00e7\u0131klad\u0131.<\/p>\n<p><strong>Evleniyorlar<\/strong><\/p>\n<p>\u00dcnl\u00fc oyuncu Demet \u00d6zdemir, g\u00f6nl\u00fcn\u00fc kapt\u0131rd\u0131\u011f\u0131 \u00fcnl\u00fc \u015fark\u0131c\u0131 O\u011fuzhan Ko\u00e7 ile evlilik yolunda. Ge\u00e7ti\u011fimiz aylarda yak\u0131n \u00e7evrelerinin kat\u0131l\u0131m\u0131yla ger\u00e7ekle\u015fen muhte\u015fem bir t\u00f6renle ni\u015fanlanan Demet \u00d6zdemir ve O\u011fuzhan Ko\u00e7 \u00e7iftinin d\u00fc\u011f\u00fcn tarihi merak ediliyordu. O\u011fuzhan Ko\u00e7, sevgilisi Demet \u00d6zdemir\u2019i ailesinden istedi ve \u00e7ift muhte\u015fem bir t\u00f6renle ni\u015fan y\u00fcz\u00fcklerini takt\u0131. Magazin man\u015fetlerinin en \u00fcst s\u0131ralar\u0131na ta\u015f\u0131nan ni\u015fan t\u00f6reninin ard\u0131ndan g\u00f6zler d\u00fc\u011f\u00fcn tarihine \u00e7evrildi.<\/p>\n<p><strong>D\u00fc\u011f\u00fcn Tarihini A\u00e7\u0131klad\u0131lar<\/strong><\/p>\n<p>\u00dcnl\u00fc \u00e7ift her f\u0131rsatta d\u00fc\u011f\u00fcnlerini A\u011fustos sonunda yapacaklar\u0131n\u0131 vurguluyor ancak net bir tarih vermekten ka\u00e7\u0131n\u0131yordu. \u00d6zdemir ve Ko\u00e7 \u00e7iftinden ilk kez net bir a\u00e7\u0131klama geldi. Bir mekan \u00e7\u0131k\u0131\u015f\u0131nda magazincilerin sorular\u0131n\u0131 yan\u0131tlayan \u00fcnl\u00fc \u00e7ift 26 A\u011fustos tarihinde evleneceklerini duyurdu.<\/p>\n<p><img loading=\"lazy\" decoding=\"async\" class=\"aligncenter wp-image-29105 size-full\" src=\"https:\/\/adanaseshaber.com.tr\/wp-content\/uploads\/2022\/07\/demet-ozdemir-ve-oguzhan-kocun-dugun-tarihi-belli-oldu-1.jpg\" alt=\"\" width=\"1280\" height=\"720\" srcset=\"https:\/\/adanaseshaber.com.tr\/wp-content\/uploads\/2022\/07\/demet-ozdemir-ve-oguzhan-kocun-dugun-tarihi-belli-oldu-1.jpg 1280w, https:\/\/adanaseshaber.com.tr\/wp-content\/uploads\/2022\/07\/demet-ozdemir-ve-oguzhan-kocun-dugun-tarihi-belli-oldu-1-300x169.jpg 300w, https:\/\/adanaseshaber.com.tr\/wp-content\/uploads\/2022\/07\/demet-ozdemir-ve-oguzhan-kocun-dugun-tarihi-belli-oldu-1-1024x576.jpg 1024w, https:\/\/adanaseshaber.com.tr\/wp-content\/uploads\/2022\/07\/demet-ozdemir-ve-oguzhan-kocun-dugun-tarihi-belli-oldu-1-768x432.jpg 768w, https:\/\/adanaseshaber.com.tr\/wp-content\/uploads\/2022\/07\/demet-ozdemir-ve-oguzhan-kocun-dugun-tarihi-belli-oldu-1-390x220.jpg 390w\" sizes=\"auto, (max-width: 1280px) 100vw, 1280px\" \/><\/p>\n<p><strong>1 Milyon TL De\u011ferinde Hediye<\/strong><\/p>\n<p>Evlilik yolunda olan magazinin g\u00f6zde \u00e7iftlerinden Demet \u00d6zdemir ve O\u011fuzhan Ko\u00e7, 1 milyon TL de\u011ferindeki hediye saat iddialar\u0131yla g\u00fcndeme geldi. Demet \u00d6zdemir\u2019in ni\u015fanl\u0131s\u0131 O\u011fuzhan Ko\u00e7\u2019a Hollywood y\u0131ld\u0131zlar\u0131 taraf\u0131ndan s\u0131k\u00e7a tercih edilen ve fiyat\u0131 1 milyon TL\u2019den fazla olan bir saat hediye edece\u011fi \u00f6ne s\u00fcr\u00fcld\u00fc. Konuyla ilgili a\u00e7\u0131klama yapan O\u011fuzhan Ko\u00e7 ise \u2018D\u00fc\u011f\u00fcn\u00fc daha yapmad\u0131k. Ben de bekliyorum bakal\u0131m ne olacak.\u2019 ifadelerini kulland\u0131. Yak\u0131\u015f\u0131kl\u0131 \u015fark\u0131c\u0131 kendi hediyesi hakk\u0131nda ise ser verip s\u0131r vermedi.<\/p>\n","protected":false},"excerpt":{"rendered":"<p>\u00dcnl\u00fc oyuncu Demet \u00d6zdemir ve \u015fark\u0131c\u0131 O\u011fuzhan Ko\u00e7\u2019un d\u00fc\u011f\u00fcn tarihleri merakla ara\u015ft\u0131r\u0131l\u0131yordu. Ge\u00e7ti\u011fimiz aylarda ni\u015fanlanan \u00fcnl\u00fc \u00e7iftin d\u00fc\u011f\u00fcn tarihi ile ilgili ara\u015ft\u0131rmalar s\u00fcrerken d\u00fc\u011f\u00fcn\u00fcn yaz bitmeden yap\u0131laca\u011f\u0131na dair iddialar magazin g\u00fcndeminde yer almaya ba\u015flam\u0131\u015ft\u0131. \u00dcnl\u00fc \u00e7ift ise yapt\u0131klar\u0131 her a\u00e7\u0131klamada A\u011fustos sonunda evleneceklerini vurgulamaya devam ediyordu. Ve nihayet \u00d6zdemir ile Ko\u00e7 \u00e7iftinin d\u00fc\u011f\u00fcn tarihi netle\u015fti. &hellip;<\/p>\n","protected":false},"author":6,"featured_media":29103,"comment_status":"closed","ping_status":"closed","sticky":false,"template":"","format":"standard","meta":{"footnotes":""},"categories":[15431],"tags":[],"class_list":["post-29102","post","type-post","status-publish","format-standard","has-post-thumbnail","hentry","category-medya"],"amp_enabled":true,"_links":{"self":[{"href":"https:\/\/adanaseshaber.com.tr\/index.php?rest_route=\/wp\/v2\/posts\/29102","targetHints":{"allow":["GET"]}}],"collection":[{"href":"https:\/\/adanaseshaber.com.tr\/index.php?rest_route=\/wp\/v2\/posts"}],"about":[{"href":"https:\/\/adanaseshaber.com.tr\/index.php?rest_route=\/wp\/v2\/types\/post"}],"author":[{"embeddable":true,"href":"https:\/\/adanaseshaber.com.tr\/index.php?rest_route=\/wp\/v2\/users\/6"}],"replies":[{"embeddable":true,"href":"https:\/\/adanaseshaber.com.tr\/index.php?rest_route=%2Fwp%2Fv2%2Fcomments&post=29102"}],"version-history":[{"count":2,"href":"https:\/\/adanaseshaber.com.tr\/index.php?rest_route=\/wp\/v2\/posts\/29102\/revisions"}],"predecessor-version":[{"id":29106,"href":"https:\/\/adanaseshaber.com.tr\/index.php?rest_route=\/wp\/v2\/posts\/29102\/revisions\/29106"}],"wp:featuredmedia":[{"embeddable":true,"href":"https:\/\/adanaseshaber.com.tr\/index.php?rest_route=\/wp\/v2\/media\/29103"}],"wp:attachment":[{"href":"https:\/\/adanaseshaber.com.tr\/index.php?rest_route=%2Fwp%2Fv2%2Fmedia&parent=29102"}],"wp:term":[{"taxonomy":"category","embeddable":true,"href":"https:\/\/adanaseshaber.com.tr\/index.php?rest_route=%2Fwp%2Fv2%2Fcategories&post=29102"},{"taxonomy":"post_tag","embeddable":true,"href":"https:\/\/adanaseshaber.com.tr\/index.php?rest_route=%2Fwp%2Fv2%2Ftags&post=29102"}],"curies":[{"name":"wp","href":"https:\/\/api.w.org\/{rel}","templated":true}]}}