{"id":29159,"date":"2022-07-26T11:01:09","date_gmt":"2022-07-26T08:01:09","guid":{"rendered":"https:\/\/www.adanaseshaber.com\/?p=29159"},"modified":"2022-07-26T11:11:42","modified_gmt":"2022-07-26T08:11:42","slug":"yeni-otv-duzenlemesi-resmi-gazetede-yayimlandi","status":"publish","type":"post","link":"https:\/\/adanaseshaber.com.tr\/?p=29159","title":{"rendered":"Yeni \u00d6TV d\u00fczenlemesi Resmi Gazete\u2019de yay\u0131mland\u0131"},"content":{"rendered":"<p>\u00d6zel T\u00fcketim Vergisi (\u00d6TV) ile ilgili bug\u00fcn Resmi Gazete\u2019de \u00f6nemli bir karar yay\u0131mland\u0131. Yay\u0131mlanan karara g\u00f6re, \u00d6TV genel tebli\u011finde yer alan Bakanlar Kurulu ibaresi Cumhurba\u015fkan\u0131 olarak de\u011fi\u015ftirildi. Bu kapsamda \u00d6TV de\u011fi\u015ftirme yetkisi art\u0131k Cumhurba\u015fkan\u0131nda olacak. Cumhurba\u015fkan\u0131, 3 kat art\u0131rabilecek veya s\u0131f\u0131ra indirebilecek. \u00d6TV yetkisinin Cumhurba\u015fkan\u0131&#8217;na ge\u00e7mesinin ard\u0131ndan otomobil almak isteyen vatanda\u015flar\u0131n indirim beklentisi artt\u0131. Resmi Gazete\u2019de yay\u0131mlanan yeni karar kapsam\u0131nda \u00d6TV yetkisi art\u0131k Cumhurba\u015fkan\u0131 Erdo\u011fan\u2019da. Cumhurba\u015fkan\u0131, motorlu ara\u00e7 \u00d6TV ve matrahlar\u0131n\u0131n alt ve \u00fcst s\u0131n\u0131r\u0131n\u0131 3 kat\u0131na kadar art\u0131rabilecek veya s\u0131f\u0131ra \u00e7ekebilecek.<\/p>\n<p><strong>Resmi Gazete&#8217;de Yay\u0131mland\u0131<\/strong><\/p>\n<p>\u00d6zel T\u00fcketim Vergisi (\u00d6TV) ile ilgili yeni bir d\u00fczenleme yap\u0131ld\u0131. S\u00f6z konusu yeni d\u00fczenleme Resmi Gazete&#8217;de yay\u0131mland\u0131. Bu kapsamda \u00d6TV genel tebli\u011finde yer alan Bakanlar Kurulu ibaresi Cumhurba\u015fkan\u0131 olarak de\u011fi\u015ftirildi. Yap\u0131lan d\u00fczenlemeyle Cumhurba\u015fkan\u0131&#8217;na motorlu ara\u00e7 \u00d6TV ve matrahlar\u0131n\u0131n alt ve \u00fcst s\u0131n\u0131rlar\u0131n\u0131 3 kat\u0131na kadar art\u0131rabilme veya s\u0131f\u0131ra indirebilme yetkisi verildi.<\/p>\n<p><strong>Vatanda\u015f \u0130ndirim Beklentisine Girdi<\/strong><\/p>\n<p>Cumhurba\u015fkan\u0131&#8217;na verilen \u00d6TV yetkisinin ard\u0131ndan yeni ara\u00e7 alacak olan vatanda\u015flar indirim beklentisine girdi. Daha \u00f6nce Bakanlar Kurulu&#8217;nun \u00d6TV oranlar\u0131n\u0131 bir kat\u0131na art\u0131rma veya s\u0131f\u0131ra indirme yetkisi vard\u0131. Bu yetki, Cumhurba\u015fkan\u0131nca &#8216;\u00d6TV oranlar\u0131 ve matrahlar\u0131n\u0131n alt ve \u00fcst s\u0131n\u0131rlar\u0131n\u0131 3 kat\u0131na kadar art\u0131rma veya s\u0131f\u0131ra indirme&#8217; olarak d\u00fczenlendi.<\/p>\n<p><img loading=\"lazy\" decoding=\"async\" class=\"aligncenter wp-image-29172 size-full\" src=\"https:\/\/adanaseshaber.com.tr\/wp-content\/uploads\/2022\/07\/yeni-otv-duzenlemesi-resmi-gazetede-yayimlandi-1.jpg\" alt=\"\" width=\"1280\" height=\"720\" srcset=\"https:\/\/adanaseshaber.com.tr\/wp-content\/uploads\/2022\/07\/yeni-otv-duzenlemesi-resmi-gazetede-yayimlandi-1.jpg 1280w, https:\/\/adanaseshaber.com.tr\/wp-content\/uploads\/2022\/07\/yeni-otv-duzenlemesi-resmi-gazetede-yayimlandi-1-300x169.jpg 300w, https:\/\/adanaseshaber.com.tr\/wp-content\/uploads\/2022\/07\/yeni-otv-duzenlemesi-resmi-gazetede-yayimlandi-1-1024x576.jpg 1024w, https:\/\/adanaseshaber.com.tr\/wp-content\/uploads\/2022\/07\/yeni-otv-duzenlemesi-resmi-gazetede-yayimlandi-1-768x432.jpg 768w, https:\/\/adanaseshaber.com.tr\/wp-content\/uploads\/2022\/07\/yeni-otv-duzenlemesi-resmi-gazetede-yayimlandi-1-390x220.jpg 390w\" sizes=\"auto, (max-width: 1280px) 100vw, 1280px\" \/><\/p>\n<p><strong>Farkl\u0131 Matrah Gruplar\u0131 Da Olu\u015fturabilecek<\/strong><\/p>\n<p>Resmi Gazeet&#8217;de yay\u0131mlanan ilgili maddeyle ilgili yap\u0131lan bir di\u011fer d\u00fczenleme kapsam\u0131nda Cumhurba\u015fkan\u0131 ayr\u0131ca, belirlenen \u00d6TV ve matrah s\u0131n\u0131rlar\u0131 i\u00e7inde kalmak \u015fart\u0131yla 87.03 GT\u0130P numaras\u0131nda yer alan motorlu ara\u00e7lar i\u00e7in farkl\u0131 matrah gruplar\u0131 da olu\u015fturabilecek. Bu yetki ile Cumhurba\u015fkan\u0131, mallar\u0131n matrah gruplar\u0131, motor g\u00fcc\u00fc, cinsi, s\u0131n\u0131f\u0131, \u00fcst yap\u0131 g\u00f6vde tan\u0131m\u0131, emisyon t\u00fcr\u00fc ve de\u011feri, istiap haddi ile yolcu ve y\u00fck ta\u015f\u0131ma kapasitesi itibar\u0131yla farkl\u0131 oranlar belirleyebilecek.<\/p>\n","protected":false},"excerpt":{"rendered":"<p>\u00d6zel T\u00fcketim Vergisi (\u00d6TV) ile ilgili bug\u00fcn Resmi Gazete\u2019de \u00f6nemli bir karar yay\u0131mland\u0131. Yay\u0131mlanan karara g\u00f6re, \u00d6TV genel tebli\u011finde yer alan Bakanlar Kurulu ibaresi Cumhurba\u015fkan\u0131 olarak de\u011fi\u015ftirildi. Bu kapsamda \u00d6TV de\u011fi\u015ftirme yetkisi art\u0131k Cumhurba\u015fkan\u0131nda olacak. Cumhurba\u015fkan\u0131, 3 kat art\u0131rabilecek veya s\u0131f\u0131ra indirebilecek. \u00d6TV yetkisinin Cumhurba\u015fkan\u0131&#8217;na ge\u00e7mesinin ard\u0131ndan otomobil almak isteyen vatanda\u015flar\u0131n indirim beklentisi artt\u0131. Resmi &hellip;<\/p>\n","protected":false},"author":6,"featured_media":29160,"comment_status":"closed","ping_status":"closed","sticky":false,"template":"","format":"standard","meta":{"footnotes":""},"categories":[1],"tags":[],"class_list":["post-29159","post","type-post","status-publish","format-standard","has-post-thumbnail","hentry","category-genel"],"amp_enabled":true,"_links":{"self":[{"href":"https:\/\/adanaseshaber.com.tr\/index.php?rest_route=\/wp\/v2\/posts\/29159","targetHints":{"allow":["GET"]}}],"collection":[{"href":"https:\/\/adanaseshaber.com.tr\/index.php?rest_route=\/wp\/v2\/posts"}],"about":[{"href":"https:\/\/adanaseshaber.com.tr\/index.php?rest_route=\/wp\/v2\/types\/post"}],"author":[{"embeddable":true,"href":"https:\/\/adanaseshaber.com.tr\/index.php?rest_route=\/wp\/v2\/users\/6"}],"replies":[{"embeddable":true,"href":"https:\/\/adanaseshaber.com.tr\/index.php?rest_route=%2Fwp%2Fv2%2Fcomments&post=29159"}],"version-history":[{"count":6,"href":"https:\/\/adanaseshaber.com.tr\/index.php?rest_route=\/wp\/v2\/posts\/29159\/revisions"}],"predecessor-version":[{"id":29173,"href":"https:\/\/adanaseshaber.com.tr\/index.php?rest_route=\/wp\/v2\/posts\/29159\/revisions\/29173"}],"wp:featuredmedia":[{"embeddable":true,"href":"https:\/\/adanaseshaber.com.tr\/index.php?rest_route=\/wp\/v2\/media\/29160"}],"wp:attachment":[{"href":"https:\/\/adanaseshaber.com.tr\/index.php?rest_route=%2Fwp%2Fv2%2Fmedia&parent=29159"}],"wp:term":[{"taxonomy":"category","embeddable":true,"href":"https:\/\/adanaseshaber.com.tr\/index.php?rest_route=%2Fwp%2Fv2%2Fcategories&post=29159"},{"taxonomy":"post_tag","embeddable":true,"href":"https:\/\/adanaseshaber.com.tr\/index.php?rest_route=%2Fwp%2Fv2%2Ftags&post=29159"}],"curies":[{"name":"wp","href":"https:\/\/api.w.org\/{rel}","templated":true}]}}