{"id":29174,"date":"2022-07-26T11:30:02","date_gmt":"2022-07-26T08:30:02","guid":{"rendered":"https:\/\/www.adanaseshaber.com\/?p=29174"},"modified":"2022-07-26T11:31:28","modified_gmt":"2022-07-26T08:31:28","slug":"izmirde-kadin-otobus-soforune-yumruklu-saldiri","status":"publish","type":"post","link":"https:\/\/adanaseshaber.com.tr\/?p=29174","title":{"rendered":"\u0130zmir\u2019de kad\u0131n otob\u00fcs \u015fof\u00f6r\u00fcne yumruklu sald\u0131r\u0131"},"content":{"rendered":"<p>\u0130zmir\u2019de kad\u0131n otob\u00fcs \u015fof\u00f6r\u00fcne s\u00f6zl\u00fc ve fiziksel sald\u0131r\u0131 otob\u00fcs\u00fcn g\u00fcvenlik kameras\u0131na saniye saniye yans\u0131d\u0131r. \u0130zmir B\u00fcy\u00fck\u015fehir Belediyesi ESHOT Genel M\u00fcd\u00fcrl\u00fc\u011f\u00fc\u2019ne ba\u011fl\u0131 bir otob\u00fcste kad\u0131n \u015fof\u00f6r ile yolcu aras\u0131nda tart\u0131\u015fma \u00e7\u0131kt\u0131. Tart\u0131\u015fma s\u0131ras\u0131nda \u015fof\u00f6re s\u00f6zl\u00fc ve fiziksel sald\u0131r\u0131da bulunan yolcuyu di\u011fer yolcular engellemek istedi. Yolcunun durak haricinde inmek istemesi \u00fczerine \u00e7\u0131kan tart\u0131\u015fma yolcunun s\u00f6zl\u00fc ve fiziksel \u015fiddetine d\u00f6nd\u00fc. Kad\u0131n \u015fof\u00f6re tehditler savuran \u015fah\u0131s daha sonra kabini tekmeleyerek yumruk atmaya ba\u015flad\u0131. Bu s\u0131rada di\u011fer yolcular araya girmek istedi ancak \u00f6fkeli yolcu sald\u0131r\u0131lar\u0131na devam etti. \u015eof\u00f6r\u00fcn ihbar\u0131 \u00fczerine olay yerine gelen polis ekipleri \u015fahs\u0131 g\u00f6zalt\u0131na ald\u0131.<\/p>\n<p><strong>Kad\u0131n \u015eof\u00f6re Sald\u0131r\u0131<\/strong><\/p>\n<p>\u0130zmir B\u00fcy\u00fck\u015fehir Belediyesi ESHOT Genel M\u00fcd\u00fcrl\u00fc\u011f\u00fc\u2019ne ba\u011fl\u0131 olan ve Konak-Halkap\u0131nar Metro 2 (253) hatt\u0131nda \u00e7al\u0131\u015fan bir kad\u0131n \u015fof\u00f6r yolcunun s\u00f6zl\u00fc ve fiziksel sald\u0131r\u0131s\u0131na u\u011frad\u0131. Bu sabah saatlerinde ya\u015fanan olayda, \u015fof\u00f6r B.A., Alsancak Gar Dura\u011f\u0131\u2019ndan yolcusunu ald\u0131 ve yoluna devam etti. K\u0131rm\u0131z\u0131 \u0131\u015f\u0131\u011f\u0131n yand\u0131\u011f\u0131 esnada ye\u015fil \u0131\u015f\u0131\u011f\u0131n yanmas\u0131n\u0131 beklemek i\u00e7in duran otob\u00fcse binmek isteyenler oldu. Ancak \u015fof\u00f6r B.A., yolcu ve trafik g\u00fcvenli\u011fini korumak amac\u0131yla kurallara uydu ve yasak oldu\u011fu i\u00e7in kap\u0131y\u0131 a\u00e7mad\u0131. Bu s\u0131rada yolculardan G.Y. \u015fof\u00f6rden kap\u0131y\u0131 a\u00e7mas\u0131n\u0131 istedi ve olumsuz yan\u0131t ald\u0131. \u015eof\u00f6r\u00fcn kap\u0131y\u0131 a\u00e7mamas\u0131 \u00fczerine hakaret etmeye ba\u015flayan yolcu, hakaretlerine devam ederken \u015fof\u00f6r B.A. ise otob\u00fcs\u00fc kenara \u00e7ekerek ESHOT \u015eof\u00f6r Destek Hatt\u0131\u2019ndan yard\u0131m istedi.<\/p>\n<p><img loading=\"lazy\" decoding=\"async\" class=\"aligncenter wp-image-29178 size-full\" src=\"https:\/\/adanaseshaber.com.tr\/wp-content\/uploads\/2022\/07\/izmirde-kadin-otobus-soforune-yumruklu-saldiri-1.jpg\" alt=\"\" width=\"1280\" height=\"720\" srcset=\"https:\/\/adanaseshaber.com.tr\/wp-content\/uploads\/2022\/07\/izmirde-kadin-otobus-soforune-yumruklu-saldiri-1.jpg 1280w, https:\/\/adanaseshaber.com.tr\/wp-content\/uploads\/2022\/07\/izmirde-kadin-otobus-soforune-yumruklu-saldiri-1-300x169.jpg 300w, https:\/\/adanaseshaber.com.tr\/wp-content\/uploads\/2022\/07\/izmirde-kadin-otobus-soforune-yumruklu-saldiri-1-1024x576.jpg 1024w, https:\/\/adanaseshaber.com.tr\/wp-content\/uploads\/2022\/07\/izmirde-kadin-otobus-soforune-yumruklu-saldiri-1-768x432.jpg 768w, https:\/\/adanaseshaber.com.tr\/wp-content\/uploads\/2022\/07\/izmirde-kadin-otobus-soforune-yumruklu-saldiri-1-390x220.jpg 390w\" sizes=\"auto, (max-width: 1280px) 100vw, 1280px\" \/><\/p>\n<p><strong>Kap\u0131y\u0131 K\u0131rarak Yumruk Att\u0131<\/strong><\/p>\n<p>Olay yerinde polis ekiplerinin beklendi\u011fi s\u0131rada hakaretlerinin dozunu art\u0131ran yolcu G.Y., \u00f6fkeden \u00e7\u0131lg\u0131na d\u00f6nd\u00fc ve bir anda \u015fof\u00f6r koruma kap\u0131s\u0131n\u0131 k\u0131rarak kad\u0131n \u015fof\u00f6re yumruk att\u0131. Ya\u015fanan sald\u0131r\u0131da \u015fof\u00f6r g\u00f6z\u00fcnden ve kolundan yaraland\u0131. Otob\u00fcsteki di\u011fer yolcular araya girerek \u015fiddetin dozunun daha da artmas\u0131n\u0131 engelledi. Olay yerine gelen polis ekipleri zanl\u0131y\u0131 \u2018Kasten yaralama ve kamu mal\u0131na zarar verme\u2019 su\u00e7lar\u0131ndan g\u00f6zalt\u0131na ald\u0131. Ya\u015fad\u0131\u011f\u0131 olay\u0131n korkusu ve \u015fokuyla g\u00f6zya\u015flar\u0131na bo\u011fulan \u015fof\u00f6r B.A. ise darp raporu alarak \u015fah\u0131stan \u015fikayet\u00e7i oldu.<\/p>\n<p><strong>Belediye Ba\u015fkan\u0131 Soyer\u2019den A\u00e7\u0131klama<\/strong><\/p>\n<p>Kad\u0131n \u015fof\u00f6re sald\u0131r\u0131 olay\u0131yla ilgili a\u00e7\u0131klama yapan \u0130zmir B\u00fcy\u00fck\u015fehir Belediye Ba\u015fkan\u0131 Tun\u00e7 Soyer, hukuki takipte olduklar\u0131n\u0131 s\u00f6yledi. Sald\u0131r\u0131ya u\u011frayan \u015fof\u00f6r B.A.\u2019y\u0131 arayarak ge\u00e7mi\u015f olsun dileklerini ileten Soyer, \u2018\u015eof\u00f6r karde\u015fimize sahip \u00e7\u0131kan yolcular\u0131m\u0131za ve olaya h\u0131zla m\u00fcdahale eden emniyet g\u00fc\u00e7lerimize te\u015fekk\u00fcr ediyorum.\u2019 ifadelerini kulland\u0131.<\/p>\n","protected":false},"excerpt":{"rendered":"<p>\u0130zmir\u2019de kad\u0131n otob\u00fcs \u015fof\u00f6r\u00fcne s\u00f6zl\u00fc ve fiziksel sald\u0131r\u0131 otob\u00fcs\u00fcn g\u00fcvenlik kameras\u0131na saniye saniye yans\u0131d\u0131r. \u0130zmir B\u00fcy\u00fck\u015fehir Belediyesi ESHOT Genel M\u00fcd\u00fcrl\u00fc\u011f\u00fc\u2019ne ba\u011fl\u0131 bir otob\u00fcste kad\u0131n \u015fof\u00f6r ile yolcu aras\u0131nda tart\u0131\u015fma \u00e7\u0131kt\u0131. Tart\u0131\u015fma s\u0131ras\u0131nda \u015fof\u00f6re s\u00f6zl\u00fc ve fiziksel sald\u0131r\u0131da bulunan yolcuyu di\u011fer yolcular engellemek istedi. Yolcunun durak haricinde inmek istemesi \u00fczerine \u00e7\u0131kan tart\u0131\u015fma yolcunun s\u00f6zl\u00fc ve fiziksel &hellip;<\/p>\n","protected":false},"author":6,"featured_media":29175,"comment_status":"closed","ping_status":"closed","sticky":false,"template":"","format":"standard","meta":{"footnotes":""},"categories":[1],"tags":[],"class_list":["post-29174","post","type-post","status-publish","format-standard","has-post-thumbnail","hentry","category-genel"],"amp_enabled":true,"_links":{"self":[{"href":"https:\/\/adanaseshaber.com.tr\/index.php?rest_route=\/wp\/v2\/posts\/29174","targetHints":{"allow":["GET"]}}],"collection":[{"href":"https:\/\/adanaseshaber.com.tr\/index.php?rest_route=\/wp\/v2\/posts"}],"about":[{"href":"https:\/\/adanaseshaber.com.tr\/index.php?rest_route=\/wp\/v2\/types\/post"}],"author":[{"embeddable":true,"href":"https:\/\/adanaseshaber.com.tr\/index.php?rest_route=\/wp\/v2\/users\/6"}],"replies":[{"embeddable":true,"href":"https:\/\/adanaseshaber.com.tr\/index.php?rest_route=%2Fwp%2Fv2%2Fcomments&post=29174"}],"version-history":[{"count":3,"href":"https:\/\/adanaseshaber.com.tr\/index.php?rest_route=\/wp\/v2\/posts\/29174\/revisions"}],"predecessor-version":[{"id":29179,"href":"https:\/\/adanaseshaber.com.tr\/index.php?rest_route=\/wp\/v2\/posts\/29174\/revisions\/29179"}],"wp:featuredmedia":[{"embeddable":true,"href":"https:\/\/adanaseshaber.com.tr\/index.php?rest_route=\/wp\/v2\/media\/29175"}],"wp:attachment":[{"href":"https:\/\/adanaseshaber.com.tr\/index.php?rest_route=%2Fwp%2Fv2%2Fmedia&parent=29174"}],"wp:term":[{"taxonomy":"category","embeddable":true,"href":"https:\/\/adanaseshaber.com.tr\/index.php?rest_route=%2Fwp%2Fv2%2Fcategories&post=29174"},{"taxonomy":"post_tag","embeddable":true,"href":"https:\/\/adanaseshaber.com.tr\/index.php?rest_route=%2Fwp%2Fv2%2Ftags&post=29174"}],"curies":[{"name":"wp","href":"https:\/\/api.w.org\/{rel}","templated":true}]}}