{"id":29203,"date":"2022-07-26T12:36:22","date_gmt":"2022-07-26T09:36:22","guid":{"rendered":"https:\/\/www.adanaseshaber.com\/?p=29203"},"modified":"2022-07-26T12:38:34","modified_gmt":"2022-07-26T09:38:34","slug":"beyaz-futbol-kadrosu-degisiyor","status":"publish","type":"post","link":"https:\/\/adanaseshaber.com.tr\/?p=29203","title":{"rendered":"Beyaz Futbol kadrosu de\u011fi\u015fiyor"},"content":{"rendered":"<p>Ekranlar\u0131n izlenme rekorlar\u0131 k\u0131ran spor program\u0131 Beyaz Futbol\u2019un yeni sezonu i\u00e7in geri say\u0131m s\u00fcrerken uzun y\u0131llard\u0131r ekranda olan program\u0131n kadrosunda de\u011fi\u015fiklik olaca\u011f\u0131 iddia edildi. Kemik kadroyla yoluna devam eden ve yay\u0131nland\u0131\u011f\u0131 her b\u00f6l\u00fcm\u00fcyle izlenme rekorlar\u0131 k\u0131ran program\u0131n sunucusu Ertem \u015eener ayr\u0131lm\u0131\u015f yerine Onur Y\u0131ld\u0131z gelmi\u015fti. Ertem \u015eener\u2019den sonra program\u0131n moderat\u00f6rl\u00fc\u011f\u00fcn\u00fc \u00fcstlenen Onur Y\u0131ld\u0131z\u2019\u0131n programdan ayr\u0131laca\u011f\u0131 ve Ertem \u015fener\u2019in programa geri d\u00f6nece\u011fi iddia edildi. Sevilen kadrosuyla ekranlar\u0131n vazge\u00e7ilmezi haline gelen Beyaz Futbol\u2019un sevilen sunucusu Ertem \u015eener\u2019in geri d\u00f6nece\u011fine dair iddialar g\u00fcndeme bomba gibi d\u00fc\u015ft\u00fc.<\/p>\n<p><strong>Ertem \u015eener Geri D\u00f6necek \u0130ddias\u0131<\/strong><\/p>\n<p>Beyaz TV ekranlar\u0131nda yay\u0131nlanan Beyaz Futbol program\u0131 spor programlar\u0131 aras\u0131nda en \u00e7ok sevilen ve izleneni. Y\u0131llard\u0131r ekran hayat\u0131na devam eden program\u0131n moderat\u00f6rl\u00fc\u011f\u00fcn\u00fc yapan Ertem \u015eener\u2019in ayr\u0131l\u0131\u011f\u0131n\u0131n ard\u0131ndan Beyaz TV kanal\u0131n\u0131n spor m\u00fcd\u00fcr\u00fc olan Onur Y\u0131ld\u0131z, Beyaz Futbol ve Derin Futbol programlar\u0131n\u0131n sunuculu\u011funu yapmaya ba\u015flam\u0131\u015ft\u0131. Program\u0131n yeni sezonuyla ilgili bomba bir iddia ortaya at\u0131ld\u0131. Onur Y\u0131ld\u0131z\u2019\u0131n yeni sezonda ekranda yer almayaca\u011f\u0131, eski sunucu Ertem \u015eener\u2019in programa geri d\u00f6nd\u00fc\u011f\u00fc \u00f6ne s\u00fcr\u00fcld\u00fc.<\/p>\n<p><strong>Beyaz Futbol Kadrosunda De\u011fi\u015fiklik<\/strong><\/p>\n<p>Beyaz Futbol kadrosunda yeni sezonda de\u011fi\u015fiklik olaca\u011f\u0131n\u0131 iddia eden gazeteci Mustafa \u00c7evik, Ertem \u015eener\u2019in programa geri d\u00f6nd\u00fc\u011f\u00fcn\u00fc \u00f6ne s\u00fcrd\u00fc. \u015eener\u2019in geri d\u00f6n\u00fc\u015f\u00fcnde Ahmet \u00c7akar\u2019\u0131n b\u00fcy\u00fck rol\u00fc oldu\u011funu s\u00f6yleyen \u00e7evik, \u2018Onur Y\u0131ld\u0131z yerine Beyaz Futbol\u2019u yeni sezonda Ertem \u015eener sunacak\u2019 dedi.<\/p>\n<p><img loading=\"lazy\" decoding=\"async\" class=\"aligncenter wp-image-29206 size-full\" src=\"https:\/\/adanaseshaber.com.tr\/wp-content\/uploads\/2022\/07\/beyaz-futbol-kadrosu-degisiyor-1.jpg\" alt=\"\" width=\"1280\" height=\"720\" srcset=\"https:\/\/adanaseshaber.com.tr\/wp-content\/uploads\/2022\/07\/beyaz-futbol-kadrosu-degisiyor-1.jpg 1280w, https:\/\/adanaseshaber.com.tr\/wp-content\/uploads\/2022\/07\/beyaz-futbol-kadrosu-degisiyor-1-300x169.jpg 300w, https:\/\/adanaseshaber.com.tr\/wp-content\/uploads\/2022\/07\/beyaz-futbol-kadrosu-degisiyor-1-1024x576.jpg 1024w, https:\/\/adanaseshaber.com.tr\/wp-content\/uploads\/2022\/07\/beyaz-futbol-kadrosu-degisiyor-1-768x432.jpg 768w, https:\/\/adanaseshaber.com.tr\/wp-content\/uploads\/2022\/07\/beyaz-futbol-kadrosu-degisiyor-1-390x220.jpg 390w\" sizes=\"auto, (max-width: 1280px) 100vw, 1280px\" \/><\/p>\n<p><strong>Ertem \u015eener\u2019den A\u00e7\u0131klama Geldi<\/strong><\/p>\n<p>Beyaz Futbol\u2019un yeni sezonu ile ilgili g\u00fcndeme bomba gibi d\u00fc\u015fen iddian\u0131n ard\u0131ndan a\u00e7\u0131klama yapan Ertem \u015eener ise \u2018Benimle konu\u015fmadan, bana sormadan. Peki tamam! Kolay gelsin size. Ben tatildeyim.\u2019 ifadelerini kulland\u0131.<\/p>\n","protected":false},"excerpt":{"rendered":"<p>Ekranlar\u0131n izlenme rekorlar\u0131 k\u0131ran spor program\u0131 Beyaz Futbol\u2019un yeni sezonu i\u00e7in geri say\u0131m s\u00fcrerken uzun y\u0131llard\u0131r ekranda olan program\u0131n kadrosunda de\u011fi\u015fiklik olaca\u011f\u0131 iddia edildi. Kemik kadroyla yoluna devam eden ve yay\u0131nland\u0131\u011f\u0131 her b\u00f6l\u00fcm\u00fcyle izlenme rekorlar\u0131 k\u0131ran program\u0131n sunucusu Ertem \u015eener ayr\u0131lm\u0131\u015f yerine Onur Y\u0131ld\u0131z gelmi\u015fti. Ertem \u015eener\u2019den sonra program\u0131n moderat\u00f6rl\u00fc\u011f\u00fcn\u00fc \u00fcstlenen Onur Y\u0131ld\u0131z\u2019\u0131n programdan ayr\u0131laca\u011f\u0131 &hellip;<\/p>\n","protected":false},"author":6,"featured_media":29204,"comment_status":"closed","ping_status":"closed","sticky":false,"template":"","format":"standard","meta":{"footnotes":""},"categories":[5],"tags":[],"class_list":["post-29203","post","type-post","status-publish","format-standard","has-post-thumbnail","hentry","category-spor"],"amp_enabled":true,"_links":{"self":[{"href":"https:\/\/adanaseshaber.com.tr\/index.php?rest_route=\/wp\/v2\/posts\/29203","targetHints":{"allow":["GET"]}}],"collection":[{"href":"https:\/\/adanaseshaber.com.tr\/index.php?rest_route=\/wp\/v2\/posts"}],"about":[{"href":"https:\/\/adanaseshaber.com.tr\/index.php?rest_route=\/wp\/v2\/types\/post"}],"author":[{"embeddable":true,"href":"https:\/\/adanaseshaber.com.tr\/index.php?rest_route=\/wp\/v2\/users\/6"}],"replies":[{"embeddable":true,"href":"https:\/\/adanaseshaber.com.tr\/index.php?rest_route=%2Fwp%2Fv2%2Fcomments&post=29203"}],"version-history":[{"count":2,"href":"https:\/\/adanaseshaber.com.tr\/index.php?rest_route=\/wp\/v2\/posts\/29203\/revisions"}],"predecessor-version":[{"id":29207,"href":"https:\/\/adanaseshaber.com.tr\/index.php?rest_route=\/wp\/v2\/posts\/29203\/revisions\/29207"}],"wp:featuredmedia":[{"embeddable":true,"href":"https:\/\/adanaseshaber.com.tr\/index.php?rest_route=\/wp\/v2\/media\/29204"}],"wp:attachment":[{"href":"https:\/\/adanaseshaber.com.tr\/index.php?rest_route=%2Fwp%2Fv2%2Fmedia&parent=29203"}],"wp:term":[{"taxonomy":"category","embeddable":true,"href":"https:\/\/adanaseshaber.com.tr\/index.php?rest_route=%2Fwp%2Fv2%2Fcategories&post=29203"},{"taxonomy":"post_tag","embeddable":true,"href":"https:\/\/adanaseshaber.com.tr\/index.php?rest_route=%2Fwp%2Fv2%2Ftags&post=29203"}],"curies":[{"name":"wp","href":"https:\/\/api.w.org\/{rel}","templated":true}]}}