{"id":29228,"date":"2022-07-26T13:06:02","date_gmt":"2022-07-26T10:06:02","guid":{"rendered":"https:\/\/www.adanaseshaber.com\/?p=29228"},"modified":"2022-07-27T00:41:40","modified_gmt":"2022-07-26T21:41:40","slug":"doya-doya-moda-26-temmuz-puan-durumu-doya-doya-moda-bugun-kim-birinci-oldu","status":"publish","type":"post","link":"https:\/\/adanaseshaber.com.tr\/?p=29228","title":{"rendered":"Doya Doya Moda 26 Temmuz puan durumu! Doya Doya Moda bug\u00fcn kim birinci oldu?"},"content":{"rendered":"<p>TV8 ekranlar\u0131n\u0131n sevilen ve b\u00fcy\u00fck bir ilgiyle izlenen moda program\u0131 Doya Doya Moda, yeni sezonunda da f\u0131rt\u0131na gibi esmeye devam ediyor. Birbirinden iddial\u0131 ve tarz\u0131na g\u00fcvenen \u015fahane yar\u0131\u015fmac\u0131lar\u0131yla ekran\u0131 sallamaya devam eden program\u0131n yeni b\u00f6l\u00fcmleri yine b\u00fcy\u00fck bir ilgiyle takip ediliyor. Birbirinden \u00f6zel j\u00fcri \u00fcyeleri ve rekabetin dibine vuran yar\u0131\u015fmac\u0131lar\u0131yla hafta i\u00e7i her g\u00fcn ekrana gelen program\u0131n bug\u00fcnk\u00fc yeni b\u00f6l\u00fcm\u00fc yine b\u00fcy\u00fck bir merakla takip ediliyor. Her g\u00fcn en tarz olmak ve j\u00fcri \u00fcyelerinden en y\u00fcksek puanlar\u0131 almak i\u00e7in m\u00fccadele eden yar\u0131\u015fmac\u0131lar bug\u00fcn haftan\u0131n ikinci g\u00fcn\u00fcnde yine \u00e7ok iddial\u0131. Peki, Doya Doya Moda 26 Temmuz 2022 Sal\u0131 g\u00fcn\u00fcn\u00fcn puanlar\u0131 a\u00e7\u0131kland\u0131 m\u0131? Doya Doya Moda 26 Temmuz 2022 kim birinci oldu? Doya Doya Moda bug\u00fcn kim kazand\u0131? \u0130\u015fte t\u00fcm merak edilenler\u2026<\/p>\n<p><strong>Doya Doya Moda 26 Temmuz 2022 Puanlar\u0131<\/strong><\/p>\n<p>Doya Doya Moda 26 Temmuz 2022 Sal\u0131 g\u00fcn\u00fcne ait puan tablosu hen\u00fcz a\u00e7\u0131klanmad\u0131. Traz\u0131na g\u00fcvenen ve en iyisi benim diyen yar\u0131\u015fmac\u0131lar\u0131n birbiriyle m\u00fccadele etti\u011fi moda program\u0131nda hen\u00fcz bug\u00fcn\u00fcn puanlar\u0131 belli olmad\u0131. J\u00fcri \u00fcyeleri yar\u0131\u015fmac\u0131lar\u0131n puanlar\u0131n\u0131 verdikten hemen sonra bug\u00fcn\u00fcn puan tablosunu sizlerle payla\u015faca\u011f\u0131z\u2026<\/p>\n<p>Doya Doya Moda yar\u0131\u015fmac\u0131lar\u0131n\u0131n 26 Temmuz 2022 Sal\u0131 g\u00fcn\u00fcne ait puan tablosu \u015f\u00f6yle;<\/p>\n<p>Aleyna: 8 puan<\/p>\n<p>Selen: 5 puan<\/p>\n<p>Zeynep: 8 puan<\/p>\n<p>H\u00fclya: 18 puan<\/p>\n<p>Tina: 11 puan<\/p>\n<p>Banu: 6 puan<\/p>\n<p>Nihan: 6 puan<\/p>\n<p><strong>Doya Doya Moda 26 Temmuz 2022 Kim Birinci Oldu?<\/strong><\/p>\n<p>Doya Doya Moda\u2019n\u0131n yeni haftas\u0131n\u0131n ikinci g\u00fcn\u00fcnde hen\u00fcz g\u00fcn\u00fcn en y\u00fcksek puan\u0131n\u0131 alan ve g\u00fcn\u00fc birinci s\u0131rada tamamlayan yar\u0131\u015fmac\u0131n\u0131n ismi a\u00e7\u0131klanmad\u0131. G\u00fcn\u00fcn puanlar\u0131 a\u00e7\u0131kland\u0131ktan hemen sonra bug\u00fcn\u00fcn birincisi de belli olacak. Detaylar\u0131 haberimizden takip edebilirsiniz\u2026<\/p>\n<p>Doya Doya Moda&#8217;n\u0131n bug\u00fcnk\u00fc b\u00f6l\u00fcm\u00fcnde toplamda 18 puan alarak rakiplerini ge\u00e7en H\u00fclya, g\u00fcn\u00fc birinci s\u0131rada tamamlad\u0131.<\/p>\n<p><img loading=\"lazy\" decoding=\"async\" class=\"aligncenter wp-image-29233 size-full\" src=\"https:\/\/adanaseshaber.com.tr\/wp-content\/uploads\/2022\/07\/doya-doya-moda-26-temmuz-puan-durumu-doya-doya-moda-bugun-kim-birinci-oldu-1.jpg\" alt=\"\" width=\"1280\" height=\"720\" srcset=\"https:\/\/adanaseshaber.com.tr\/wp-content\/uploads\/2022\/07\/doya-doya-moda-26-temmuz-puan-durumu-doya-doya-moda-bugun-kim-birinci-oldu-1.jpg 1280w, https:\/\/adanaseshaber.com.tr\/wp-content\/uploads\/2022\/07\/doya-doya-moda-26-temmuz-puan-durumu-doya-doya-moda-bugun-kim-birinci-oldu-1-300x169.jpg 300w, https:\/\/adanaseshaber.com.tr\/wp-content\/uploads\/2022\/07\/doya-doya-moda-26-temmuz-puan-durumu-doya-doya-moda-bugun-kim-birinci-oldu-1-1024x576.jpg 1024w, https:\/\/adanaseshaber.com.tr\/wp-content\/uploads\/2022\/07\/doya-doya-moda-26-temmuz-puan-durumu-doya-doya-moda-bugun-kim-birinci-oldu-1-768x432.jpg 768w, https:\/\/adanaseshaber.com.tr\/wp-content\/uploads\/2022\/07\/doya-doya-moda-26-temmuz-puan-durumu-doya-doya-moda-bugun-kim-birinci-oldu-1-390x220.jpg 390w\" sizes=\"auto, (max-width: 1280px) 100vw, 1280px\" \/><\/p>\n<p><strong>Doya Doya Moda 25 Temmuz 2022 Puanlar\u0131<\/strong><\/p>\n<p>Doya Doya Moda\u2019n\u0131n d\u00fcn ekrana gelen 25 Temmuz 2022 Pazartesi g\u00fcn\u00fcne ait puan tablosu \u015f\u00f6yle;<\/p>\n<p>Banu: 10 puan<\/p>\n<p>Tina: 18 puan<\/p>\n<p>Selen: 5 puan<\/p>\n<p>Aleyna: 7 puan<\/p>\n<p>H\u00fclya: 7 puan<\/p>\n<p>Nihan: 9 puan<\/p>\n<p>Zeynep: 8 puan<\/p>\n<p>&nbsp;<\/p>\n","protected":false},"excerpt":{"rendered":"<p>TV8 ekranlar\u0131n\u0131n sevilen ve b\u00fcy\u00fck bir ilgiyle izlenen moda program\u0131 Doya Doya Moda, yeni sezonunda da f\u0131rt\u0131na gibi esmeye devam ediyor. Birbirinden iddial\u0131 ve tarz\u0131na g\u00fcvenen \u015fahane yar\u0131\u015fmac\u0131lar\u0131yla ekran\u0131 sallamaya devam eden program\u0131n yeni b\u00f6l\u00fcmleri yine b\u00fcy\u00fck bir ilgiyle takip ediliyor. Birbirinden \u00f6zel j\u00fcri \u00fcyeleri ve rekabetin dibine vuran yar\u0131\u015fmac\u0131lar\u0131yla hafta i\u00e7i her g\u00fcn ekrana &hellip;<\/p>\n","protected":false},"author":6,"featured_media":29230,"comment_status":"closed","ping_status":"closed","sticky":false,"template":"","format":"standard","meta":{"footnotes":""},"categories":[1],"tags":[],"class_list":["post-29228","post","type-post","status-publish","format-standard","has-post-thumbnail","hentry","category-genel"],"amp_enabled":true,"_links":{"self":[{"href":"https:\/\/adanaseshaber.com.tr\/index.php?rest_route=\/wp\/v2\/posts\/29228","targetHints":{"allow":["GET"]}}],"collection":[{"href":"https:\/\/adanaseshaber.com.tr\/index.php?rest_route=\/wp\/v2\/posts"}],"about":[{"href":"https:\/\/adanaseshaber.com.tr\/index.php?rest_route=\/wp\/v2\/types\/post"}],"author":[{"embeddable":true,"href":"https:\/\/adanaseshaber.com.tr\/index.php?rest_route=\/wp\/v2\/users\/6"}],"replies":[{"embeddable":true,"href":"https:\/\/adanaseshaber.com.tr\/index.php?rest_route=%2Fwp%2Fv2%2Fcomments&post=29228"}],"version-history":[{"count":4,"href":"https:\/\/adanaseshaber.com.tr\/index.php?rest_route=\/wp\/v2\/posts\/29228\/revisions"}],"predecessor-version":[{"id":29452,"href":"https:\/\/adanaseshaber.com.tr\/index.php?rest_route=\/wp\/v2\/posts\/29228\/revisions\/29452"}],"wp:featuredmedia":[{"embeddable":true,"href":"https:\/\/adanaseshaber.com.tr\/index.php?rest_route=\/wp\/v2\/media\/29230"}],"wp:attachment":[{"href":"https:\/\/adanaseshaber.com.tr\/index.php?rest_route=%2Fwp%2Fv2%2Fmedia&parent=29228"}],"wp:term":[{"taxonomy":"category","embeddable":true,"href":"https:\/\/adanaseshaber.com.tr\/index.php?rest_route=%2Fwp%2Fv2%2Fcategories&post=29228"},{"taxonomy":"post_tag","embeddable":true,"href":"https:\/\/adanaseshaber.com.tr\/index.php?rest_route=%2Fwp%2Fv2%2Ftags&post=29228"}],"curies":[{"name":"wp","href":"https:\/\/api.w.org\/{rel}","templated":true}]}}