{"id":29264,"date":"2022-07-26T13:56:41","date_gmt":"2022-07-26T10:56:41","guid":{"rendered":"https:\/\/www.adanaseshaber.com\/?p=29264"},"modified":"2022-07-26T13:58:05","modified_gmt":"2022-07-26T10:58:05","slug":"ilkokul-kayitlari-basladi-mi-2022-2023-ilkokul-kayitlari-ne-zaman-basliyor","status":"publish","type":"post","link":"https:\/\/adanaseshaber.com.tr\/?p=29264","title":{"rendered":"\u0130lkokul kay\u0131tlar\u0131 ba\u015flad\u0131 m\u0131? 2022-2023 ilkokul kay\u0131tlar\u0131 ne zaman ba\u015fl\u0131yor?"},"content":{"rendered":"<p>2022-2023 e\u011fitim-\u00f6\u011fretim y\u0131l\u0131na haz\u0131rlanan veliler \u00e7ocuklar\u0131n\u0131n okul kayd\u0131 i\u00e7in ara\u015ft\u0131rmalara ba\u015flad\u0131. Okul kay\u0131t tarihlerini merak eden veliler bu konu \u00fczerindeki ara\u015ft\u0131rmalar\u0131n\u0131 yo\u011funla\u015ft\u0131rd\u0131. \u0130lkokul ve ortaokul kay\u0131tlar\u0131 son g\u00fcnlerin en \u00e7ok ara\u015ft\u0131r\u0131lan konular\u0131n\u0131n ba\u015f\u0131nda gelirken okul kay\u0131tlar\u0131n\u0131n ba\u015flay\u0131p ba\u015flamad\u0131\u011f\u0131 ve ne zaman ba\u015flayaca\u011f\u0131 sorular\u0131na yan\u0131t aranmaya ba\u015fland\u0131. \u0130lkokul ve ortaokul kay\u0131tlar\u0131 ile ilgili t\u00fcm detaylar velilerin g\u00fcndeminde yer al\u0131yor. Yeni e\u011fitim-\u00f6\u011fretim y\u0131l\u0131nda \u00e7ocuklar\u0131n\u0131 okula g\u00f6ndermeye haz\u0131rlanan veliler okul kay\u0131tlar\u0131 ile ilgili ara\u015ft\u0131rmalar\u0131n\u0131 h\u0131zland\u0131rd\u0131. Peki, ilkokul kay\u0131tlar\u0131 ba\u015flad\u0131 m\u0131? \u0130lkokul ve ortaokul kay\u0131tlar\u0131 ne zaman ba\u015flayacak? 2022-2023 ilkokul kay\u0131tlar\u0131 ne zaman ba\u015fl\u0131yor? Okul kay\u0131tlar\u0131 ba\u015flad\u0131 m\u0131 2023? \u0130\u015fte t\u00fcm detaylar\u2026<\/p>\n<p><strong>\u0130lkokul Kay\u0131tlar\u0131 Ba\u015flad\u0131 M\u0131?<\/strong><\/p>\n<p>2022-2023 e\u011fitim-\u00f6\u011fretim y\u0131l\u0131nda \u00e7ocuklar\u0131n\u0131 okula g\u00f6ndermeye haz\u0131rlanan veliler okul kay\u0131tlar\u0131n\u0131n ba\u015flay\u0131p ba\u015flamad\u0131\u011f\u0131n\u0131 yo\u011fun bir \u015fekilde ara\u015ft\u0131r\u0131yor. Son d\u00f6nemde yo\u011fun bir \u015fekilde ara\u015ft\u0131r\u0131lan konuyla ilgili Milli E\u011fitim Bakanl\u0131\u011f\u0131 yaz\u0131l\u0131 bir a\u00e7\u0131klama yapt\u0131 ve kay\u0131tlarla ilgili s\u00fcreci payla\u015ft\u0131. Milli E\u011fitim Bakanl\u0131\u011f\u0131 taraf\u0131ndan payla\u015f\u0131lan yaz\u0131da, ana s\u0131n\u0131f\u0131, ilkokul birinci s\u0131n\u0131f ve ortaokul be\u015finci s\u0131n\u0131fa ba\u015flayacak olan \u00f6\u011frencilerin kay\u0131t i\u015flemlerinin herhangi bir ba\u015fvuruya gerek olmadan e-Okul sistemi \u00fczerinden yap\u0131ld\u0131\u011f\u0131 bilgisine yer verildi. Kay\u0131t s\u00fcreci ise 1 Temmuz 2022 tarihinde ba\u015flad\u0131. Kay\u0131tlar 31 A\u011fustos 2022 tarihinde sona erecek. Okul \u00f6ncesi \u00f6\u011frenciler i\u00e7in veliler okula ba\u015fvuru yaparak sistem taraf\u0131ndan yap\u0131lan kay\u0131tlar\u0131 kesinle\u015ftirebilecek.<\/p>\n<p><img loading=\"lazy\" decoding=\"async\" class=\"aligncenter wp-image-29268 size-full\" src=\"https:\/\/adanaseshaber.com.tr\/wp-content\/uploads\/2022\/07\/ilkokul-kayitlari-basladi-mi-2022-2023-ilkokul-kayitlari-ne-zaman-basliyor-1.jpg\" alt=\"\" width=\"1280\" height=\"720\" srcset=\"https:\/\/adanaseshaber.com.tr\/wp-content\/uploads\/2022\/07\/ilkokul-kayitlari-basladi-mi-2022-2023-ilkokul-kayitlari-ne-zaman-basliyor-1.jpg 1280w, https:\/\/adanaseshaber.com.tr\/wp-content\/uploads\/2022\/07\/ilkokul-kayitlari-basladi-mi-2022-2023-ilkokul-kayitlari-ne-zaman-basliyor-1-300x169.jpg 300w, https:\/\/adanaseshaber.com.tr\/wp-content\/uploads\/2022\/07\/ilkokul-kayitlari-basladi-mi-2022-2023-ilkokul-kayitlari-ne-zaman-basliyor-1-1024x576.jpg 1024w, https:\/\/adanaseshaber.com.tr\/wp-content\/uploads\/2022\/07\/ilkokul-kayitlari-basladi-mi-2022-2023-ilkokul-kayitlari-ne-zaman-basliyor-1-768x432.jpg 768w, https:\/\/adanaseshaber.com.tr\/wp-content\/uploads\/2022\/07\/ilkokul-kayitlari-basladi-mi-2022-2023-ilkokul-kayitlari-ne-zaman-basliyor-1-390x220.jpg 390w\" sizes=\"auto, (max-width: 1280px) 100vw, 1280px\" \/><\/p>\n<p><strong>Okul Kay\u0131t Sorgulama<\/strong><\/p>\n<p>Kay\u0131t sorgulama yapmak isteyen veliler, e-Devlet \u00fczerinden \u2018\u0130lk\u00f6\u011fretim Okullar\u0131 Adrese G\u00f6re Kay\u0131t Okulu Sorgulama (e-Kay\u0131t)\u2019 sayfas\u0131ndan \u015fifre ve T.C. Kimlik numaras\u0131 ile sisteme giri\u015f yaparak \u00e7ocuklar\u0131n\u0131n hangi okula gidece\u011fine dair sorgulama yapabilirler.<\/p>\n<p><strong>2022-2023 MEB Akademik Takvim<\/strong><\/p>\n<p>12 Eyl\u00fcl 2022- Okullar A\u00e7\u0131l\u0131yor<\/p>\n<p>14-18 Kas\u0131m 2022- 1. Ara Tatil<\/p>\n<p>23 Ocak-3 \u015eubat 2023- 15 Tatil<\/p>\n<p>17-20 Nisan 2023- 2. Ara Tatil<\/p>\n<p>16 haziran 2023- Okullar Kapan\u0131yor<\/p>\n","protected":false},"excerpt":{"rendered":"<p>2022-2023 e\u011fitim-\u00f6\u011fretim y\u0131l\u0131na haz\u0131rlanan veliler \u00e7ocuklar\u0131n\u0131n okul kayd\u0131 i\u00e7in ara\u015ft\u0131rmalara ba\u015flad\u0131. Okul kay\u0131t tarihlerini merak eden veliler bu konu \u00fczerindeki ara\u015ft\u0131rmalar\u0131n\u0131 yo\u011funla\u015ft\u0131rd\u0131. \u0130lkokul ve ortaokul kay\u0131tlar\u0131 son g\u00fcnlerin en \u00e7ok ara\u015ft\u0131r\u0131lan konular\u0131n\u0131n ba\u015f\u0131nda gelirken okul kay\u0131tlar\u0131n\u0131n ba\u015flay\u0131p ba\u015flamad\u0131\u011f\u0131 ve ne zaman ba\u015flayaca\u011f\u0131 sorular\u0131na yan\u0131t aranmaya ba\u015fland\u0131. \u0130lkokul ve ortaokul kay\u0131tlar\u0131 ile ilgili t\u00fcm detaylar velilerin &hellip;<\/p>\n","protected":false},"author":6,"featured_media":29266,"comment_status":"closed","ping_status":"closed","sticky":false,"template":"","format":"standard","meta":{"footnotes":""},"categories":[1],"tags":[],"class_list":["post-29264","post","type-post","status-publish","format-standard","has-post-thumbnail","hentry","category-genel"],"amp_enabled":true,"_links":{"self":[{"href":"https:\/\/adanaseshaber.com.tr\/index.php?rest_route=\/wp\/v2\/posts\/29264","targetHints":{"allow":["GET"]}}],"collection":[{"href":"https:\/\/adanaseshaber.com.tr\/index.php?rest_route=\/wp\/v2\/posts"}],"about":[{"href":"https:\/\/adanaseshaber.com.tr\/index.php?rest_route=\/wp\/v2\/types\/post"}],"author":[{"embeddable":true,"href":"https:\/\/adanaseshaber.com.tr\/index.php?rest_route=\/wp\/v2\/users\/6"}],"replies":[{"embeddable":true,"href":"https:\/\/adanaseshaber.com.tr\/index.php?rest_route=%2Fwp%2Fv2%2Fcomments&post=29264"}],"version-history":[{"count":2,"href":"https:\/\/adanaseshaber.com.tr\/index.php?rest_route=\/wp\/v2\/posts\/29264\/revisions"}],"predecessor-version":[{"id":29269,"href":"https:\/\/adanaseshaber.com.tr\/index.php?rest_route=\/wp\/v2\/posts\/29264\/revisions\/29269"}],"wp:featuredmedia":[{"embeddable":true,"href":"https:\/\/adanaseshaber.com.tr\/index.php?rest_route=\/wp\/v2\/media\/29266"}],"wp:attachment":[{"href":"https:\/\/adanaseshaber.com.tr\/index.php?rest_route=%2Fwp%2Fv2%2Fmedia&parent=29264"}],"wp:term":[{"taxonomy":"category","embeddable":true,"href":"https:\/\/adanaseshaber.com.tr\/index.php?rest_route=%2Fwp%2Fv2%2Fcategories&post=29264"},{"taxonomy":"post_tag","embeddable":true,"href":"https:\/\/adanaseshaber.com.tr\/index.php?rest_route=%2Fwp%2Fv2%2Ftags&post=29264"}],"curies":[{"name":"wp","href":"https:\/\/api.w.org\/{rel}","templated":true}]}}