{"id":29274,"date":"2022-07-26T14:13:22","date_gmt":"2022-07-26T11:13:22","guid":{"rendered":"https:\/\/www.adanaseshaber.com\/?p=29274"},"modified":"2022-07-26T14:14:07","modified_gmt":"2022-07-26T11:14:07","slug":"chpden-yeni-otv-karari-ile-ilgili-tartisma-yaratan-cikis","status":"publish","type":"post","link":"https:\/\/adanaseshaber.com.tr\/?p=29274","title":{"rendered":"CHP\u2019den yeni \u00d6TV karar\u0131 ile ilgili tart\u0131\u015fma yaratan \u00e7\u0131k\u0131\u015f"},"content":{"rendered":"<p>Bug\u00fcn Resmi Gazete\u2019de yay\u0131mlanan tebli\u011f ile motorlu ara\u00e7 \u00f6zel t\u00fcketim vergisi oranlar\u0131 ve matrahlar\u0131ndaki de\u011fi\u015fim yetkisi Cumhurba\u015fkan\u0131\u2019na verildi. Daha \u00f6nce Bakanlar Kurulu\u2019nda olan bu yetki art\u0131k Cumhurba\u015fkan\u0131\u2019nda olacak. Cumhurba\u015fkan\u0131\u2019na \u00d6TV\u2019de alt ve \u00fcst s\u0131n\u0131r belirleme yetkisi verilmesinin ard\u0131ndan CHP\u2019den tart\u0131\u015fma yaratan bir \u00e7\u0131k\u0131\u015f geldi. Resmi Gazete\u2019de yay\u0131mlanan \u00d6TV karar\u0131 ile ilgili konu\u015fan CHP Genel Ba\u015fkan Yard\u0131mc\u0131s\u0131 Veli A\u011fbaba, \u00d6TV d\u00fczenlemesinin CHP\u2019nin vaadi sonras\u0131 geldi\u011fini \u00f6ne s\u00fcrd\u00fc ve \u2018\u0130ktidar olmadan \u00fclkeyi y\u00f6neten parti CHP\u2019 ifadelerini kulland\u0131. CHP kanad\u0131ndan gelen bu yorum tart\u0131\u015fman\u0131n fitilini ate\u015fledi. A\u011fbaba\u2019n\u0131n \u00d6TV karar\u0131 ile ilgili yorumu sosyal medyada da \u00e7ok tart\u0131\u015f\u0131ld\u0131.<\/p>\n<p><strong>Yeni \u00d6TV Karar\u0131<\/strong><\/p>\n<p>Resmi Gazete\u2019de yay\u0131mlanan tebli\u011f ile \u00d6zel T\u00fcketim Vergisi (\u00d6TV) oranlar\u0131 ve matrahlar\u0131ndaki de\u011fi\u015fim yetkisi Bakanlar Kurulu\u2019ndan Cumhurba\u015fkan\u0131\u2019na verildi. Bu kapsamda daha \u00f6nce Bakanlar Kurulu karar\u0131 ile belirlenen \u00d6TV oranlar\u0131 ve matrahlar\u0131ndaki yetki Cumhurba\u015fkan\u0131\u2019na ge\u00e7ti. Bu yetki ile Cumhurba\u015fkan\u0131, matrahlar\u0131n alt ve \u00fcst s\u0131n\u0131rlar\u0131n\u0131 3 kat\u0131na kadar art\u0131rabilecek veya s\u0131f\u0131ra indirebilecek.<\/p>\n<p><strong>CHP\u2019den Tart\u0131\u015fma Yaratan Yorum<\/strong><\/p>\n<p>Resmi Gazete\u2019de yay\u0131mlanan bu karar sonras\u0131nda CHP kanad\u0131ndan tart\u0131\u015fma yaratan bir yorum geldi. CHP Genel Ba\u015fkan\u0131 Veli A\u011fbaba, yeni \u00d6TV karar\u0131 ile ilgili yapt\u0131\u011f\u0131 a\u00e7\u0131klamada \u00d6TV d\u00fczenlemesinin CHP\u2019nin vaadi sonras\u0131nda geldi\u011fini s\u00f6yledi ve \u2018K\u0131l\u0131\u00e7daro\u011flu gece a\u00e7\u0131klama yap\u0131yor, ard\u0131ndan hemen Erdo\u011fan otomotiv \u00d6TV\u2019si i\u00e7in kendine yetki veriyor. \u0130ktidar olmadan \u00fclkeyi y\u00f6neten parti CHP.\u2019 ifadelerini kulland\u0131.<\/p>\n<p><img loading=\"lazy\" decoding=\"async\" class=\"aligncenter wp-image-29277 size-full\" src=\"https:\/\/adanaseshaber.com.tr\/wp-content\/uploads\/2022\/07\/chpden-yeni-otv-karari-ile-ilgili-tartisma-yaratan-cikis-1.jpg\" alt=\"\" width=\"1280\" height=\"720\" srcset=\"https:\/\/adanaseshaber.com.tr\/wp-content\/uploads\/2022\/07\/chpden-yeni-otv-karari-ile-ilgili-tartisma-yaratan-cikis-1.jpg 1280w, https:\/\/adanaseshaber.com.tr\/wp-content\/uploads\/2022\/07\/chpden-yeni-otv-karari-ile-ilgili-tartisma-yaratan-cikis-1-300x169.jpg 300w, https:\/\/adanaseshaber.com.tr\/wp-content\/uploads\/2022\/07\/chpden-yeni-otv-karari-ile-ilgili-tartisma-yaratan-cikis-1-1024x576.jpg 1024w, https:\/\/adanaseshaber.com.tr\/wp-content\/uploads\/2022\/07\/chpden-yeni-otv-karari-ile-ilgili-tartisma-yaratan-cikis-1-768x432.jpg 768w, https:\/\/adanaseshaber.com.tr\/wp-content\/uploads\/2022\/07\/chpden-yeni-otv-karari-ile-ilgili-tartisma-yaratan-cikis-1-390x220.jpg 390w\" sizes=\"auto, (max-width: 1280px) 100vw, 1280px\" \/><\/p>\n<p><strong>K\u0131l\u0131\u00e7daro\u011flu Ne Demi\u015fti?<\/strong><\/p>\n<p>CHP Genel Ba\u015fkan\u0131 Kemal K\u0131l\u0131\u00e7daor\u011flu, d\u00fcn gece \u015fahsi sosyal medya hesab\u0131ndan yapt\u0131\u011f\u0131 a\u00e7\u0131klamada, \u00d6TV konusuna de\u011finmi\u015f ve yeni vaadiyle \u00e7ok konu\u015fulmu\u015ftu. Vatabda\u015flara seslenen ve \u2018Bizler iktidara gelinceye kadar araba al\u0131m\u0131n\u0131 \u00f6teleyin. Araba almay\u0131n. Geldi\u011fimizde halk\u0131m\u0131z\u0131n en \u00e7ok ra\u011fbet g\u00f6sterdi\u011fi ara\u00e7 segmentlerinde \u00d6TV\u2019yi \u00e7izece\u011fiz. \u00d6TV\u2019yi de l\u00fcks ara\u00e7 alanlara uygulayaca\u011f\u0131z. Onlar da g\u00fczel g\u00fczel \u00f6deyecekler vergilerini \u00fclkelerine. \u00d6zetle bug\u00fcn ikinci el olarak sat\u0131lan araban\u0131n paras\u0131 ile s\u0131f\u0131r araba alabileceksiniz. Tek yapman\u0131z gereken \u015fimdilik araba al\u0131m\u0131n\u0131 \u00f6telemek ve bir s\u00fcre iktidar\u0131m\u0131z\u0131 beklemek. Bu kadar.\u2019 demi\u015fti.<\/p>\n","protected":false},"excerpt":{"rendered":"<p>Bug\u00fcn Resmi Gazete\u2019de yay\u0131mlanan tebli\u011f ile motorlu ara\u00e7 \u00f6zel t\u00fcketim vergisi oranlar\u0131 ve matrahlar\u0131ndaki de\u011fi\u015fim yetkisi Cumhurba\u015fkan\u0131\u2019na verildi. Daha \u00f6nce Bakanlar Kurulu\u2019nda olan bu yetki art\u0131k Cumhurba\u015fkan\u0131\u2019nda olacak. Cumhurba\u015fkan\u0131\u2019na \u00d6TV\u2019de alt ve \u00fcst s\u0131n\u0131r belirleme yetkisi verilmesinin ard\u0131ndan CHP\u2019den tart\u0131\u015fma yaratan bir \u00e7\u0131k\u0131\u015f geldi. Resmi Gazete\u2019de yay\u0131mlanan \u00d6TV karar\u0131 ile ilgili konu\u015fan CHP Genel Ba\u015fkan &hellip;<\/p>\n","protected":false},"author":6,"featured_media":29275,"comment_status":"closed","ping_status":"closed","sticky":false,"template":"","format":"standard","meta":{"footnotes":""},"categories":[10],"tags":[],"class_list":["post-29274","post","type-post","status-publish","format-standard","has-post-thumbnail","hentry","category-siyaset"],"amp_enabled":true,"_links":{"self":[{"href":"https:\/\/adanaseshaber.com.tr\/index.php?rest_route=\/wp\/v2\/posts\/29274","targetHints":{"allow":["GET"]}}],"collection":[{"href":"https:\/\/adanaseshaber.com.tr\/index.php?rest_route=\/wp\/v2\/posts"}],"about":[{"href":"https:\/\/adanaseshaber.com.tr\/index.php?rest_route=\/wp\/v2\/types\/post"}],"author":[{"embeddable":true,"href":"https:\/\/adanaseshaber.com.tr\/index.php?rest_route=\/wp\/v2\/users\/6"}],"replies":[{"embeddable":true,"href":"https:\/\/adanaseshaber.com.tr\/index.php?rest_route=%2Fwp%2Fv2%2Fcomments&post=29274"}],"version-history":[{"count":2,"href":"https:\/\/adanaseshaber.com.tr\/index.php?rest_route=\/wp\/v2\/posts\/29274\/revisions"}],"predecessor-version":[{"id":29278,"href":"https:\/\/adanaseshaber.com.tr\/index.php?rest_route=\/wp\/v2\/posts\/29274\/revisions\/29278"}],"wp:featuredmedia":[{"embeddable":true,"href":"https:\/\/adanaseshaber.com.tr\/index.php?rest_route=\/wp\/v2\/media\/29275"}],"wp:attachment":[{"href":"https:\/\/adanaseshaber.com.tr\/index.php?rest_route=%2Fwp%2Fv2%2Fmedia&parent=29274"}],"wp:term":[{"taxonomy":"category","embeddable":true,"href":"https:\/\/adanaseshaber.com.tr\/index.php?rest_route=%2Fwp%2Fv2%2Fcategories&post=29274"},{"taxonomy":"post_tag","embeddable":true,"href":"https:\/\/adanaseshaber.com.tr\/index.php?rest_route=%2Fwp%2Fv2%2Ftags&post=29274"}],"curies":[{"name":"wp","href":"https:\/\/api.w.org\/{rel}","templated":true}]}}