{"id":29281,"date":"2022-07-26T14:37:45","date_gmt":"2022-07-26T11:37:45","guid":{"rendered":"https:\/\/www.adanaseshaber.com\/?p=29281"},"modified":"2022-07-26T14:38:58","modified_gmt":"2022-07-26T11:38:58","slug":"30-agustos-resmi-tatil-mi-2022-30-agustos-hangi-gune-denk-geliyor-ozel-sektore-tatil-mi","status":"publish","type":"post","link":"https:\/\/adanaseshaber.com.tr\/?p=29281","title":{"rendered":"30 A\u011fustos resmi tatil mi 2022? 30 A\u011fustos hangi g\u00fcne denk geliyor, \u00f6zel sekt\u00f6re tatil mi?"},"content":{"rendered":"<p>30 A\u011fustos resmi tatil mi sorusuna yan\u0131t aranmaya ba\u015fland\u0131. Temmuz ay\u0131na yava\u015f yava\u015f veda ederken g\u00f6zler A\u011fustos ay\u0131na \u00e7evrildi. A\u011fustos ay\u0131na say\u0131l\u0131 g\u00fcnler kal\u0131rken Zafer Bayram\u0131 olarak kutlanan 30 A\u011fustos tarihinin resmi tatil olup olmad\u0131\u011f\u0131 ve 30 A\u011fustos Zafer Bayram\u0131\u2019n\u0131n bu sene hangi g\u00fcne denk geldi\u011fi ara\u015ft\u0131r\u0131lmaya ba\u015fland\u0131. 2022 y\u0131l\u0131n\u0131n resmi tatil takvimi 30 A\u011fustos Zafer Bayram\u0131 i\u00e7in bir kez daha g\u00fcndeme geldi. 30 A\u011fustos Zafer Bayram\u0131\u2019n\u0131n resmi tatil olup olmad\u0131\u011f\u0131n\u0131 merak eden vatanda\u015flar konuyla ilgili ara\u015ft\u0131rmalar\u0131n\u0131 h\u0131zland\u0131rd\u0131. Zafer Bayram\u0131 dolay\u0131s\u0131yla yurt genelinde yap\u0131lacak olan kutlamalar il bu \u00f6zel g\u00fcn\u00fcn resmi tatil olup olmad\u0131\u011f\u0131 merak ediliyor. Peki, 30 A\u011fustos Zafer Bayram\u0131 resmi tatil mi? 30 A\u011fustos resmi tatil mi? 30 A\u011fustos hangi g\u00fcne denk geliyor, hafta i\u00e7i mi hafta sonu mu? 30 A\u011fustos tam g\u00fcn m\u00fc, yar\u0131m g\u00fcn m\u00fc? \u00d6zel sekt\u00f6re tatil mi? \u0130\u015fte t\u00fcm merak edilenler\u2026<\/p>\n<p><strong>30 A\u011fustos Resmi Tatil Mi?<\/strong><\/p>\n<p>30 A\u011fustos Zafer Bayram\u0131 her y\u0131l oldu\u011fu gibi bu y\u0131l da yine yurt genelinde b\u00fcy\u00fck bir co\u015fkuyla kutlanacak. 30 A\u011fustos g\u00fcn\u00fc resmi tatiller aras\u0131ndad\u0131r. 30 A\u011fustos Zafer Bayram\u0131 her y\u0131l 30 A\u011fustos g\u00fcn\u00fc yurt genelinde b\u00fcy\u00fck bir co\u015fkuyla kutlanmaktad\u0131r. Zafer Bayram\u0131 kutlamalar\u0131 saat 07.00\u2019de ba\u015flar ve saat 24.00\u2019te sona erer. Ba\u015fkent Ankara\u2019da ise saat 12.00\u2019de 21 pare top at\u0131\u015f\u0131 yap\u0131l\u0131r.<\/p>\n<p><img loading=\"lazy\" decoding=\"async\" class=\"aligncenter wp-image-29285 size-full\" src=\"https:\/\/adanaseshaber.com.tr\/wp-content\/uploads\/2022\/07\/30-agustos-resmi-tatil-mi-2022-30-agustos-hangi-gune-denk-geliyor-ozel-sektore-tatil-mi-1.jpg\" alt=\"\" width=\"1280\" height=\"720\" srcset=\"https:\/\/adanaseshaber.com.tr\/wp-content\/uploads\/2022\/07\/30-agustos-resmi-tatil-mi-2022-30-agustos-hangi-gune-denk-geliyor-ozel-sektore-tatil-mi-1.jpg 1280w, https:\/\/adanaseshaber.com.tr\/wp-content\/uploads\/2022\/07\/30-agustos-resmi-tatil-mi-2022-30-agustos-hangi-gune-denk-geliyor-ozel-sektore-tatil-mi-1-300x169.jpg 300w, https:\/\/adanaseshaber.com.tr\/wp-content\/uploads\/2022\/07\/30-agustos-resmi-tatil-mi-2022-30-agustos-hangi-gune-denk-geliyor-ozel-sektore-tatil-mi-1-1024x576.jpg 1024w, https:\/\/adanaseshaber.com.tr\/wp-content\/uploads\/2022\/07\/30-agustos-resmi-tatil-mi-2022-30-agustos-hangi-gune-denk-geliyor-ozel-sektore-tatil-mi-1-768x432.jpg 768w, https:\/\/adanaseshaber.com.tr\/wp-content\/uploads\/2022\/07\/30-agustos-resmi-tatil-mi-2022-30-agustos-hangi-gune-denk-geliyor-ozel-sektore-tatil-mi-1-390x220.jpg 390w\" sizes=\"auto, (max-width: 1280px) 100vw, 1280px\" \/><\/p>\n<p><strong>30 A\u011fustos 2022 Hangi G\u00fcne Denk Geliyor?<\/strong><\/p>\n<p>30 A\u011fustos 2022\u2019nin hangi g\u00fcne denk geldi\u011fi ara\u015ft\u0131r\u0131lmaya ba\u015fland\u0131. 30 A\u011fustos Zafer Bayram\u0131\u2019na say\u0131l\u0131 g\u00fcnler kal\u0131rken 30 A\u011fustos\u2019un bu y\u0131l hangi g\u00fcne denk geldi\u011fi de en s\u0131k ara\u015ft\u0131r\u0131lan konular aras\u0131nda. 2022 y\u0131l\u0131na 30 A\u011fustos, Sal\u0131 g\u00fcn\u00fcne denk geliyor. 30 A\u011fustos 2022 Sal\u0131 g\u00fcn\u00fc \u2018Zafer Bayram\u0131\u2019 dolay\u0131s\u0131yla resmi tatil olacak.<\/p>\n","protected":false},"excerpt":{"rendered":"<p>30 A\u011fustos resmi tatil mi sorusuna yan\u0131t aranmaya ba\u015fland\u0131. Temmuz ay\u0131na yava\u015f yava\u015f veda ederken g\u00f6zler A\u011fustos ay\u0131na \u00e7evrildi. A\u011fustos ay\u0131na say\u0131l\u0131 g\u00fcnler kal\u0131rken Zafer Bayram\u0131 olarak kutlanan 30 A\u011fustos tarihinin resmi tatil olup olmad\u0131\u011f\u0131 ve 30 A\u011fustos Zafer Bayram\u0131\u2019n\u0131n bu sene hangi g\u00fcne denk geldi\u011fi ara\u015ft\u0131r\u0131lmaya ba\u015fland\u0131. 2022 y\u0131l\u0131n\u0131n resmi tatil takvimi 30 A\u011fustos &hellip;<\/p>\n","protected":false},"author":6,"featured_media":29283,"comment_status":"closed","ping_status":"closed","sticky":false,"template":"","format":"standard","meta":{"footnotes":""},"categories":[1],"tags":[],"class_list":["post-29281","post","type-post","status-publish","format-standard","has-post-thumbnail","hentry","category-genel"],"amp_enabled":true,"_links":{"self":[{"href":"https:\/\/adanaseshaber.com.tr\/index.php?rest_route=\/wp\/v2\/posts\/29281","targetHints":{"allow":["GET"]}}],"collection":[{"href":"https:\/\/adanaseshaber.com.tr\/index.php?rest_route=\/wp\/v2\/posts"}],"about":[{"href":"https:\/\/adanaseshaber.com.tr\/index.php?rest_route=\/wp\/v2\/types\/post"}],"author":[{"embeddable":true,"href":"https:\/\/adanaseshaber.com.tr\/index.php?rest_route=\/wp\/v2\/users\/6"}],"replies":[{"embeddable":true,"href":"https:\/\/adanaseshaber.com.tr\/index.php?rest_route=%2Fwp%2Fv2%2Fcomments&post=29281"}],"version-history":[{"count":2,"href":"https:\/\/adanaseshaber.com.tr\/index.php?rest_route=\/wp\/v2\/posts\/29281\/revisions"}],"predecessor-version":[{"id":29286,"href":"https:\/\/adanaseshaber.com.tr\/index.php?rest_route=\/wp\/v2\/posts\/29281\/revisions\/29286"}],"wp:featuredmedia":[{"embeddable":true,"href":"https:\/\/adanaseshaber.com.tr\/index.php?rest_route=\/wp\/v2\/media\/29283"}],"wp:attachment":[{"href":"https:\/\/adanaseshaber.com.tr\/index.php?rest_route=%2Fwp%2Fv2%2Fmedia&parent=29281"}],"wp:term":[{"taxonomy":"category","embeddable":true,"href":"https:\/\/adanaseshaber.com.tr\/index.php?rest_route=%2Fwp%2Fv2%2Fcategories&post=29281"},{"taxonomy":"post_tag","embeddable":true,"href":"https:\/\/adanaseshaber.com.tr\/index.php?rest_route=%2Fwp%2Fv2%2Ftags&post=29281"}],"curies":[{"name":"wp","href":"https:\/\/api.w.org\/{rel}","templated":true}]}}