{"id":29300,"date":"2022-07-26T15:02:03","date_gmt":"2022-07-26T12:02:03","guid":{"rendered":"https:\/\/www.adanaseshaber.com\/?p=29300"},"modified":"2022-07-26T15:03:28","modified_gmt":"2022-07-26T12:03:28","slug":"selahattin-demirtasin-serbest-kalmasini-isteyen-kilicdaroglundan-flas-aciklama","status":"publish","type":"post","link":"https:\/\/adanaseshaber.com.tr\/?p=29300","title":{"rendered":"Selahattin Demirta\u015f\u2019\u0131n serbest kalmas\u0131n\u0131 isteyen K\u0131l\u0131\u00e7daro\u011flu\u2019ndan fla\u015f a\u00e7\u0131klama"},"content":{"rendered":"<p>CHP Genel Ba\u015fkan\u0131 Kemal K\u0131l\u0131\u00e7daro\u011flu, tutuklulu\u011fu devam eden Selahattin Demirta\u015f ile ilgili yapt\u0131\u011f\u0131 a\u00e7\u0131klamas\u0131yla bir kez daha siyaset g\u00fcndemine oturdu. T\u00fcrkiye, 2023 y\u0131l\u0131nda yap\u0131lacak se\u00e7imlere haz\u0131rlan\u0131rken CHP lideri K\u0131l\u0131\u00e7daro\u011flu ise s\u0131k s\u0131k yapt\u0131\u011f\u0131 a\u00e7\u0131klamalar ve payla\u015f\u0131mlar\u0131yla g\u00fcndeme gelmeye devam ediyor. CHP lideri Kemal K\u0131l\u0131\u00e7daro\u011flu\u2019ndan ter\u00f6r \u00f6rg\u00fct\u00fc PKK ile ili\u015fkisi bulunan Selahattin Demirta\u015f ile ilgili yine \u00e7ok konu\u015fulacak bir a\u00e7\u0131klama geldi. 2023 se\u00e7imlerine do\u011fru geri say\u0131m s\u00fcrerken Millet \u0130ttifak\u2019\u0131nda adayl\u0131\u011fa en yak\u0131n isim olarak g\u00f6sterilen CHP Genel Ba\u015fkan\u0131 Kemal k\u0131l\u0131\u00e7daro\u011flu, son g\u00fcnlerde yapt\u0131\u011f\u0131 a\u00e7\u0131klamalar ve payla\u015f\u0131mlarla g\u00fcndem olmaya devam ediyor. 6\u2019l\u0131 masan\u0131n yan\u0131 s\u0131ra HDP\u2019den de destek isteyen K\u0131l\u0131\u00e7daro\u011flu\u2019nun Demirta\u015f ile ilgili a\u00e7\u0131klamalar\u0131 ise sosyal medyan\u0131n g\u00fcndemine oturdu. \u0130\u015fte o a\u00e7\u0131klama\u2026<\/p>\n<p><strong>Demirta\u015f\u2019\u0131n Serbest Kalmas\u0131n\u0131 \u0130stedi<\/strong><\/p>\n<p>T24\u2019e konu\u015fan CHP lideri Kemal K\u0131l\u0131\u00e7daro\u011flu, Selahattin Demirta\u015f\u2019\u0131n tutuklulu\u011fuyla ilgili konu\u015ftu ve haks\u0131z yere tutuklu oldu\u011funu s\u00f6yledi. Demirta\u015f i\u00e7in \u2018Siyasi bir tutuklu zaten.\u2019 ifadelerini kullanan K\u0131l\u0131\u00e7daro\u011flu, \u2018Bir an \u00f6nce serbest kalmas\u0131 benim en b\u00fcy\u00fck arzum.\u2019 dedi. Fla\u015f a\u00e7\u0131klamalar\u0131na devam eden CHP lideri, \u2018Demirta\u015f i\u00e7eride olmas\u0131na ra\u011fmen inand\u0131\u011f\u0131 yoldan d\u00f6nmeyen, kararl\u0131l\u0131kla demokrasiyi savunan, parlamentonun etkin bir kurum olmas\u0131n\u0131 dile getirdi\u011fi g\u00f6r\u00fc\u015fleri var. Bu g\u00f6r\u00fc\u015fler gayet \u00f6nemli. Bu arada sadece o de\u011fil, Say\u0131n Osman Kavala da bir an \u00f6nce serbest kalmal\u0131. Haklar\u0131ndaki serbest kalmalar\u0131na dair yarg\u0131 kararlar\u0131n\u0131n uygulanmas\u0131 gerekiyor.\u2019 ifadelerine yer verdi.<\/p>\n<p><img loading=\"lazy\" decoding=\"async\" class=\"aligncenter wp-image-29305 size-full\" src=\"https:\/\/adanaseshaber.com.tr\/wp-content\/uploads\/2022\/07\/selahattin-demirtasin-serbest-kalmasini-isteyen-kilicdaroglundan-flas-aciklama-1.jpg\" alt=\"\" width=\"1280\" height=\"720\" srcset=\"https:\/\/adanaseshaber.com.tr\/wp-content\/uploads\/2022\/07\/selahattin-demirtasin-serbest-kalmasini-isteyen-kilicdaroglundan-flas-aciklama-1.jpg 1280w, https:\/\/adanaseshaber.com.tr\/wp-content\/uploads\/2022\/07\/selahattin-demirtasin-serbest-kalmasini-isteyen-kilicdaroglundan-flas-aciklama-1-300x169.jpg 300w, https:\/\/adanaseshaber.com.tr\/wp-content\/uploads\/2022\/07\/selahattin-demirtasin-serbest-kalmasini-isteyen-kilicdaroglundan-flas-aciklama-1-1024x576.jpg 1024w, https:\/\/adanaseshaber.com.tr\/wp-content\/uploads\/2022\/07\/selahattin-demirtasin-serbest-kalmasini-isteyen-kilicdaroglundan-flas-aciklama-1-768x432.jpg 768w, https:\/\/adanaseshaber.com.tr\/wp-content\/uploads\/2022\/07\/selahattin-demirtasin-serbest-kalmasini-isteyen-kilicdaroglundan-flas-aciklama-1-390x220.jpg 390w\" sizes=\"auto, (max-width: 1280px) 100vw, 1280px\" \/><\/p>\n<p><strong>Tepki \u00c7ekti<\/strong><\/p>\n<p>CHP Genel Ba\u015fkan\u0131 kemal K\u0131l\u0131\u00e7daro\u011flu\u2019nun Selahattin Demirta\u015f ile ilgili a\u00e7\u0131klamalar\u0131 tepki toplad\u0131. Demirta\u015f\u2019\u0131n serbest kalmas\u0131n\u0131 istedi\u011fini s\u00f6yleyen ve serbest b\u0131rak\u0131lmas\u0131 i\u00e7in bir kez daha \u00e7a\u011fr\u0131 yapan K\u0131l\u0131\u00e7daro\u011flu\u2019nun bu a\u00e7\u0131klamalar\u0131 sosyal medyan\u0131n g\u00fcndemine oturdu. Demirta\u015f ve Kavala\u2019n\u0131n serbest kalmas\u0131 gerekti\u011fini s\u00f6yleyen CHP liderine sosyal medya \u00fczerinden tepki ya\u011fd\u0131. \u015eimdi g\u00f6zler K\u0131l\u0131\u00e7daro\u011flu\u2019nun bu a\u00e7\u0131klamas\u0131n\u0131n ard\u0131ndan 6\u2019l\u0131 masan\u0131n tepkisine \u00e7evrildi. \u00d6zellikle \u0130Y\u0130 Parti Genel Ba\u015fkan\u0131 Meral Ak\u015fener\u2019in bu a\u00e7\u0131klamalara nas\u0131l bir tepki verece\u011fi merak konusu oldu.<\/p>\n","protected":false},"excerpt":{"rendered":"<p>CHP Genel Ba\u015fkan\u0131 Kemal K\u0131l\u0131\u00e7daro\u011flu, tutuklulu\u011fu devam eden Selahattin Demirta\u015f ile ilgili yapt\u0131\u011f\u0131 a\u00e7\u0131klamas\u0131yla bir kez daha siyaset g\u00fcndemine oturdu. T\u00fcrkiye, 2023 y\u0131l\u0131nda yap\u0131lacak se\u00e7imlere haz\u0131rlan\u0131rken CHP lideri K\u0131l\u0131\u00e7daro\u011flu ise s\u0131k s\u0131k yapt\u0131\u011f\u0131 a\u00e7\u0131klamalar ve payla\u015f\u0131mlar\u0131yla g\u00fcndeme gelmeye devam ediyor. CHP lideri Kemal K\u0131l\u0131\u00e7daro\u011flu\u2019ndan ter\u00f6r \u00f6rg\u00fct\u00fc PKK ile ili\u015fkisi bulunan Selahattin Demirta\u015f ile ilgili yine &hellip;<\/p>\n","protected":false},"author":6,"featured_media":29303,"comment_status":"closed","ping_status":"closed","sticky":false,"template":"","format":"standard","meta":{"footnotes":""},"categories":[10],"tags":[],"class_list":["post-29300","post","type-post","status-publish","format-standard","has-post-thumbnail","hentry","category-siyaset"],"amp_enabled":true,"_links":{"self":[{"href":"https:\/\/adanaseshaber.com.tr\/index.php?rest_route=\/wp\/v2\/posts\/29300","targetHints":{"allow":["GET"]}}],"collection":[{"href":"https:\/\/adanaseshaber.com.tr\/index.php?rest_route=\/wp\/v2\/posts"}],"about":[{"href":"https:\/\/adanaseshaber.com.tr\/index.php?rest_route=\/wp\/v2\/types\/post"}],"author":[{"embeddable":true,"href":"https:\/\/adanaseshaber.com.tr\/index.php?rest_route=\/wp\/v2\/users\/6"}],"replies":[{"embeddable":true,"href":"https:\/\/adanaseshaber.com.tr\/index.php?rest_route=%2Fwp%2Fv2%2Fcomments&post=29300"}],"version-history":[{"count":2,"href":"https:\/\/adanaseshaber.com.tr\/index.php?rest_route=\/wp\/v2\/posts\/29300\/revisions"}],"predecessor-version":[{"id":29306,"href":"https:\/\/adanaseshaber.com.tr\/index.php?rest_route=\/wp\/v2\/posts\/29300\/revisions\/29306"}],"wp:featuredmedia":[{"embeddable":true,"href":"https:\/\/adanaseshaber.com.tr\/index.php?rest_route=\/wp\/v2\/media\/29303"}],"wp:attachment":[{"href":"https:\/\/adanaseshaber.com.tr\/index.php?rest_route=%2Fwp%2Fv2%2Fmedia&parent=29300"}],"wp:term":[{"taxonomy":"category","embeddable":true,"href":"https:\/\/adanaseshaber.com.tr\/index.php?rest_route=%2Fwp%2Fv2%2Fcategories&post=29300"},{"taxonomy":"post_tag","embeddable":true,"href":"https:\/\/adanaseshaber.com.tr\/index.php?rest_route=%2Fwp%2Fv2%2Ftags&post=29300"}],"curies":[{"name":"wp","href":"https:\/\/api.w.org\/{rel}","templated":true}]}}