{"id":29429,"date":"2022-07-26T23:51:06","date_gmt":"2022-07-26T20:51:06","guid":{"rendered":"https:\/\/www.adanaseshaber.com\/?p=29429"},"modified":"2022-07-26T23:52:47","modified_gmt":"2022-07-26T20:52:47","slug":"ekrem-imamoglundan-tatil-elestirilerine-ilginc-yanit","status":"publish","type":"post","link":"https:\/\/adanaseshaber.com.tr\/?p=29429","title":{"rendered":"Ekrem \u0130mamo\u011flu\u2019ndan tatil ele\u015ftirilerine ilgin\u00e7 yan\u0131t"},"content":{"rendered":"<p>\u0130stanbul B\u00fcy\u00fck\u015fehir Belediye Ba\u015fkan\u0131 Ekrem \u0130mamo\u011flu, \u0130stanbul\u2019u sel bast\u0131\u011f\u0131 g\u00fcn tatilde olmas\u0131n\u0131 ele\u015ftirenlere ilgin\u00e7 bir yan\u0131t verdi. Tatil ele\u015ftirilerine Cumhurba\u015fkan\u0131 Recep Tayyip Erdo\u011fan \u00fczerinden yan\u0131t veren \u0130BB Ba\u015fkan\u0131 \u0130mamo\u011flu, Erdo\u011fan\u2019\u0131n kendi d\u00f6neminde kendisinin 4 kat\u0131 tatil yapt\u0131\u011f\u0131n\u0131 s\u00f6yleyerek ele\u015ftirilere kar\u015f\u0131 kendisini savundu. 3 y\u0131lda sadece 20 g\u00fcn tatil yapt\u0131\u011f\u0131n\u0131 s\u00f6yleyen \u0130mamo\u011flu, Cumhurba\u015fkan\u0131 Erdo\u011fan\u2019\u0131n d\u00f6nemine gitti ve Erdo\u011fan\u2019\u0131n kendisinin 4 kat\u0131 tatil yapt\u0131\u011f\u0131n\u0131 s\u00f6yleyerek ele\u015ftirilere yan\u0131t verdi. \u0130mamo\u011flu, \u0130stanbul2daki altyap\u0131 \u00e7al\u0131\u015fmalar\u0131na da de\u011findi ve yerin alt\u0131na 10.2 milyar lira yat\u0131r\u0131m yapt\u0131klar\u0131n\u0131 s\u00f6yledi. \u0130\u015fte \u0130BB Ba\u015fkan\u0131 Ekrem \u0130mamo\u011flu\u2019nun canl\u0131 yay\u0131nda yapt\u0131\u011f\u0131 a\u00e7\u0131klamalardan \u00f6ne \u00e7\u0131kanlar\u2026<\/p>\n<p><strong>Tatil Ele\u015ftirilerine Yan\u0131t Verdi<\/strong><\/p>\n<p>\u0130stanbul\u2019u sel bast\u0131\u011f\u0131 g\u00fcn tatilde olmas\u0131 sebebiyle \u00e7ok b\u00fcy\u00fck ele\u015ftirilere maruz kalan ve tepki \u00e7eken \u0130stanbul B\u00fcy\u00fck\u015fehir Belediye Ba\u015fkan\u0131 Ekrem \u0130mamo\u011flu, kendisini bu konu \u00fczerinden ele\u015ftirenlere ilgin\u00e7 bir yan\u0131t verdi. Fatih Altayl\u0131\u2019n\u0131n sundu\u011fu program\u0131n canl\u0131 yay\u0131n konu\u011fu olan \u0130mamo\u011flu, 3 y\u0131lda 20 g\u00fcn tatil yapt\u0131\u011f\u0131n\u0131 s\u00f6yledi ve Cumhurba\u015fkan\u0131 Recep Tayyip Erdo\u011fan\u2019\u0131n kendi d\u00f6neminde kendisinin 4 kat\u0131 tatil yapt\u0131\u011f\u0131n\u0131 belirterek ele\u015ftirilere yan\u0131t verdi. Ele\u015ftiriyi dinlemeyi sevdi\u011fini s\u00f6yleyen \u0130mamo\u011flu, \u2018Bu \u00fclkenin ele\u015ftiriye ihtiyac\u0131 var. Y\u00f6neticilerin esprisi yap\u0131lam\u0131yor y\u0131llard\u0131r. Ge\u00e7enlerde G\u00fcld\u00fcr G\u00fcld\u00fcr\u2019de bir ske\u00e7 yap\u0131ld\u0131. Onun bir par\u00e7as\u0131 oldu\u011fum i\u00e7in \u00e7ok mutlu oldum. Zeka dolu ele\u015ftirilerin bize \u00e7ok b\u00fcy\u00fck faydas\u0131 var.\u2019 ifadelerine yer verdi.<\/p>\n<p><img loading=\"lazy\" decoding=\"async\" class=\"aligncenter wp-image-29432 size-full\" src=\"https:\/\/adanaseshaber.com.tr\/wp-content\/uploads\/2022\/07\/ekrem-imamoglundan-tatil-elestirilerine-ilginc-yanit-1.jpg\" alt=\"\" width=\"1280\" height=\"720\" srcset=\"https:\/\/adanaseshaber.com.tr\/wp-content\/uploads\/2022\/07\/ekrem-imamoglundan-tatil-elestirilerine-ilginc-yanit-1.jpg 1280w, https:\/\/adanaseshaber.com.tr\/wp-content\/uploads\/2022\/07\/ekrem-imamoglundan-tatil-elestirilerine-ilginc-yanit-1-300x169.jpg 300w, https:\/\/adanaseshaber.com.tr\/wp-content\/uploads\/2022\/07\/ekrem-imamoglundan-tatil-elestirilerine-ilginc-yanit-1-1024x576.jpg 1024w, https:\/\/adanaseshaber.com.tr\/wp-content\/uploads\/2022\/07\/ekrem-imamoglundan-tatil-elestirilerine-ilginc-yanit-1-768x432.jpg 768w, https:\/\/adanaseshaber.com.tr\/wp-content\/uploads\/2022\/07\/ekrem-imamoglundan-tatil-elestirilerine-ilginc-yanit-1-390x220.jpg 390w\" sizes=\"auto, (max-width: 1280px) 100vw, 1280px\" \/><\/p>\n<p><strong>Altyap\u0131 \u00c7al\u0131\u015fmalar\u0131<\/strong><\/p>\n<p>\u0130stanbul\u2019daki altyap\u0131 \u00e7al\u0131\u015fmalar\u0131 hakk\u0131nda da konu\u015fan \u0130BB Ba\u015fkan\u0131, 107 noktada sel bask\u0131n\u0131 yap\u0131lan yerlerin tespitini yapt\u0131k. 10.2 milyar lira yerin alt\u0131na yat\u0131r\u0131m yapt\u0131k. \u015eu anda \u0130stanbul bu g\u00f6r\u00fcnt\u00fcleri ya\u015fam\u0131yor. \u00dcsk\u00fcdar\u2019da deniz, kara ile birle\u015fmiyor.\u2019 dedi.<\/p>\n<p><strong>\u2018Ben \u015eov Yapacak Bir Ba\u015fkan De\u011filim\u2019<\/strong><\/p>\n<p>\u0130stanbul&#8217;da yaln\u0131zca 1 sokakta sel oldu\u011funu s\u00f6yleyen \u0130mamo\u011flu, \u2018Esenyurt\u2019ta dere yata\u011f\u0131n\u0131 imara a\u00e7m\u0131\u015fs\u0131n\u0131z D\u00fcnyada var m\u0131 bu Allah a\u015fk\u0131na? Dolay\u0131s\u0131yla er ya\u011fmurda o soka\u011f\u0131 sel bas\u0131yor. Ben Fethiye\u2019de iken denk geldi. Sel oldu\u011funda ben \u00e7izmeleri giyip oraya gidecek belediye ba\u015fkan\u0131 de\u011filim. \u00c7izmeleri daha \u00f6nce giydim.\u2019 ifadelerine yer verdi.<\/p>\n","protected":false},"excerpt":{"rendered":"<p>\u0130stanbul B\u00fcy\u00fck\u015fehir Belediye Ba\u015fkan\u0131 Ekrem \u0130mamo\u011flu, \u0130stanbul\u2019u sel bast\u0131\u011f\u0131 g\u00fcn tatilde olmas\u0131n\u0131 ele\u015ftirenlere ilgin\u00e7 bir yan\u0131t verdi. Tatil ele\u015ftirilerine Cumhurba\u015fkan\u0131 Recep Tayyip Erdo\u011fan \u00fczerinden yan\u0131t veren \u0130BB Ba\u015fkan\u0131 \u0130mamo\u011flu, Erdo\u011fan\u2019\u0131n kendi d\u00f6neminde kendisinin 4 kat\u0131 tatil yapt\u0131\u011f\u0131n\u0131 s\u00f6yleyerek ele\u015ftirilere kar\u015f\u0131 kendisini savundu. 3 y\u0131lda sadece 20 g\u00fcn tatil yapt\u0131\u011f\u0131n\u0131 s\u00f6yleyen \u0130mamo\u011flu, Cumhurba\u015fkan\u0131 Erdo\u011fan\u2019\u0131n d\u00f6nemine gitti &hellip;<\/p>\n","protected":false},"author":6,"featured_media":29430,"comment_status":"closed","ping_status":"closed","sticky":false,"template":"","format":"standard","meta":{"footnotes":""},"categories":[1],"tags":[],"class_list":["post-29429","post","type-post","status-publish","format-standard","has-post-thumbnail","hentry","category-genel"],"amp_enabled":true,"_links":{"self":[{"href":"https:\/\/adanaseshaber.com.tr\/index.php?rest_route=\/wp\/v2\/posts\/29429","targetHints":{"allow":["GET"]}}],"collection":[{"href":"https:\/\/adanaseshaber.com.tr\/index.php?rest_route=\/wp\/v2\/posts"}],"about":[{"href":"https:\/\/adanaseshaber.com.tr\/index.php?rest_route=\/wp\/v2\/types\/post"}],"author":[{"embeddable":true,"href":"https:\/\/adanaseshaber.com.tr\/index.php?rest_route=\/wp\/v2\/users\/6"}],"replies":[{"embeddable":true,"href":"https:\/\/adanaseshaber.com.tr\/index.php?rest_route=%2Fwp%2Fv2%2Fcomments&post=29429"}],"version-history":[{"count":2,"href":"https:\/\/adanaseshaber.com.tr\/index.php?rest_route=\/wp\/v2\/posts\/29429\/revisions"}],"predecessor-version":[{"id":29433,"href":"https:\/\/adanaseshaber.com.tr\/index.php?rest_route=\/wp\/v2\/posts\/29429\/revisions\/29433"}],"wp:featuredmedia":[{"embeddable":true,"href":"https:\/\/adanaseshaber.com.tr\/index.php?rest_route=\/wp\/v2\/media\/29430"}],"wp:attachment":[{"href":"https:\/\/adanaseshaber.com.tr\/index.php?rest_route=%2Fwp%2Fv2%2Fmedia&parent=29429"}],"wp:term":[{"taxonomy":"category","embeddable":true,"href":"https:\/\/adanaseshaber.com.tr\/index.php?rest_route=%2Fwp%2Fv2%2Fcategories&post=29429"},{"taxonomy":"post_tag","embeddable":true,"href":"https:\/\/adanaseshaber.com.tr\/index.php?rest_route=%2Fwp%2Fv2%2Ftags&post=29429"}],"curies":[{"name":"wp","href":"https:\/\/api.w.org\/{rel}","templated":true}]}}