{"id":29434,"date":"2022-07-27T00:06:00","date_gmt":"2022-07-26T21:06:00","guid":{"rendered":"https:\/\/www.adanaseshaber.com\/?p=29434"},"modified":"2022-07-27T00:08:20","modified_gmt":"2022-07-26T21:08:20","slug":"uskudarda-kan-donduran-kadin-cinayeti","status":"publish","type":"post","link":"https:\/\/adanaseshaber.com.tr\/?p=29434","title":{"rendered":"\u00dcsk\u00fcdar\u2019da kan donduran kad\u0131n cinayeti"},"content":{"rendered":"<p>T\u00fcrkiye\u2019nin kanayan yaras\u0131 olan kad\u0131n cinayetlerinin maalesef sonu gelmiyor. Bu kez adres \u0130stanbul \u00dcsk\u00fcdar oldu. 30 ya\u015f\u0131ndaki Elif G. isimli kad\u0131n 1 ay \u00f6nce ayr\u0131ld\u0131\u011f\u0131 eski erkek arkada\u015f\u0131 taraf\u0131ndan silahla vurularak \u00f6ld\u00fcr\u00fcld\u00fc. Talihsiz kad\u0131n\u0131 son kez konu\u015fmak istedi\u011fini s\u00f6yleyerek \u00e7a\u011f\u0131ran g\u00f6z\u00fc d\u00f6nm\u00fc\u015f sald\u0131rgan gen\u00e7 kad\u0131na 3 el ate\u015f ederek onu hayattan kopard\u0131. \u00dcsk\u00fcdar\u2019daki medyana gelen kad\u0131n cinayeti T\u00fcrkiye\u2019nin g\u00fcndemine oturdu. Eski erkek arkada\u015f\u0131 taraf\u0131ndan katledilen Elif G., ailahla vurularak a\u011f\u0131r yaraland\u0131. Sald\u0131rgan ise onu hastaneye b\u0131rakarak kay\u0131plara kar\u0131\u015ft\u0131. Elif G., hastanedeki t\u00fcm m\u00fcdahalelere ra\u011fmen kurtar\u0131lamayarak hayat\u0131n\u0131 kaybetti.<\/p>\n<p><strong>Son Kez G\u00f6r\u00fc\u015fmek \u0130stedi<\/strong><\/p>\n<p>Olay, \u0130stanbul \u00dcsk\u00fcdar\u2019da 23 Temmuz tarihinde meydana geldi. Al\u0131nan bilgilere g\u00f6re, 30 ya\u015f\u0131nda olan ve kuaf\u00f6rl\u00fck yapan Elif G., kendisi gibi kuaf\u00f6rl\u00fck yapan 32 ya\u015f\u0131ndaki eski erkek arkada\u015f\u0131 K.B\u2019den 1 ay \u00f6nce ayr\u0131ld\u0131. 10 y\u0131ll\u0131k ili\u015fkisini bitiren Elif G., eski erkek arkada\u015f\u0131n\u0131n son kez g\u00f6r\u00fc\u015fme iste\u011fi \u00fczerine g\u00f6r\u00fc\u015fmeye gitti. Ara\u00e7 i\u00e7inde konu\u015fmaya ba\u015flayan ikili aras\u0131nda tart\u0131\u015fma \u00e7\u0131kt\u0131. Sald\u0131rgan K.B., talihsiz kad\u0131na 3 el ate\u015f etti ve ard\u0131ndan a\u011f\u0131r yaralanan gen\u00e7 kad\u0131n\u0131 hastaneye b\u0131rakarak kay\u0131plara kar\u0131\u015ft\u0131. Hastaneye a\u011f\u0131r yaral\u0131 olarak b\u0131rak\u0131lan Elif G., doktorlar\u0131n t\u00fcm m\u00fcdahalesine ra\u011fmen kurtar\u0131lamayarak hayat\u0131n\u0131 kaybetti.<\/p>\n<p><img loading=\"lazy\" decoding=\"async\" class=\"aligncenter wp-image-29437 size-full\" src=\"https:\/\/adanaseshaber.com.tr\/wp-content\/uploads\/2022\/07\/uskudarda-kan-donduran-kadin-cinayeti-1.jpg\" alt=\"\" width=\"1280\" height=\"720\" srcset=\"https:\/\/adanaseshaber.com.tr\/wp-content\/uploads\/2022\/07\/uskudarda-kan-donduran-kadin-cinayeti-1.jpg 1280w, https:\/\/adanaseshaber.com.tr\/wp-content\/uploads\/2022\/07\/uskudarda-kan-donduran-kadin-cinayeti-1-300x169.jpg 300w, https:\/\/adanaseshaber.com.tr\/wp-content\/uploads\/2022\/07\/uskudarda-kan-donduran-kadin-cinayeti-1-1024x576.jpg 1024w, https:\/\/adanaseshaber.com.tr\/wp-content\/uploads\/2022\/07\/uskudarda-kan-donduran-kadin-cinayeti-1-768x432.jpg 768w, https:\/\/adanaseshaber.com.tr\/wp-content\/uploads\/2022\/07\/uskudarda-kan-donduran-kadin-cinayeti-1-390x220.jpg 390w\" sizes=\"auto, (max-width: 1280px) 100vw, 1280px\" \/><\/p>\n<p><strong>Sald\u0131rgan\u0131n Ka\u00e7mas\u0131na Yard\u0131m Edenler Tutukland\u0131<\/strong><\/p>\n<p>Sald\u0131rgan K.B.\u2019nin ka\u00e7mas\u0131na ve saklanmas\u0131na yard\u0131m eden ve \u00e7e\u015fitli su\u00e7lardan \u00e7ok say\u0131da su\u00e7 kayd\u0131 bulunan A.A., Y.O., S.\u00c7. ve A.D. isimli 4 \u015f\u00fcpheli polisler taraf\u0131ndan yakalanarak g\u00f6zalt\u0131na al\u0131nd\u0131. \u015e\u00fcphelilerden S.\u00c7.\u2019nin evinde yap\u0131lan aramada ise 1 adet silah ve 1 adet kovan ele ge\u00e7irildi. Emniyetteki i\u015flemleri sonras\u0131nda adliyeye sevk edilen \u015f\u00fcphelilerden Y.O., S.\u00c7. ve A.D. tutuklanarak cezaevine g\u00f6nderildi. \u015e\u00fcpheli A.A. ise adli kontrol \u015fart\u0131yla serbest b\u0131rak\u0131ld\u0131. Polis ekipleri gen\u00e7 kad\u0131n\u0131 silahla vurarak \u00f6ld\u00fcren firari K.B.\u2019yi arama \u00e7al\u0131\u015fmalar\u0131na devam ediyor.<\/p>\n","protected":false},"excerpt":{"rendered":"<p>T\u00fcrkiye\u2019nin kanayan yaras\u0131 olan kad\u0131n cinayetlerinin maalesef sonu gelmiyor. Bu kez adres \u0130stanbul \u00dcsk\u00fcdar oldu. 30 ya\u015f\u0131ndaki Elif G. isimli kad\u0131n 1 ay \u00f6nce ayr\u0131ld\u0131\u011f\u0131 eski erkek arkada\u015f\u0131 taraf\u0131ndan silahla vurularak \u00f6ld\u00fcr\u00fcld\u00fc. Talihsiz kad\u0131n\u0131 son kez konu\u015fmak istedi\u011fini s\u00f6yleyerek \u00e7a\u011f\u0131ran g\u00f6z\u00fc d\u00f6nm\u00fc\u015f sald\u0131rgan gen\u00e7 kad\u0131na 3 el ate\u015f ederek onu hayattan kopard\u0131. \u00dcsk\u00fcdar\u2019daki medyana gelen &hellip;<\/p>\n","protected":false},"author":6,"featured_media":29435,"comment_status":"closed","ping_status":"closed","sticky":false,"template":"","format":"standard","meta":{"footnotes":""},"categories":[1],"tags":[],"class_list":["post-29434","post","type-post","status-publish","format-standard","has-post-thumbnail","hentry","category-genel"],"amp_enabled":true,"_links":{"self":[{"href":"https:\/\/adanaseshaber.com.tr\/index.php?rest_route=\/wp\/v2\/posts\/29434","targetHints":{"allow":["GET"]}}],"collection":[{"href":"https:\/\/adanaseshaber.com.tr\/index.php?rest_route=\/wp\/v2\/posts"}],"about":[{"href":"https:\/\/adanaseshaber.com.tr\/index.php?rest_route=\/wp\/v2\/types\/post"}],"author":[{"embeddable":true,"href":"https:\/\/adanaseshaber.com.tr\/index.php?rest_route=\/wp\/v2\/users\/6"}],"replies":[{"embeddable":true,"href":"https:\/\/adanaseshaber.com.tr\/index.php?rest_route=%2Fwp%2Fv2%2Fcomments&post=29434"}],"version-history":[{"count":3,"href":"https:\/\/adanaseshaber.com.tr\/index.php?rest_route=\/wp\/v2\/posts\/29434\/revisions"}],"predecessor-version":[{"id":29438,"href":"https:\/\/adanaseshaber.com.tr\/index.php?rest_route=\/wp\/v2\/posts\/29434\/revisions\/29438"}],"wp:featuredmedia":[{"embeddable":true,"href":"https:\/\/adanaseshaber.com.tr\/index.php?rest_route=\/wp\/v2\/media\/29435"}],"wp:attachment":[{"href":"https:\/\/adanaseshaber.com.tr\/index.php?rest_route=%2Fwp%2Fv2%2Fmedia&parent=29434"}],"wp:term":[{"taxonomy":"category","embeddable":true,"href":"https:\/\/adanaseshaber.com.tr\/index.php?rest_route=%2Fwp%2Fv2%2Fcategories&post=29434"},{"taxonomy":"post_tag","embeddable":true,"href":"https:\/\/adanaseshaber.com.tr\/index.php?rest_route=%2Fwp%2Fv2%2Ftags&post=29434"}],"curies":[{"name":"wp","href":"https:\/\/api.w.org\/{rel}","templated":true}]}}