{"id":29440,"date":"2022-07-27T00:19:24","date_gmt":"2022-07-26T21:19:24","guid":{"rendered":"https:\/\/www.adanaseshaber.com\/?p=29440"},"modified":"2022-07-27T20:39:51","modified_gmt":"2022-07-27T17:39:51","slug":"ahmet-hakanin-18-tweeti-begenmesi-olay-oldu","status":"publish","type":"post","link":"https:\/\/adanaseshaber.com.tr\/?p=29440","title":{"rendered":"Ahmet Hakan\u2019\u0131n +18 tweet\u2019i be\u011fenmesi olay oldu"},"content":{"rendered":"<p>Gazeteci Ahmet Hakan, sosyal medya \u00fczerinde be\u011fendi\u011fi +18 tweet\u2019in ard\u0131ndan g\u00fcndeme bomba gibi d\u00fc\u015ft\u00fc. Sosyal medyan\u0131n diline d\u00fc\u015fen \u00fcnl\u00fc gazeteci olay\u0131n fark edilmesinin ard\u0131ndan be\u011fenisini geri \u00e7ekse de sosyal medya kullan\u0131c\u0131lar\u0131n\u0131n diline d\u00fc\u015ft\u00fc. Ahmet Hakan\u2019\u0131n be\u011fendi\u011fi +18 tweet\u2019in fark edilmesi \u00fczerine Twitter hesab\u0131n\u0131 korumaya ald\u0131\u011f\u0131 g\u00f6r\u00fcld\u00fc. Sosyal medya, \u00fcnl\u00fc gazeteci Ahmet Hakan\u2019\u0131n be\u011fendi\u011fi 918 tweet\u2019i konu\u015fuyor. Sosyal medya \u00fczerinden yapt\u0131\u011f\u0131 be\u011feninin fark edilmesi \u00fczerine be\u011fenisini geri \u00e7eken Hakan, olay\u0131n ard\u0131ndan sosyal medya hesab\u0131n\u0131 korumaya ald\u0131. G\u00fcndem olan olayla ilgili sosyal medya kullan\u0131c\u0131lar\u0131ndan binlerce yorum geldi.<\/p>\n<p><strong>FENA YAKALANDI<\/strong><\/p>\n<p>\u00dcnl\u00fc gazeteci Ahmet Hakan, fena yakaland\u0131. Twitter hesab\u0131 \u00fczerinden +18 i\u00e7erikli bir tweet\u2019i be\u011fenen ve olay\u0131n fark edilmesinin ard\u0131ndan hemen be\u011fenisini kald\u0131ran Ahmet Hakan, sosyal medya kullan\u0131c\u0131lar\u0131n\u0131n diline fena d\u00fc\u015ft\u00fc. Olay\u0131n fark edilmesi \u00fczerine yeni bir hamle de bulunan Ahmet Hakan, hemen hesab\u0131n\u0131 gizledi.<\/p>\n<p><img loading=\"lazy\" decoding=\"async\" class=\"aligncenter wp-image-29443 size-full\" src=\"https:\/\/adanaseshaber.com.tr\/wp-content\/uploads\/2022\/07\/ahmet-hakanin-18-tweeti-begenmesi-olay-oldu-1.jpg\" alt=\"\" width=\"1280\" height=\"720\" srcset=\"https:\/\/adanaseshaber.com.tr\/wp-content\/uploads\/2022\/07\/ahmet-hakanin-18-tweeti-begenmesi-olay-oldu-1.jpg 1280w, https:\/\/adanaseshaber.com.tr\/wp-content\/uploads\/2022\/07\/ahmet-hakanin-18-tweeti-begenmesi-olay-oldu-1-300x169.jpg 300w, https:\/\/adanaseshaber.com.tr\/wp-content\/uploads\/2022\/07\/ahmet-hakanin-18-tweeti-begenmesi-olay-oldu-1-1024x576.jpg 1024w, https:\/\/adanaseshaber.com.tr\/wp-content\/uploads\/2022\/07\/ahmet-hakanin-18-tweeti-begenmesi-olay-oldu-1-768x432.jpg 768w, https:\/\/adanaseshaber.com.tr\/wp-content\/uploads\/2022\/07\/ahmet-hakanin-18-tweeti-begenmesi-olay-oldu-1-390x220.jpg 390w\" sizes=\"auto, (max-width: 1280px) 100vw, 1280px\" \/><\/p>\n<p><strong>SOSYAL MEDYADA G\u00dcNDEM OLDU<\/strong><\/p>\n<p>\u00dcnl\u00fc gazetecinin yapt\u0131\u011f\u0131 be\u011feniyi geri \u00e7ekmesi fayda etmedi. \u00c7oktan sosyal medya kullan\u0131c\u0131lar\u0131n\u0131n diline d\u00fc\u015fen Ahmet Hakan ile ilgili binlerce payla\u015f\u0131m yap\u0131ld\u0131. Ahmet Hakan\u2019\u0131n Twitter hesab\u0131n\u0131n be\u011feniler b\u00f6l\u00fcm\u00fcne girildi\u011finde +18 i\u00e7erikli olan bir videoyu be\u011fendi\u011fi g\u00f6r\u00fcld\u00fc. Olay\u0131n fark edilmesiyle sosyal medya \u00e7alkaland\u0131. K\u0131sa s\u00fcrede Twitter\u2019da g\u00fcndem olan Ahmet Hakan ile ilgili \u00e7ok say\u0131da payla\u015f\u0131m yap\u0131ld\u0131. Binlerce sosyal medya kullan\u0131c\u0131s\u0131n\u0131n yorum yapt\u0131\u011f\u0131 olay\u0131n ard\u0131ndan g\u00fcndem olan gazeteci Ahmet Hakan, Twitter hesab\u0131n\u0131 koruma alt\u0131na ald\u0131 ve tweetlerine eri\u015fimi de engelledi.<\/p>\n","protected":false},"excerpt":{"rendered":"<p>Gazeteci Ahmet Hakan, sosyal medya \u00fczerinde be\u011fendi\u011fi +18 tweet\u2019in ard\u0131ndan g\u00fcndeme bomba gibi d\u00fc\u015ft\u00fc. Sosyal medyan\u0131n diline d\u00fc\u015fen \u00fcnl\u00fc gazeteci olay\u0131n fark edilmesinin ard\u0131ndan be\u011fenisini geri \u00e7ekse de sosyal medya kullan\u0131c\u0131lar\u0131n\u0131n diline d\u00fc\u015ft\u00fc. Ahmet Hakan\u2019\u0131n be\u011fendi\u011fi +18 tweet\u2019in fark edilmesi \u00fczerine Twitter hesab\u0131n\u0131 korumaya ald\u0131\u011f\u0131 g\u00f6r\u00fcld\u00fc. Sosyal medya, \u00fcnl\u00fc gazeteci Ahmet Hakan\u2019\u0131n be\u011fendi\u011fi 918 tweet\u2019i &hellip;<\/p>\n","protected":false},"author":6,"featured_media":29441,"comment_status":"closed","ping_status":"closed","sticky":false,"template":"","format":"standard","meta":{"footnotes":""},"categories":[15431],"tags":[],"class_list":["post-29440","post","type-post","status-publish","format-standard","has-post-thumbnail","hentry","category-medya"],"amp_enabled":true,"_links":{"self":[{"href":"https:\/\/adanaseshaber.com.tr\/index.php?rest_route=\/wp\/v2\/posts\/29440","targetHints":{"allow":["GET"]}}],"collection":[{"href":"https:\/\/adanaseshaber.com.tr\/index.php?rest_route=\/wp\/v2\/posts"}],"about":[{"href":"https:\/\/adanaseshaber.com.tr\/index.php?rest_route=\/wp\/v2\/types\/post"}],"author":[{"embeddable":true,"href":"https:\/\/adanaseshaber.com.tr\/index.php?rest_route=\/wp\/v2\/users\/6"}],"replies":[{"embeddable":true,"href":"https:\/\/adanaseshaber.com.tr\/index.php?rest_route=%2Fwp%2Fv2%2Fcomments&post=29440"}],"version-history":[{"count":4,"href":"https:\/\/adanaseshaber.com.tr\/index.php?rest_route=\/wp\/v2\/posts\/29440\/revisions"}],"predecessor-version":[{"id":29710,"href":"https:\/\/adanaseshaber.com.tr\/index.php?rest_route=\/wp\/v2\/posts\/29440\/revisions\/29710"}],"wp:featuredmedia":[{"embeddable":true,"href":"https:\/\/adanaseshaber.com.tr\/index.php?rest_route=\/wp\/v2\/media\/29441"}],"wp:attachment":[{"href":"https:\/\/adanaseshaber.com.tr\/index.php?rest_route=%2Fwp%2Fv2%2Fmedia&parent=29440"}],"wp:term":[{"taxonomy":"category","embeddable":true,"href":"https:\/\/adanaseshaber.com.tr\/index.php?rest_route=%2Fwp%2Fv2%2Fcategories&post=29440"},{"taxonomy":"post_tag","embeddable":true,"href":"https:\/\/adanaseshaber.com.tr\/index.php?rest_route=%2Fwp%2Fv2%2Ftags&post=29440"}],"curies":[{"name":"wp","href":"https:\/\/api.w.org\/{rel}","templated":true}]}}