{"id":29446,"date":"2022-07-27T00:33:15","date_gmt":"2022-07-26T21:33:15","guid":{"rendered":"https:\/\/www.adanaseshaber.com\/?p=29446"},"modified":"2022-07-27T00:36:04","modified_gmt":"2022-07-26T21:36:04","slug":"benzine-indirim-geldi-27-temmuz-2022","status":"publish","type":"post","link":"https:\/\/adanaseshaber.com.tr\/?p=29446","title":{"rendered":"Benzine indirim geldi 27 Temmuz 2022"},"content":{"rendered":"<p>Brent petrol fiyatlar\u0131nda dalgalanmalar devam ediyor. Akaryak\u0131t fiyatlar\u0131 bir y\u00fckselip bir d\u00fc\u015ferken son olarak motorine gelen indirim haberinin ard\u0131ndan bir indirim haberi de benzinden geldi. S\u0131k s\u0131k zam haberleriyle g\u00fcndeme gelen benzin fiyatlar\u0131 bu kez indirim haberiyle g\u00fcndeme geldi. Ara\u00e7 sahiplerinin y\u00fcz\u00fcn\u00fc g\u00fcld\u00fcrecek indirim haberi son dakika olarak yans\u0131d\u0131. D\u00fcn motorin fiyatlar\u0131na gelen 92 kuru\u015fluk indirim sonras\u0131nda bug\u00fcn de benzine indirim geldi. Benzine 50 kuru\u015f indirim gelirken fiyat de\u011fi\u015fkenli\u011fi sonras\u0131nda benzinin litre fiyat\u0131 \u0130stanbul, Ankara ve \u0130zmir\u2019de geriledi. \u0130\u015fte benzine gelen indirim ve akaryak\u0131t fiyatlar\u0131 ile ilgili t\u00fcm detaylar\u2026<\/p>\n<p><strong>Benzine \u0130ndirim<\/strong><\/p>\n<p>Ara\u00e7 sahipleri akaryak\u0131t fiyatlar\u0131n\u0131 yak\u0131ndan takip etmeye devam ediyor. Brent petrol ve d\u00f6vizdeki de\u011fi\u015fiklikler akaryak\u0131t fiyatlar\u0131na da yans\u0131yor. Fiyatlardaki dalgalanmalar devam ederken bir y\u00fckselen bir d\u00fc\u015fen fiyatlar yak\u0131ndan takip ediliyor. Son olarak d\u00fcn motorine 92 kuru\u015fluk indirim gelmi\u015fti. Bug\u00fcn bir indirim haberi de benzinden geldi. Benzinin litresi 50 kuru\u015fa d\u00fc\u015ft\u00fc.<\/p>\n<p><strong>Benzinin Litre Fiyat\u0131<\/strong><\/p>\n<p>Akaryak\u0131t fiyatlar\u0131ndaki zam haberleri yerini indirim haberlerine b\u0131rakmaya ba\u015flad\u0131. Fiyatlardaki dalgalanmalar s\u00fcrerken benzine gelen 50 kuru\u015fluk indirimin ard\u0131ndan g\u00f6zler benzinin litre fiyat\u0131na \u00e7evrildi. Benzindeki fiyat de\u011fi\u015fikli\u011finin ard\u0131ndan \u0130stanbul\u2019da benzinin litresi 22 lira 23 kuru\u015fa geriledi. Ankara ve \u0130zmir\u2019de ise benzinin litresi 22 lira 38 kuru\u015fa indi.<\/p>\n<p><img loading=\"lazy\" decoding=\"async\" class=\"aligncenter wp-image-29449 size-full\" src=\"https:\/\/adanaseshaber.com.tr\/wp-content\/uploads\/2022\/07\/benzine-indirim-geldi-27-temmuz-2022-1.jpg\" alt=\"\" width=\"1280\" height=\"720\" srcset=\"https:\/\/adanaseshaber.com.tr\/wp-content\/uploads\/2022\/07\/benzine-indirim-geldi-27-temmuz-2022-1.jpg 1280w, https:\/\/adanaseshaber.com.tr\/wp-content\/uploads\/2022\/07\/benzine-indirim-geldi-27-temmuz-2022-1-300x169.jpg 300w, https:\/\/adanaseshaber.com.tr\/wp-content\/uploads\/2022\/07\/benzine-indirim-geldi-27-temmuz-2022-1-1024x576.jpg 1024w, https:\/\/adanaseshaber.com.tr\/wp-content\/uploads\/2022\/07\/benzine-indirim-geldi-27-temmuz-2022-1-768x432.jpg 768w, https:\/\/adanaseshaber.com.tr\/wp-content\/uploads\/2022\/07\/benzine-indirim-geldi-27-temmuz-2022-1-390x220.jpg 390w\" sizes=\"auto, (max-width: 1280px) 100vw, 1280px\" \/><\/p>\n<p><strong>Akaryak\u0131t Fiyatlar\u0131n\u0131n Hesaplanmas\u0131<\/strong><\/p>\n<p>Akaryak\u0131t fiyatlar\u0131ndaki y\u00fckseli\u015f ve d\u00fc\u015f\u00fc\u015f\u00fcn ard\u0131ndan fiyatlar\u0131n nas\u0131l hesapland\u0131\u011f\u0131 merak konusu oldu. Akaryak\u0131t fiyatlar\u0131, T\u00fcrkiye\u2019nin de dahil oldu\u011fu Akdeniz piyasas\u0131ndaki i\u015flenmi\u015f \u00fcr\u00fcn fiyatlar\u0131n\u0131n ortalamas\u0131 ile dolar kurundaki de\u011fi\u015fiklikler baz al\u0131narak rafineriler taraf\u0131ndan hesaplanmaktad\u0131r. Yap\u0131lan bu hesaplanma sonucunda da\u011f\u0131t\u0131m firmalar\u0131 taraf\u0131ndan uygulanan fiyatlar, rekabet ve serbesti sebebiyle \u015firketler ve kentlere g\u00f6re k\u00fc\u00e7\u00fck de\u011fi\u015fiklikler g\u00f6sterebilmektedir.<\/p>\n","protected":false},"excerpt":{"rendered":"<p>Brent petrol fiyatlar\u0131nda dalgalanmalar devam ediyor. Akaryak\u0131t fiyatlar\u0131 bir y\u00fckselip bir d\u00fc\u015ferken son olarak motorine gelen indirim haberinin ard\u0131ndan bir indirim haberi de benzinden geldi. S\u0131k s\u0131k zam haberleriyle g\u00fcndeme gelen benzin fiyatlar\u0131 bu kez indirim haberiyle g\u00fcndeme geldi. Ara\u00e7 sahiplerinin y\u00fcz\u00fcn\u00fc g\u00fcld\u00fcrecek indirim haberi son dakika olarak yans\u0131d\u0131. D\u00fcn motorin fiyatlar\u0131na gelen 92 kuru\u015fluk &hellip;<\/p>\n","protected":false},"author":6,"featured_media":29447,"comment_status":"closed","ping_status":"closed","sticky":false,"template":"","format":"standard","meta":{"footnotes":""},"categories":[1],"tags":[],"class_list":["post-29446","post","type-post","status-publish","format-standard","has-post-thumbnail","hentry","category-genel"],"amp_enabled":true,"_links":{"self":[{"href":"https:\/\/adanaseshaber.com.tr\/index.php?rest_route=\/wp\/v2\/posts\/29446","targetHints":{"allow":["GET"]}}],"collection":[{"href":"https:\/\/adanaseshaber.com.tr\/index.php?rest_route=\/wp\/v2\/posts"}],"about":[{"href":"https:\/\/adanaseshaber.com.tr\/index.php?rest_route=\/wp\/v2\/types\/post"}],"author":[{"embeddable":true,"href":"https:\/\/adanaseshaber.com.tr\/index.php?rest_route=\/wp\/v2\/users\/6"}],"replies":[{"embeddable":true,"href":"https:\/\/adanaseshaber.com.tr\/index.php?rest_route=%2Fwp%2Fv2%2Fcomments&post=29446"}],"version-history":[{"count":2,"href":"https:\/\/adanaseshaber.com.tr\/index.php?rest_route=\/wp\/v2\/posts\/29446\/revisions"}],"predecessor-version":[{"id":29450,"href":"https:\/\/adanaseshaber.com.tr\/index.php?rest_route=\/wp\/v2\/posts\/29446\/revisions\/29450"}],"wp:featuredmedia":[{"embeddable":true,"href":"https:\/\/adanaseshaber.com.tr\/index.php?rest_route=\/wp\/v2\/media\/29447"}],"wp:attachment":[{"href":"https:\/\/adanaseshaber.com.tr\/index.php?rest_route=%2Fwp%2Fv2%2Fmedia&parent=29446"}],"wp:term":[{"taxonomy":"category","embeddable":true,"href":"https:\/\/adanaseshaber.com.tr\/index.php?rest_route=%2Fwp%2Fv2%2Fcategories&post=29446"},{"taxonomy":"post_tag","embeddable":true,"href":"https:\/\/adanaseshaber.com.tr\/index.php?rest_route=%2Fwp%2Fv2%2Ftags&post=29446"}],"curies":[{"name":"wp","href":"https:\/\/api.w.org\/{rel}","templated":true}]}}