{"id":29516,"date":"2022-07-27T11:36:51","date_gmt":"2022-07-27T08:36:51","guid":{"rendered":"https:\/\/www.adanaseshaber.com\/?p=29516"},"modified":"2022-07-27T11:43:10","modified_gmt":"2022-07-27T08:43:10","slug":"baris-pinari-ve-firat-kalkani-bolgesinde-25-terorist-olduruldu","status":"publish","type":"post","link":"https:\/\/adanaseshaber.com.tr\/?p=29516","title":{"rendered":"Bar\u0131\u015f P\u0131nar\u0131 ve F\u0131rat Kalkan\u0131 B\u00f6lgesi\u2019nde 25 ter\u00f6rist \u00f6ld\u00fcr\u00fcld\u00fc"},"content":{"rendered":"<p>TSK\u2019n\u0131n PKK\u2019l\u0131 ter\u00f6ristlerle m\u00fccadelesi h\u0131z kesmeden devam ediyor. Milli Savunma Bakanl\u0131\u011f\u0131 yapt\u0131\u011f\u0131 son a\u00e7\u0131klamayla F\u0131rat Kalkan\u0131 ve Bar\u0131\u015f P\u0131nar\u0131 harekat b\u00f6lgesine yap\u0131lan \u00f6nleme ve cezaland\u0131rma at\u0131\u015flar\u0131yla 25 ter\u00f6ristin etkisiz hale getirildi\u011fini duyurdu. \u015eehitlerimizin kan\u0131 yerde kalmad\u0131. 2 askerimizin \u015fehit oldu\u011fu F\u0131rat Kalkan\u0131 ve Bar\u0131\u015f P\u0131nar\u0131 harekat b\u00f6lgesinde yap\u0131lan at\u0131\u015flarla 25 ter\u00f6rist \u00f6ld\u00fcr\u00fcld\u00fc. Milli Savunma Bakanl\u0131\u011f\u0131\u2019n\u0131n yapt\u0131\u011f\u0131 a\u00e7\u0131klamada ise \u2018\u015eehitlerimizin kan\u0131 yerde kalmad\u0131, kalm\u0131yor, kalmayacak!\u2019 ifadelerine yer verildi.<\/p>\n<p><strong>MSB A\u00e7\u0131klad\u0131<\/strong><\/p>\n<p>Milli Savunma Bakanl\u0131\u011f\u0131, F\u0131rat Kalkan\u0131 ve Bar\u0131\u015f P\u0131nar\u0131 harekat\u0131 b\u00f6lgesinde 25 ter\u00f6ristin etkisiz hale getirildi\u011fini duyurdu. Sabah saatlerinde a\u00e7\u0131klama yapan Milli Savunma Bakanl\u0131\u011f\u0131, F\u0131rat Kalkan\u0131 harekat b\u00f6lgesinden gelen ac\u0131 haberi kamuoyuyla payla\u015ft\u0131. Ter\u00f6r \u00f6rg\u00fct\u00fc mensuplar\u0131 taraf\u0131ndan bir \u00fcs b\u00f6lgesine a\u00e7\u0131lan taciz ate\u015fi sonucunda yaralanan Tank\u00e7\u0131 S\u00f6zle\u015fmeli Er Mevl\u00fct Yo\u011furt\u00e7u ile Tank\u00e7\u0131 S\u00f6zle\u015fmeli Er Mert Otal&#8217;\u0131n kald\u0131r\u0131ld\u0131klar\u0131 hastanede t\u00fcm m\u00fcdahalelere ra\u011fmen kurtar\u0131lamayarak \u015fehit oldu\u011funu duyurdu.<\/p>\n<p><img loading=\"lazy\" decoding=\"async\" class=\"aligncenter wp-image-29520 size-full\" src=\"https:\/\/adanaseshaber.com.tr\/wp-content\/uploads\/2022\/07\/baris-pinari-ve-firat-kalkani-bolgesinde-25-terorist-olduruldu-1.jpg\" alt=\"\" width=\"1280\" height=\"720\" srcset=\"https:\/\/adanaseshaber.com.tr\/wp-content\/uploads\/2022\/07\/baris-pinari-ve-firat-kalkani-bolgesinde-25-terorist-olduruldu-1.jpg 1280w, https:\/\/adanaseshaber.com.tr\/wp-content\/uploads\/2022\/07\/baris-pinari-ve-firat-kalkani-bolgesinde-25-terorist-olduruldu-1-300x169.jpg 300w, https:\/\/adanaseshaber.com.tr\/wp-content\/uploads\/2022\/07\/baris-pinari-ve-firat-kalkani-bolgesinde-25-terorist-olduruldu-1-1024x576.jpg 1024w, https:\/\/adanaseshaber.com.tr\/wp-content\/uploads\/2022\/07\/baris-pinari-ve-firat-kalkani-bolgesinde-25-terorist-olduruldu-1-768x432.jpg 768w, https:\/\/adanaseshaber.com.tr\/wp-content\/uploads\/2022\/07\/baris-pinari-ve-firat-kalkani-bolgesinde-25-terorist-olduruldu-1-390x220.jpg 390w\" sizes=\"auto, (max-width: 1280px) 100vw, 1280px\" \/><\/p>\n<p><strong>25 Ter\u00f6rist \u00d6ld\u00fcr\u00fcld\u00fc<\/strong><\/p>\n<p>Milli Savunma Bakanl\u0131\u011f\u0131&#8217;n\u0131n yapt\u0131\u011f\u0131 a\u00e7\u0131klamada, &#8216;\u015eehitlerimizin kan\u0131 yerde kalmad\u0131, kalm\u0131yor, kalmayacak!&#8217; ifadeleri kullan\u0131ld\u0131 ve Suriyeni&#8217;nin kuzeyinin ate\u015f alt\u0131na al\u0131nd\u0131\u011f\u0131, 25 ter\u00f6ristin \u00f6ld\u00fcr\u00fcld\u00fc\u011f\u00fc bilgisi payla\u015f\u0131ld\u0131. A\u00e7\u0131klamada, &#8216;Komandolar\u0131m\u0131z F\u0131rat Kalkan\u0131 ve Bar\u0131\u015f P\u0131nar\u0131 b\u00f6lgelerindeki 25 PKK\/YPG&#8217;li ter\u00f6risti \u00f6nleme ve cezaland\u0131rma at\u0131\u015flar\u0131yla etkisiz hale getirdi. Ter\u00f6ristleri kazd\u0131klar\u0131 hendeklere g\u00f6mmeye devam edece\u011fiz.&#8217; denildi.<\/p>\n<p>&nbsp;<\/p>\n","protected":false},"excerpt":{"rendered":"<p>TSK\u2019n\u0131n PKK\u2019l\u0131 ter\u00f6ristlerle m\u00fccadelesi h\u0131z kesmeden devam ediyor. Milli Savunma Bakanl\u0131\u011f\u0131 yapt\u0131\u011f\u0131 son a\u00e7\u0131klamayla F\u0131rat Kalkan\u0131 ve Bar\u0131\u015f P\u0131nar\u0131 harekat b\u00f6lgesine yap\u0131lan \u00f6nleme ve cezaland\u0131rma at\u0131\u015flar\u0131yla 25 ter\u00f6ristin etkisiz hale getirildi\u011fini duyurdu. \u015eehitlerimizin kan\u0131 yerde kalmad\u0131. 2 askerimizin \u015fehit oldu\u011fu F\u0131rat Kalkan\u0131 ve Bar\u0131\u015f P\u0131nar\u0131 harekat b\u00f6lgesinde yap\u0131lan at\u0131\u015flarla 25 ter\u00f6rist \u00f6ld\u00fcr\u00fcld\u00fc. Milli Savunma Bakanl\u0131\u011f\u0131\u2019n\u0131n &hellip;<\/p>\n","protected":false},"author":6,"featured_media":29517,"comment_status":"closed","ping_status":"closed","sticky":false,"template":"","format":"standard","meta":{"footnotes":""},"categories":[1],"tags":[],"class_list":["post-29516","post","type-post","status-publish","format-standard","has-post-thumbnail","hentry","category-genel"],"amp_enabled":true,"_links":{"self":[{"href":"https:\/\/adanaseshaber.com.tr\/index.php?rest_route=\/wp\/v2\/posts\/29516","targetHints":{"allow":["GET"]}}],"collection":[{"href":"https:\/\/adanaseshaber.com.tr\/index.php?rest_route=\/wp\/v2\/posts"}],"about":[{"href":"https:\/\/adanaseshaber.com.tr\/index.php?rest_route=\/wp\/v2\/types\/post"}],"author":[{"embeddable":true,"href":"https:\/\/adanaseshaber.com.tr\/index.php?rest_route=\/wp\/v2\/users\/6"}],"replies":[{"embeddable":true,"href":"https:\/\/adanaseshaber.com.tr\/index.php?rest_route=%2Fwp%2Fv2%2Fcomments&post=29516"}],"version-history":[{"count":3,"href":"https:\/\/adanaseshaber.com.tr\/index.php?rest_route=\/wp\/v2\/posts\/29516\/revisions"}],"predecessor-version":[{"id":29521,"href":"https:\/\/adanaseshaber.com.tr\/index.php?rest_route=\/wp\/v2\/posts\/29516\/revisions\/29521"}],"wp:featuredmedia":[{"embeddable":true,"href":"https:\/\/adanaseshaber.com.tr\/index.php?rest_route=\/wp\/v2\/media\/29517"}],"wp:attachment":[{"href":"https:\/\/adanaseshaber.com.tr\/index.php?rest_route=%2Fwp%2Fv2%2Fmedia&parent=29516"}],"wp:term":[{"taxonomy":"category","embeddable":true,"href":"https:\/\/adanaseshaber.com.tr\/index.php?rest_route=%2Fwp%2Fv2%2Fcategories&post=29516"},{"taxonomy":"post_tag","embeddable":true,"href":"https:\/\/adanaseshaber.com.tr\/index.php?rest_route=%2Fwp%2Fv2%2Ftags&post=29516"}],"curies":[{"name":"wp","href":"https:\/\/api.w.org\/{rel}","templated":true}]}}