{"id":29526,"date":"2022-07-27T11:59:38","date_gmt":"2022-07-27T08:59:38","guid":{"rendered":"https:\/\/www.adanaseshaber.com\/?p=29526"},"modified":"2022-07-27T20:41:36","modified_gmt":"2022-07-27T17:41:36","slug":"ekrem-imamoglundan-diyanet-isleri-baskani-ile-ilgili-sok-aciklamalar","status":"publish","type":"post","link":"https:\/\/adanaseshaber.com.tr\/?p=29526","title":{"rendered":"Ekrem \u0130mamo\u011flu\u2019ndan Diyanet \u0130\u015fleri Ba\u015fkan\u0131 ile ilgili \u015fok a\u00e7\u0131klamalar"},"content":{"rendered":"<p>\u0130stanbul B\u00fcy\u00fck\u015fehir Belediye Ba\u015fkan\u0131 Ekrem \u0130mamo\u011flu, konuk oldu\u011fu canl\u0131 yay\u0131nda \u015fa\u015f\u0131rtan a\u00e7\u0131klamalarda bulundu. \u0130mamo\u011flu\u2019nun a\u00e7\u0131klamalar\u0131nda Diyanet \u0130\u015fleri Ba\u015fkan\u0131 Ali Erba\u015f\u2019a da yer verdi\u011fi g\u00f6r\u00fcld\u00fc. \u0130BB Ba\u015fkan\u0131 \u0130mamo\u011flu\u2019nun canl\u0131 yay\u0131ndaki Diyanet \u00e7\u0131k\u0131\u015f\u0131 dikkat \u00e7ekti. \u0130mamo\u011flu, \u2018\u0130nanc\u0131m gere\u011fi Diyanet \u0130\u015fleri Ba\u015fkan\u0131\u2019n\u0131 ben kabul etmiyorum.\u2019 dedi. Diyanet \u0130\u015fleri Ba\u015fkan\u0131\u2019n\u0131 kabul etmedi\u011fini s\u00f6yleyen ve \u2018Benim ba\u015fkan\u0131m de\u011fil\u2019 ifadelerini kullanan \u0130mamo\u011flu, se\u00e7im iptal oldu\u011funda bir s\u00fcr\u00fc gerek\u00e7e arand\u0131\u011f\u0131n\u0131 s\u00f6yledi. \u0130mamo\u011flu\u2019nun Diyanet \u0130\u015fleri Ba\u015fkan\u0131 Ali Erba\u015f ile ilgili canl\u0131 yay\u0131nda yapt\u0131\u011f\u0131 a\u00e7\u0131klamalar sosyal medyan\u0131n da g\u00fcndemine oturdu. \u0130\u015fte \u0130mamo\u011flu\u2019nun a\u00e7\u0131klamalar\u0131ndan \u00f6ne \u00e7\u0131kanlar\u2026<\/p>\n<p><strong>\u0130MAMO\u011eLU&#8217;NDAN \u015eA\u015eIRTAN D\u0130YANET A\u00c7IKLAMASI<\/strong><\/p>\n<p>\u0130stanbul B\u00fcy\u00fck\u015fehir Belediye Ba\u015fkan\u0131 Ekrem \u0130mamo\u011flu, konuk oldu\u011fu canl\u0131 yay\u0131nda g\u00fcndeme dair \u00f6nemli a\u00e7\u0131klamalara yer verdi. \u0130mamo\u011flu\u2019nun canl\u0131 yay\u0131nda yapt\u0131\u011f\u0131 a\u00e7\u0131klamalardan en dikkat \u00e7eken ise Diyanet \u0130\u015fleri Ba\u015fkan\u0131 Ali Erba\u015f ile ilgili oldu. Diyanet \u0130\u015fleri Ba\u015fkan\u0131 Ali Erba\u015f\u2019\u0131 kabul etmedi\u011fini s\u00f6yleyen \u0130mamo\u011flu, kendisinin Diyanet \u0130\u015fleri Ba\u015fkan\u0131 olmad\u0131\u011f\u0131n\u0131 s\u00f6yledi ve \u2018Bu hangi ak\u0131l biliyor musunuz? Se\u00e7im iptal oldu bir s\u00fcr\u00fc gerek\u00e7e arad\u0131lar. \u015eimdi \u0130\u00e7i\u015fleri Bakan\u0131 televizyonda \u00e7ok ciddi bir \u015fey s\u00f6ylemi\u015fcesine\u2026 Cumhurba\u015fkan\u0131 Cuma \u00e7\u0131k\u0131\u015f\u0131 \u00e7ald\u0131lar diyor, yan\u0131nda Diyanet \u0130\u015fleri Ba\u015fkan\u0131, ki benim Diyanet \u0130\u015fleri Ba\u015fkan\u0131m de\u011fil.\u2019 dedi.<\/p>\n<p><img loading=\"lazy\" decoding=\"async\" class=\"aligncenter wp-image-29529 size-full\" src=\"https:\/\/adanaseshaber.com.tr\/wp-content\/uploads\/2022\/07\/ekrem-imamoglundan-diyanet-isleri-baskani-ile-ilgili-sok-aciklamalar-1.jpg\" alt=\"\" width=\"1280\" height=\"720\" srcset=\"https:\/\/adanaseshaber.com.tr\/wp-content\/uploads\/2022\/07\/ekrem-imamoglundan-diyanet-isleri-baskani-ile-ilgili-sok-aciklamalar-1.jpg 1280w, https:\/\/adanaseshaber.com.tr\/wp-content\/uploads\/2022\/07\/ekrem-imamoglundan-diyanet-isleri-baskani-ile-ilgili-sok-aciklamalar-1-300x169.jpg 300w, https:\/\/adanaseshaber.com.tr\/wp-content\/uploads\/2022\/07\/ekrem-imamoglundan-diyanet-isleri-baskani-ile-ilgili-sok-aciklamalar-1-1024x576.jpg 1024w, https:\/\/adanaseshaber.com.tr\/wp-content\/uploads\/2022\/07\/ekrem-imamoglundan-diyanet-isleri-baskani-ile-ilgili-sok-aciklamalar-1-768x432.jpg 768w, https:\/\/adanaseshaber.com.tr\/wp-content\/uploads\/2022\/07\/ekrem-imamoglundan-diyanet-isleri-baskani-ile-ilgili-sok-aciklamalar-1-390x220.jpg 390w\" sizes=\"auto, (max-width: 1280px) 100vw, 1280px\" \/><\/p>\n<p><strong>&#8216;EN B\u00dcY\u00dcK G\u00dcNAH \u0130FT\u0130RADIR&#8217;<\/strong><\/p>\n<p>\u0130nanc\u0131 gere\u011fi Diyanet \u0130\u015fleri Ba\u015fkan\u0131\u2019n\u0131 kabul etmedi\u011fini s\u00f6yleyen \u0130BB Ba\u015fkan\u0131 Ekrem \u0130mamo\u011flu, \u2018Benim ba\u015fkan\u0131m de\u011fil\u2019 ifadeleriyle g\u00fcndeme bomba gibi d\u00fc\u015ft\u00fc. En b\u00fcy\u00fck g\u00fcnah\u0131n iftira oldu\u011funu s\u00f6yleyen \u0130mamo\u011flu, \u2018Siyasi bir a\u00e7\u0131klama yap\u0131p, birisi hakk\u0131nda iftirada bulunurken onu teyit edercesine g\u00fcl\u00fcyorsan\u0131z, beni temsil etmezsiniz. En b\u00fcy\u00fck g\u00fcnah iftirad\u0131r. Benim Diyanet \u0130\u015fleri Ba\u015fkan\u0131m olamazs\u0131n\u0131z. Ben S\u00fcnni bir ailenin \u00e7ocu\u011fuyum, M\u00fcsl\u00fcman\u0131m, \u015fahsen benim olamazs\u0131n\u0131z.\u2019 ifadelerini kulland\u0131.<\/p>\n","protected":false},"excerpt":{"rendered":"<p>\u0130stanbul B\u00fcy\u00fck\u015fehir Belediye Ba\u015fkan\u0131 Ekrem \u0130mamo\u011flu, konuk oldu\u011fu canl\u0131 yay\u0131nda \u015fa\u015f\u0131rtan a\u00e7\u0131klamalarda bulundu. \u0130mamo\u011flu\u2019nun a\u00e7\u0131klamalar\u0131nda Diyanet \u0130\u015fleri Ba\u015fkan\u0131 Ali Erba\u015f\u2019a da yer verdi\u011fi g\u00f6r\u00fcld\u00fc. \u0130BB Ba\u015fkan\u0131 \u0130mamo\u011flu\u2019nun canl\u0131 yay\u0131ndaki Diyanet \u00e7\u0131k\u0131\u015f\u0131 dikkat \u00e7ekti. \u0130mamo\u011flu, \u2018\u0130nanc\u0131m gere\u011fi Diyanet \u0130\u015fleri Ba\u015fkan\u0131\u2019n\u0131 ben kabul etmiyorum.\u2019 dedi. Diyanet \u0130\u015fleri Ba\u015fkan\u0131\u2019n\u0131 kabul etmedi\u011fini s\u00f6yleyen ve \u2018Benim ba\u015fkan\u0131m de\u011fil\u2019 ifadelerini kullanan &hellip;<\/p>\n","protected":false},"author":6,"featured_media":29527,"comment_status":"closed","ping_status":"closed","sticky":false,"template":"","format":"standard","meta":{"footnotes":""},"categories":[1],"tags":[],"class_list":["post-29526","post","type-post","status-publish","format-standard","has-post-thumbnail","hentry","category-genel"],"amp_enabled":true,"_links":{"self":[{"href":"https:\/\/adanaseshaber.com.tr\/index.php?rest_route=\/wp\/v2\/posts\/29526","targetHints":{"allow":["GET"]}}],"collection":[{"href":"https:\/\/adanaseshaber.com.tr\/index.php?rest_route=\/wp\/v2\/posts"}],"about":[{"href":"https:\/\/adanaseshaber.com.tr\/index.php?rest_route=\/wp\/v2\/types\/post"}],"author":[{"embeddable":true,"href":"https:\/\/adanaseshaber.com.tr\/index.php?rest_route=\/wp\/v2\/users\/6"}],"replies":[{"embeddable":true,"href":"https:\/\/adanaseshaber.com.tr\/index.php?rest_route=%2Fwp%2Fv2%2Fcomments&post=29526"}],"version-history":[{"count":3,"href":"https:\/\/adanaseshaber.com.tr\/index.php?rest_route=\/wp\/v2\/posts\/29526\/revisions"}],"predecessor-version":[{"id":29712,"href":"https:\/\/adanaseshaber.com.tr\/index.php?rest_route=\/wp\/v2\/posts\/29526\/revisions\/29712"}],"wp:featuredmedia":[{"embeddable":true,"href":"https:\/\/adanaseshaber.com.tr\/index.php?rest_route=\/wp\/v2\/media\/29527"}],"wp:attachment":[{"href":"https:\/\/adanaseshaber.com.tr\/index.php?rest_route=%2Fwp%2Fv2%2Fmedia&parent=29526"}],"wp:term":[{"taxonomy":"category","embeddable":true,"href":"https:\/\/adanaseshaber.com.tr\/index.php?rest_route=%2Fwp%2Fv2%2Fcategories&post=29526"},{"taxonomy":"post_tag","embeddable":true,"href":"https:\/\/adanaseshaber.com.tr\/index.php?rest_route=%2Fwp%2Fv2%2Ftags&post=29526"}],"curies":[{"name":"wp","href":"https:\/\/api.w.org\/{rel}","templated":true}]}}