{"id":29534,"date":"2022-07-27T12:10:41","date_gmt":"2022-07-27T09:10:41","guid":{"rendered":"https:\/\/www.adanaseshaber.com\/?p=29534"},"modified":"2022-07-27T23:14:02","modified_gmt":"2022-07-27T20:14:02","slug":"en-hamarat-benim-puan-tablosu-27-temmuz-2022-en-hamarat-benim-elif-hanim-kac-puan-aldi","status":"publish","type":"post","link":"https:\/\/adanaseshaber.com.tr\/?p=29534","title":{"rendered":"En Hamarat Benim puan tablosu 27 Temmuz 2022! En Hamarat Benim Elif Han\u0131m ka\u00e7 puan ald\u0131?"},"content":{"rendered":"<p>FOX TV\u2019nin sevilen g\u00fcnd\u00fcz ku\u015fa\u011f\u0131 program\u0131 En Hamarat Benim\u2019in yeni sezonu g\u00fcmb\u00fcr g\u00fcmb\u00fcr ba\u015flad\u0131. Sempatik sunucu Kadir Ezildi\u2019nin \u015fahane sunumuyla hafta i\u00e7i her g\u00fcn ekrana gelen En Hamarat Benim\u2019in yeni b\u00f6l\u00fcmleri ba\u015flad\u0131. Ekrana k\u0131sa bir ara veren sevilen program Rize haftas\u0131yla muhte\u015fem bir geri d\u00f6n\u00fc\u015f yapt\u0131. En Hamarat Benim\u2019in yeni sezonu yine b\u00fcy\u00fck bir ilgiyle takip ediliyor. Rize haftas\u0131yla sezona m\u00fckemmel bir giri\u015f yapan program\u0131n yeni sezonun ilk hafta yar\u0131\u015fmac\u0131lar\u0131 da bir hayli iddial\u0131. Bug\u00fcn ise Rize haftas\u0131n\u0131n \u00fc\u00e7\u00fcnc\u00fc g\u00fcn\u00fcnde yar\u0131\u015fmac\u0131lar Elif Han\u0131m\u0131n evine konuk oluyor. Peki, En Hamarat Benim Elif Han\u0131m ka\u00e7 puan ald\u0131? En Hamarat Benim puan tablosu a\u00e7\u0131kland\u0131 m\u0131 27 Temmuz 2022? En Hamarat Benim kim birinci oldu? \u0130\u015fte t\u00fcm merak edilenler\u2026<\/p>\n<p><strong>EN HAMARAT BEN\u0130M 27 TEMMUZ 2022 PUAN TABLOSU (EL\u0130F)<\/strong><\/p>\n<p>Kadir Ezildi ile En Hamarat Benim\u2019in yeni sezonunun ilk haftas\u0131 muhte\u015fem yar\u0131\u015fmac\u0131larla devam ediyor. Rize haftas\u0131n\u0131n \u00fc\u00e7\u00fcnc\u00fc g\u00fcn\u00fcnde yar\u0131\u015fmac\u0131lar rakipleri Elif Han\u0131m\u0131n evine konuk oluyor. Elif Han\u0131m\u0131n hamaratl\u0131\u011f\u0131 ve temizlikteki performans\u0131 merak konusu olurken g\u00f6zler haftan\u0131n \u00fc\u00e7\u00fcnc\u00fc g\u00fcn\u00fcne ait puan tablosuna \u00e7evrildi. Hen\u00fcz Elif Han\u0131m\u0131n puan tablosu a\u00e7\u0131klanmad\u0131. Rakipleri Elif Han\u0131ma puanlar\u0131n\u0131 verdikten hemen sonra detaylar\u0131 sizlerle payla\u015faca\u011f\u0131z\u2026<\/p>\n<p>En Hamarat Benim&#8217;in haftan\u0131n \u00fc\u00e7\u00fcnc\u00fc g\u00fcn\u00fcnde yar\u0131\u015fan ismi Elif Han\u0131m oldu. Rize haftas\u0131n\u0131n yava\u015f yava\u015f sonuna gelinirken bug\u00fcn yar\u0131\u015fan Elif Han\u0131m\u0131n rakiplerinden ald\u0131\u011f\u0131 puanlar \u015f\u00f6yle;<\/p>\n<p>Serap Han\u0131m: 3 puan<\/p>\n<p>Y\u0131ld\u0131z Han\u0131m: 3 puan<\/p>\n<p>Feyza Han\u0131m: 2 puan<\/p>\n<p>Seda Han\u0131m: 3 puan<\/p>\n<p>Toplam: 11 puan<\/p>\n<p><img loading=\"lazy\" decoding=\"async\" class=\"aligncenter wp-image-29538 size-full\" src=\"https:\/\/adanaseshaber.com.tr\/wp-content\/uploads\/2022\/07\/en-hamarat-benim-puan-tablosu-27-temmuz-2022-en-hamarat-benim-elif-hanim-kac-puan-aldi-1.jpg\" alt=\"\" width=\"1280\" height=\"720\" srcset=\"https:\/\/adanaseshaber.com.tr\/wp-content\/uploads\/2022\/07\/en-hamarat-benim-puan-tablosu-27-temmuz-2022-en-hamarat-benim-elif-hanim-kac-puan-aldi-1.jpg 1280w, https:\/\/adanaseshaber.com.tr\/wp-content\/uploads\/2022\/07\/en-hamarat-benim-puan-tablosu-27-temmuz-2022-en-hamarat-benim-elif-hanim-kac-puan-aldi-1-300x169.jpg 300w, https:\/\/adanaseshaber.com.tr\/wp-content\/uploads\/2022\/07\/en-hamarat-benim-puan-tablosu-27-temmuz-2022-en-hamarat-benim-elif-hanim-kac-puan-aldi-1-1024x576.jpg 1024w, https:\/\/adanaseshaber.com.tr\/wp-content\/uploads\/2022\/07\/en-hamarat-benim-puan-tablosu-27-temmuz-2022-en-hamarat-benim-elif-hanim-kac-puan-aldi-1-768x432.jpg 768w, https:\/\/adanaseshaber.com.tr\/wp-content\/uploads\/2022\/07\/en-hamarat-benim-puan-tablosu-27-temmuz-2022-en-hamarat-benim-elif-hanim-kac-puan-aldi-1-390x220.jpg 390w\" sizes=\"auto, (max-width: 1280px) 100vw, 1280px\" \/><\/p>\n<p><strong>EN HAMARAT BEN\u0130M SAAT KA\u00c7TA BA\u015eLIYOR?<\/strong><\/p>\n<p>Kadir Ezildi ile En Hamarat Benim hafta i\u00e7i her g\u00fcn saat 13.00\u2019te yepyeni b\u00f6l\u00fcmleriyle FOX ekranlar\u0131nda izleyiciyle bulu\u015fuyor.<\/p>\n","protected":false},"excerpt":{"rendered":"<p>FOX TV\u2019nin sevilen g\u00fcnd\u00fcz ku\u015fa\u011f\u0131 program\u0131 En Hamarat Benim\u2019in yeni sezonu g\u00fcmb\u00fcr g\u00fcmb\u00fcr ba\u015flad\u0131. Sempatik sunucu Kadir Ezildi\u2019nin \u015fahane sunumuyla hafta i\u00e7i her g\u00fcn ekrana gelen En Hamarat Benim\u2019in yeni b\u00f6l\u00fcmleri ba\u015flad\u0131. Ekrana k\u0131sa bir ara veren sevilen program Rize haftas\u0131yla muhte\u015fem bir geri d\u00f6n\u00fc\u015f yapt\u0131. En Hamarat Benim\u2019in yeni sezonu yine b\u00fcy\u00fck bir ilgiyle &hellip;<\/p>\n","protected":false},"author":6,"featured_media":29536,"comment_status":"closed","ping_status":"closed","sticky":false,"template":"","format":"standard","meta":{"footnotes":""},"categories":[1],"tags":[],"class_list":["post-29534","post","type-post","status-publish","format-standard","has-post-thumbnail","hentry","category-genel"],"amp_enabled":true,"_links":{"self":[{"href":"https:\/\/adanaseshaber.com.tr\/index.php?rest_route=\/wp\/v2\/posts\/29534","targetHints":{"allow":["GET"]}}],"collection":[{"href":"https:\/\/adanaseshaber.com.tr\/index.php?rest_route=\/wp\/v2\/posts"}],"about":[{"href":"https:\/\/adanaseshaber.com.tr\/index.php?rest_route=\/wp\/v2\/types\/post"}],"author":[{"embeddable":true,"href":"https:\/\/adanaseshaber.com.tr\/index.php?rest_route=\/wp\/v2\/users\/6"}],"replies":[{"embeddable":true,"href":"https:\/\/adanaseshaber.com.tr\/index.php?rest_route=%2Fwp%2Fv2%2Fcomments&post=29534"}],"version-history":[{"count":5,"href":"https:\/\/adanaseshaber.com.tr\/index.php?rest_route=\/wp\/v2\/posts\/29534\/revisions"}],"predecessor-version":[{"id":29729,"href":"https:\/\/adanaseshaber.com.tr\/index.php?rest_route=\/wp\/v2\/posts\/29534\/revisions\/29729"}],"wp:featuredmedia":[{"embeddable":true,"href":"https:\/\/adanaseshaber.com.tr\/index.php?rest_route=\/wp\/v2\/media\/29536"}],"wp:attachment":[{"href":"https:\/\/adanaseshaber.com.tr\/index.php?rest_route=%2Fwp%2Fv2%2Fmedia&parent=29534"}],"wp:term":[{"taxonomy":"category","embeddable":true,"href":"https:\/\/adanaseshaber.com.tr\/index.php?rest_route=%2Fwp%2Fv2%2Fcategories&post=29534"},{"taxonomy":"post_tag","embeddable":true,"href":"https:\/\/adanaseshaber.com.tr\/index.php?rest_route=%2Fwp%2Fv2%2Ftags&post=29534"}],"curies":[{"name":"wp","href":"https:\/\/api.w.org\/{rel}","templated":true}]}}