{"id":29550,"date":"2022-07-27T12:31:25","date_gmt":"2022-07-27T09:31:25","guid":{"rendered":"https:\/\/www.adanaseshaber.com\/?p=29550"},"modified":"2022-07-27T20:38:50","modified_gmt":"2022-07-27T17:38:50","slug":"fenerbahce-dinamo-kiev-maci-muhtemel-11i","status":"publish","type":"post","link":"https:\/\/adanaseshaber.com.tr\/?p=29550","title":{"rendered":"Fenerbah\u00e7e Dinamo Kiev ma\u00e7\u0131 muhtemel 11\u2019i"},"content":{"rendered":"<p>Bu ak\u015fam Dinamo Kiev ile kendi sahas\u0131nda m\u00fccadele edecek olan temsilcimiz Fenerbah\u00e7e\u2019nin muhtemel 11\u2019i ara\u015ft\u0131r\u0131lmaya ba\u015fland\u0131. Ma\u00e7la ilgili t\u00fcm detaylar ara\u015ft\u0131r\u0131lmaya devam ederken kar\u015f\u0131la\u015fman\u0131n hangi kanalda yay\u0131nlanaca\u011f\u0131 ve saat ka\u00e7ta ba\u015flayaca\u011f\u0131 da futbolseverlerin merak etti\u011fi sorular\u0131n ba\u015f\u0131nda geliyor. Heyecanla beklenen kar\u015f\u0131la\u015fma i\u00e7in nefesler tutuldu ve g\u00f6zler ak\u015fama \u00e7evrildi. Fenerbah\u00e7e, 2. \u00f6n eleme r\u00f6van\u015f kar\u015f\u0131la\u015fmas\u0131nda Dinamo Kiev ile m\u00fccadele edecek. \u0130ki tak\u0131m aras\u0131ndaki ilk ma\u00e7 0-0 berabere bitmi\u015fti. Fenerbah\u00e7e\u2019nin bu ak\u015fam kendi evinde oynayaca\u011f\u0131 ma\u00e7\u0131n b\u00fct\u00fcn biletleri t\u00fckendi. Peki, Fenerbah\u00e7e muhtemel 11\u2019ler nas\u0131l? Fenerbah\u00e7e-Dinamo Kiev ma\u00e7\u0131 hangi kanalda? Fenerbah\u00e7e-Dinamo Kiev ma\u00e7\u0131 saat ka\u00e7ta? Fenerbah\u00e7e-Dinamo Kiev ma\u00e7\u0131 \u015fifreli mi? \u0130\u015fte t\u00fcm detaylar\u2026<\/p>\n<p><strong>FENERBAH\u00c7E-D\u0130NAMO K\u0130EV MA\u00c7I HANG\u0130 KANALDA YAYINLANACAK?<\/strong><\/p>\n<p>UEFA \u015eampiyonlar Ligi 2. eleme turu r\u00f6van\u015f ma\u00e7\u0131nda temsilcimiz Fenerbah\u00e7e, Ukrayna\u2019n\u0131n Dinamo Kiev tak\u0131m\u0131n\u0131 evinde a\u011f\u0131rlayacak. Fenerbah\u00e7e \u015e\u00fckr\u00fc Sara\u00e7o\u011flu Stadyumu\u2019nda oynanacak ma\u00e7 saat 20.00\u2019de ba\u015flayacak. Merakla beklenen kar\u015f\u0131la\u015fmay\u0131 \u0130talyan hakem Massimiliano Irrati y\u00f6netecek. Fenerbah\u00e7e-Dinamo Kiev m\u00fccadelesi Exxen\u2019den canl\u0131 yay\u0131nlanacak.<\/p>\n<p><strong>FENERBAH\u00c7E MUHTEMEL 11&#8217;\u0130<\/strong><\/p>\n<p>Fenerbah\u00e7e\u2019nin bu ak\u015fam oynanacak Dinamo Kiev ma\u00e7\u0131ndaki muhtemel 11\u2019i \u015f\u00f6yle;<\/p>\n<p>&#8211; Altay Bay\u0131nd\u0131r<\/p>\n<p>&#8211; Bright Osayi Samuel<\/p>\n<p>&#8211; Marcel Tisserand<\/p>\n<p>&#8211; Atilla Szalai<\/p>\n<p>&#8211; Ferdi Kad\u0131o\u011flu<\/p>\n<p>&#8211; Willian Arao<\/p>\n<p>&#8211; \u0130smail Y\u00fcksek<\/p>\n<p>&#8211; \u0130rfan Can Kahveci<\/p>\n<p>&#8211; Diego Rossi<\/p>\n<p>&#8211; Joshua King<\/p>\n<p>&#8211; Enner Valencia<\/p>\n<p><img loading=\"lazy\" decoding=\"async\" class=\"aligncenter wp-image-29555 size-full\" src=\"https:\/\/adanaseshaber.com.tr\/wp-content\/uploads\/2022\/07\/fenerbahce-dinamo-kiev-maci-muhtemel-11i-1.jpg\" alt=\"\" width=\"1280\" height=\"720\" srcset=\"https:\/\/adanaseshaber.com.tr\/wp-content\/uploads\/2022\/07\/fenerbahce-dinamo-kiev-maci-muhtemel-11i-1.jpg 1280w, https:\/\/adanaseshaber.com.tr\/wp-content\/uploads\/2022\/07\/fenerbahce-dinamo-kiev-maci-muhtemel-11i-1-300x169.jpg 300w, https:\/\/adanaseshaber.com.tr\/wp-content\/uploads\/2022\/07\/fenerbahce-dinamo-kiev-maci-muhtemel-11i-1-1024x576.jpg 1024w, https:\/\/adanaseshaber.com.tr\/wp-content\/uploads\/2022\/07\/fenerbahce-dinamo-kiev-maci-muhtemel-11i-1-768x432.jpg 768w, https:\/\/adanaseshaber.com.tr\/wp-content\/uploads\/2022\/07\/fenerbahce-dinamo-kiev-maci-muhtemel-11i-1-390x220.jpg 390w\" sizes=\"auto, (max-width: 1280px) 100vw, 1280px\" \/><\/p>\n<p><strong>SERDAR AZ\u0130Z SAKATLANMI\u015eTI<\/strong><\/p>\n<p>Fenerbah\u00e7e\u2019de kritik kar\u015f\u0131la\u015fma \u00f6ncesinde savunma s\u0131k\u0131nt\u0131s\u0131 ya\u015fan\u0131yor. Tak\u0131m\u0131n G\u00fcney Koreli stoperi Kim Min-Jae\u2019nin tak\u0131mdan ayr\u0131lmas\u0131 sonras\u0131nda Serdar Aziz\u2019in sakatl\u0131\u011f\u0131 savunma konusunda sar\u0131-lacivertlileri zora soktu. Serdar Aziz, ilk kar\u015f\u0131la\u015fmada ilk 11\u2019de ba\u015flam\u0131\u015f ancak sakatlanarak 2. yar\u0131ya \u00e7\u0131kamam\u0131\u015ft\u0131. Sol uyluk kas\u0131k b\u00f6lgesinde y\u0131rt\u0131k tespit edilen Serdar Aziz, bu ak\u015fam oynanacak kar\u015f\u0131la\u015fmada forma giyemeyecek. Fenerbah\u00e7e Teknik Direkt\u00f6r\u00fc Jorge Jesus\u2019un bu iki oyuncunun yoklu\u011funda Tisserand ve Szalai haricinde as\u0131l b\u00f6lgesi stoper olan ba\u015fka bir futbolcu tercihi bulunmuyor.<\/p>\n","protected":false},"excerpt":{"rendered":"<p>Bu ak\u015fam Dinamo Kiev ile kendi sahas\u0131nda m\u00fccadele edecek olan temsilcimiz Fenerbah\u00e7e\u2019nin muhtemel 11\u2019i ara\u015ft\u0131r\u0131lmaya ba\u015fland\u0131. Ma\u00e7la ilgili t\u00fcm detaylar ara\u015ft\u0131r\u0131lmaya devam ederken kar\u015f\u0131la\u015fman\u0131n hangi kanalda yay\u0131nlanaca\u011f\u0131 ve saat ka\u00e7ta ba\u015flayaca\u011f\u0131 da futbolseverlerin merak etti\u011fi sorular\u0131n ba\u015f\u0131nda geliyor. Heyecanla beklenen kar\u015f\u0131la\u015fma i\u00e7in nefesler tutuldu ve g\u00f6zler ak\u015fama \u00e7evrildi. Fenerbah\u00e7e, 2. \u00f6n eleme r\u00f6van\u015f kar\u015f\u0131la\u015fmas\u0131nda Dinamo &hellip;<\/p>\n","protected":false},"author":6,"featured_media":29553,"comment_status":"closed","ping_status":"closed","sticky":false,"template":"","format":"standard","meta":{"footnotes":""},"categories":[5],"tags":[],"class_list":["post-29550","post","type-post","status-publish","format-standard","has-post-thumbnail","hentry","category-spor"],"amp_enabled":true,"_links":{"self":[{"href":"https:\/\/adanaseshaber.com.tr\/index.php?rest_route=\/wp\/v2\/posts\/29550","targetHints":{"allow":["GET"]}}],"collection":[{"href":"https:\/\/adanaseshaber.com.tr\/index.php?rest_route=\/wp\/v2\/posts"}],"about":[{"href":"https:\/\/adanaseshaber.com.tr\/index.php?rest_route=\/wp\/v2\/types\/post"}],"author":[{"embeddable":true,"href":"https:\/\/adanaseshaber.com.tr\/index.php?rest_route=\/wp\/v2\/users\/6"}],"replies":[{"embeddable":true,"href":"https:\/\/adanaseshaber.com.tr\/index.php?rest_route=%2Fwp%2Fv2%2Fcomments&post=29550"}],"version-history":[{"count":3,"href":"https:\/\/adanaseshaber.com.tr\/index.php?rest_route=\/wp\/v2\/posts\/29550\/revisions"}],"predecessor-version":[{"id":29709,"href":"https:\/\/adanaseshaber.com.tr\/index.php?rest_route=\/wp\/v2\/posts\/29550\/revisions\/29709"}],"wp:featuredmedia":[{"embeddable":true,"href":"https:\/\/adanaseshaber.com.tr\/index.php?rest_route=\/wp\/v2\/media\/29553"}],"wp:attachment":[{"href":"https:\/\/adanaseshaber.com.tr\/index.php?rest_route=%2Fwp%2Fv2%2Fmedia&parent=29550"}],"wp:term":[{"taxonomy":"category","embeddable":true,"href":"https:\/\/adanaseshaber.com.tr\/index.php?rest_route=%2Fwp%2Fv2%2Fcategories&post=29550"},{"taxonomy":"post_tag","embeddable":true,"href":"https:\/\/adanaseshaber.com.tr\/index.php?rest_route=%2Fwp%2Fv2%2Ftags&post=29550"}],"curies":[{"name":"wp","href":"https:\/\/api.w.org\/{rel}","templated":true}]}}