{"id":29565,"date":"2022-07-27T12:46:39","date_gmt":"2022-07-27T09:46:39","guid":{"rendered":"https:\/\/www.adanaseshaber.com\/?p=29565"},"modified":"2022-07-27T20:37:35","modified_gmt":"2022-07-27T17:37:35","slug":"demet-akalin-yumurtaya-gelen-zamma-ates-puskurdu","status":"publish","type":"post","link":"https:\/\/adanaseshaber.com.tr\/?p=29565","title":{"rendered":"Demet Akal\u0131n yumurtaya gelen zamma ate\u015f p\u00fcsk\u00fcrd\u00fc"},"content":{"rendered":"<p>\u00dcnl\u00fc pop\u00e7u Demet Akal\u0131n yumurtaya gelen zamma \u00f6fke kustu. Yapt\u0131\u011f\u0131 a\u00e7\u0131klamalarla s\u0131k s\u0131k g\u00fcndem olan \u00fcnl\u00fc \u015fark\u0131c\u0131 son olarak yumurta zamm\u0131n\u0131 ele\u015ftirdi ve zamma tepki g\u00f6sterdi. Zaman zaman akaryak\u0131t fiyatlar\u0131na gelen zamm\u0131 da ele\u015ftiren Akal\u0131n, 30\u2019luk yumurta kolisinin 60 TL oldu\u011funu \u00f6\u011frenince sert bir tepki verdi. Akal\u0131n\u2019\u0131n yumurta zamm\u0131na g\u00f6sterdi\u011fi tepki sosyal medyada da g\u00fcndem oldu. 30\u2019luk yumurta kolisinin 60 TL oldu\u011funu g\u00f6ren \u00fcnl\u00fc \u015fark\u0131c\u0131 Demet Akal\u0131n, yumurtaya gelen zamm\u0131 Suriyeliler \u00fczerinden ele\u015ftirdi ve zamma \u00e7ok sert tepki g\u00f6sterdi. Bir taksiciyle aras\u0131nda ge\u00e7en diyalo\u011fu payla\u015fan \u015fark\u0131c\u0131, zam tepkisiyle bir kez daha g\u00fcndemin ilk s\u0131ralar\u0131na yerle\u015fti. Akal\u0131n\u2019\u0131n zam tepkisini destekleyenler kadar ele\u015ftirenler de oldu. \u0130\u015fte Akal\u0131n\u2019\u0131n g\u00fcndem olan payla\u015f\u0131m\u0131\u2026<\/p>\n<p><strong>DEMET AKALIN&#8217;IN ZAM \u0130SYANI<\/strong><\/p>\n<p>Yapt\u0131\u011f\u0131 a\u00e7\u0131klamalar ve sosyal medya \u00fczerindeki payla\u015f\u0131mlar\u0131yla s\u0131k s\u0131k magazin man\u015fetlerinin ilk s\u0131ralar\u0131nda yerini alan \u00fcnl\u00fc \u015fark\u0131c\u0131 Demet Akal\u0131n, son \u00e7\u0131k\u0131\u015f\u0131yla yine g\u00fcndem oldu. Sosyal medya hesab\u0131 \u00fczerinden payla\u015f\u0131m yapan Akal\u0131n, yumurta fiyatlar\u0131na gelen zamma tepki g\u00f6sterdi. 30\u2019luk yumurta kolisinin 60 TL\u2019ye y\u00fckseldi\u011fini \u00f6\u011frenen \u00fcnl\u00fc pop\u00e7u, \u2018Suriyelilere bedava verilen tavuk yemi!!! Sen beslemeye kalksan sana yem yok! Sonra da 60 TL!! Bir taksici abi anlatt\u0131 istemi\u015f yem yok demi\u015fler. Suriyeli kom\u015fusu bide \u015fikayet etmi\u015fler i\u015fi var onun satamaz yumurta diye!! Bizi \u015fikayet eden s\u00f6zde misafirler!!!\u2019 ifadelerini kulland\u0131.<\/p>\n<p><img loading=\"lazy\" decoding=\"async\" class=\"aligncenter wp-image-29575 size-full\" src=\"https:\/\/adanaseshaber.com.tr\/wp-content\/uploads\/2022\/07\/demet-akalin-yumurtaya-gelen-zamma-ates-puskurdu-1.jpg\" alt=\"\" width=\"1280\" height=\"720\" srcset=\"https:\/\/adanaseshaber.com.tr\/wp-content\/uploads\/2022\/07\/demet-akalin-yumurtaya-gelen-zamma-ates-puskurdu-1.jpg 1280w, https:\/\/adanaseshaber.com.tr\/wp-content\/uploads\/2022\/07\/demet-akalin-yumurtaya-gelen-zamma-ates-puskurdu-1-300x169.jpg 300w, https:\/\/adanaseshaber.com.tr\/wp-content\/uploads\/2022\/07\/demet-akalin-yumurtaya-gelen-zamma-ates-puskurdu-1-1024x576.jpg 1024w, https:\/\/adanaseshaber.com.tr\/wp-content\/uploads\/2022\/07\/demet-akalin-yumurtaya-gelen-zamma-ates-puskurdu-1-768x432.jpg 768w, https:\/\/adanaseshaber.com.tr\/wp-content\/uploads\/2022\/07\/demet-akalin-yumurtaya-gelen-zamma-ates-puskurdu-1-390x220.jpg 390w\" sizes=\"auto, (max-width: 1280px) 100vw, 1280px\" \/><\/p>\n<p><strong>BURSA&#8217;DAK\u0130 OLAYA DA TEPK\u0130 G\u00d6STERM\u0130\u015eT\u0130<\/strong><\/p>\n<p>\u00dcnl\u00fc \u015fark\u0131c\u0131 Demet Akal\u0131n, ge\u00e7ti\u011fimiz g\u00fcnlerde Bursa\u2019da ya\u015fanan ve T\u00fcrkiye\u2019nin g\u00fcndemine oturan olaya da tepki g\u00f6stermi\u015fti. Bursa\u2019da \u00e7\u00f6ple dolu bir evde odada kilitli bulunan 9 ya\u015f\u0131ndaki Cem Muhammet\u2019in annesine verilmesine tepki g\u00f6steren Akal\u0131n, duruma isyan etmi\u015f ve \u2018Sabah sabah sinir z\u0131plamas\u0131! Zorla siyasete sokacaks\u0131n\u0131z adam\u0131! Bu ne ya ak\u0131l tutulmas\u0131.\u2019 s\u00f6zleriyle tepkisini dile getirmi\u015fti.<\/p>\n","protected":false},"excerpt":{"rendered":"<p>\u00dcnl\u00fc pop\u00e7u Demet Akal\u0131n yumurtaya gelen zamma \u00f6fke kustu. Yapt\u0131\u011f\u0131 a\u00e7\u0131klamalarla s\u0131k s\u0131k g\u00fcndem olan \u00fcnl\u00fc \u015fark\u0131c\u0131 son olarak yumurta zamm\u0131n\u0131 ele\u015ftirdi ve zamma tepki g\u00f6sterdi. Zaman zaman akaryak\u0131t fiyatlar\u0131na gelen zamm\u0131 da ele\u015ftiren Akal\u0131n, 30\u2019luk yumurta kolisinin 60 TL oldu\u011funu \u00f6\u011frenince sert bir tepki verdi. Akal\u0131n\u2019\u0131n yumurta zamm\u0131na g\u00f6sterdi\u011fi tepki sosyal medyada da g\u00fcndem &hellip;<\/p>\n","protected":false},"author":6,"featured_media":29573,"comment_status":"closed","ping_status":"closed","sticky":false,"template":"","format":"standard","meta":{"footnotes":""},"categories":[15431],"tags":[],"class_list":["post-29565","post","type-post","status-publish","format-standard","has-post-thumbnail","hentry","category-medya"],"amp_enabled":true,"_links":{"self":[{"href":"https:\/\/adanaseshaber.com.tr\/index.php?rest_route=\/wp\/v2\/posts\/29565","targetHints":{"allow":["GET"]}}],"collection":[{"href":"https:\/\/adanaseshaber.com.tr\/index.php?rest_route=\/wp\/v2\/posts"}],"about":[{"href":"https:\/\/adanaseshaber.com.tr\/index.php?rest_route=\/wp\/v2\/types\/post"}],"author":[{"embeddable":true,"href":"https:\/\/adanaseshaber.com.tr\/index.php?rest_route=\/wp\/v2\/users\/6"}],"replies":[{"embeddable":true,"href":"https:\/\/adanaseshaber.com.tr\/index.php?rest_route=%2Fwp%2Fv2%2Fcomments&post=29565"}],"version-history":[{"count":3,"href":"https:\/\/adanaseshaber.com.tr\/index.php?rest_route=\/wp\/v2\/posts\/29565\/revisions"}],"predecessor-version":[{"id":29708,"href":"https:\/\/adanaseshaber.com.tr\/index.php?rest_route=\/wp\/v2\/posts\/29565\/revisions\/29708"}],"wp:featuredmedia":[{"embeddable":true,"href":"https:\/\/adanaseshaber.com.tr\/index.php?rest_route=\/wp\/v2\/media\/29573"}],"wp:attachment":[{"href":"https:\/\/adanaseshaber.com.tr\/index.php?rest_route=%2Fwp%2Fv2%2Fmedia&parent=29565"}],"wp:term":[{"taxonomy":"category","embeddable":true,"href":"https:\/\/adanaseshaber.com.tr\/index.php?rest_route=%2Fwp%2Fv2%2Fcategories&post=29565"},{"taxonomy":"post_tag","embeddable":true,"href":"https:\/\/adanaseshaber.com.tr\/index.php?rest_route=%2Fwp%2Fv2%2Ftags&post=29565"}],"curies":[{"name":"wp","href":"https:\/\/api.w.org\/{rel}","templated":true}]}}