{"id":29590,"date":"2022-07-27T13:35:58","date_gmt":"2022-07-27T10:35:58","guid":{"rendered":"https:\/\/www.adanaseshaber.com\/?p=29590"},"modified":"2022-07-27T20:36:50","modified_gmt":"2022-07-27T17:36:50","slug":"cumhurbaskani-erdoganin-verecegi-buyuk-mujde-icin-geri-sayim-basladi","status":"publish","type":"post","link":"https:\/\/adanaseshaber.com.tr\/?p=29590","title":{"rendered":"Cumhurba\u015fkan\u0131 Erdo\u011fan\u2019\u0131n verece\u011fi b\u00fcy\u00fck m\u00fcjde i\u00e7in geri say\u0131m ba\u015flad\u0131"},"content":{"rendered":"<p>\u00c7evre, \u015eehircilik ve \u0130klim De\u011fi\u015fikli\u011fi Bakan\u0131 Murat Kurum, kat\u0131ld\u0131\u011f\u0131 temel atma t\u00f6reninde \u00e7ok \u00f6nemli a\u00e7\u0131klamalara yer verdi. Kurum\u2019un a\u00e7\u0131klamalar\u0131ndan \u00f6ne \u00e7\u0131kan ba\u015fl\u0131klarda en dikkat \u00e7ekeni ise Cumhurba\u015fkan\u0131 Recep Tayyip Erdo\u011fan\u2019\u0131n verece\u011fi b\u00fcy\u00fck m\u00fcjde oldu. Kurum\u2019un \u2018B\u00fcy\u00fck m\u00fcjde\u2019 a\u00e7\u0131klamas\u0131 sonras\u0131nda sosyal medyada g\u00fcndem olan konuyla ilgili \u00e7ok say\u0131da payla\u015f\u0131m geldi. 81 ilde Cumhuriyet tarihinin en b\u00fcy\u00fck sosyal konut projesinin ba\u015flat\u0131laca\u011f\u0131n\u0131 duyuran Bakan Kurum, A\u011fustos ay\u0131n\u0131 i\u015faret ederek \u2018\u00d6n\u00fcm\u00fczdeki ay itibar\u0131yla Cumhurba\u015fkan\u0131m\u0131z\u0131n milletine verece\u011fi b\u00fcy\u00fck m\u00fcjdeyle duyuraca\u011f\u0131z.\u2019 ifadelerini kulland\u0131. Kurum\u2019un bu a\u00e7\u0131klamalar\u0131n\u0131n ard\u0131ndan sosyal medyada \u2018B\u00fcy\u00fck M\u00fcjde\u2019 ba\u015fl\u0131\u011f\u0131 g\u00fcndem oldu.<\/p>\n<p><strong>BAKAN KURUM&#8217;DAN \u00d6NEML\u0130 A\u00c7IKLAMALAR<\/strong><\/p>\n<p>Ankara\u2019n\u0131n \u00c7ankaya il\u00e7esinde temel atma t\u00f6renine kat\u0131lan \u00c7evre, \u015eehircilik ve \u0130klim De\u011fi\u015fikli\u011fi Bakan\u0131 Murat Kurum, \u00e7ok \u00f6nemli a\u00e7\u0131klamalara yer verdi. A\u00e7\u0131klamalar\u0131nda Ankapark\u2019a da yer veren Bakan Kurum, Ankapark\u2019\u0131n kaderine terk edildi\u011fini s\u00f6yledi ve \u2018Bu sorun milletin faydas\u0131na \u00e7\u00f6z\u00fclmeli dedik. Bu yat\u0131r\u0131m nas\u0131l en verimli \u015fekilde milletimizin lehine de\u011ferlendirilebilir dedik. Fakat bu meselenin birileri taraf\u0131ndan siyaset malzemesi olarak kullan\u0131ld\u0131\u011f\u0131na da \u00fcz\u00fclerek \u015fahit oluyoruz.\u2019 ifadelerine yer verdi.<\/p>\n<p><strong>&#8216;POLEM\u0130K S\u0130Z\u0130N \u0130\u015e\u0130N\u0130ZE GELD\u0130&#8217;<\/strong><\/p>\n<p>Son g\u00fcnlerin en \u00e7ok tart\u0131\u015f\u0131lan konular\u0131ndan biri olan Ankapark konusuyla ilgili a\u00e7\u0131klamalar\u0131na devem eden Bakan Murat Kurum, \u2018Ankara\u2019n\u0131n g\u00f6be\u011finde bulunan bu mekan\u0131n \u00e7\u00fcr\u00fcmesine, metruk bir hale d\u00f6n\u00fc\u015fmesine g\u00f6z yumman\u0131z\u0131 anlayamay\u0131z. \u00dc\u00e7 y\u0131ld\u0131r haz\u0131rlad\u0131\u011f\u0131n\u0131z, i\u00e7imizi s\u0131zlatan ger\u00e7ekten \u00fcz\u00fcld\u00fc\u011f\u00fcm\u00fcz, \u00fcz\u00fclerek izledi\u011fimiz bu manzaran\u0131n sonunda 3 g\u00fcn \u00f6nce verilmi\u015f bir mahkeme karar\u0131n\u0131 milat olarak g\u00f6rmenizi de anlayamay\u0131z. Bug\u00fcnk\u00fc belirsiz mahkeme durumunu siz suiistimal ettiniz. Polemik sizin i\u015finize geldi. S\u00fcrekli bir mahkeme s\u00fcreci diyerek bahaneler \u00fcrettiniz.\u2019 dedi.<\/p>\n<p><img loading=\"lazy\" decoding=\"async\" class=\"aligncenter wp-image-29599 size-full\" src=\"https:\/\/adanaseshaber.com.tr\/wp-content\/uploads\/2022\/07\/cumhurbaskani-erdoganin-verecegi-buyuk-mujde-icin-geri-sayim-basladi-2.jpg\" alt=\"\" width=\"1280\" height=\"720\" srcset=\"https:\/\/adanaseshaber.com.tr\/wp-content\/uploads\/2022\/07\/cumhurbaskani-erdoganin-verecegi-buyuk-mujde-icin-geri-sayim-basladi-2.jpg 1280w, https:\/\/adanaseshaber.com.tr\/wp-content\/uploads\/2022\/07\/cumhurbaskani-erdoganin-verecegi-buyuk-mujde-icin-geri-sayim-basladi-2-300x169.jpg 300w, https:\/\/adanaseshaber.com.tr\/wp-content\/uploads\/2022\/07\/cumhurbaskani-erdoganin-verecegi-buyuk-mujde-icin-geri-sayim-basladi-2-1024x576.jpg 1024w, https:\/\/adanaseshaber.com.tr\/wp-content\/uploads\/2022\/07\/cumhurbaskani-erdoganin-verecegi-buyuk-mujde-icin-geri-sayim-basladi-2-768x432.jpg 768w, https:\/\/adanaseshaber.com.tr\/wp-content\/uploads\/2022\/07\/cumhurbaskani-erdoganin-verecegi-buyuk-mujde-icin-geri-sayim-basladi-2-390x220.jpg 390w\" sizes=\"auto, (max-width: 1280px) 100vw, 1280px\" \/><\/p>\n<p><strong>B\u00dcY\u00dcK M\u00dcJDE A\u00c7IKLAMASI<\/strong><\/p>\n<p>Ankara\u2019da kat\u0131ld\u0131\u011f\u0131 temel atma program\u0131nda \u00f6n\u00fcm\u00fczdeki ay verilecek olan b\u00fcy\u00fck m\u00fcjdeyi de duyuran Bakan kurum, 81 ilde Cumhuriyet tarihinin en b\u00fcy\u00fck sosyal konut projesinin ba\u015flat\u0131laca\u011f\u0131n\u0131 a\u00e7\u0131klad\u0131 ve \u2018\u00d6n\u00fcm\u00fczdeki ay itibar\u0131yla Cumhurba\u015fkan\u0131m\u0131z\u0131n milletine verece\u011fi b\u00fcy\u00fck bir m\u00fcjdeyle duyuraca\u011f\u0131z.\u2019 dedi.<\/p>\n<p>&nbsp;<\/p>\n","protected":false},"excerpt":{"rendered":"<p>\u00c7evre, \u015eehircilik ve \u0130klim De\u011fi\u015fikli\u011fi Bakan\u0131 Murat Kurum, kat\u0131ld\u0131\u011f\u0131 temel atma t\u00f6reninde \u00e7ok \u00f6nemli a\u00e7\u0131klamalara yer verdi. Kurum\u2019un a\u00e7\u0131klamalar\u0131ndan \u00f6ne \u00e7\u0131kan ba\u015fl\u0131klarda en dikkat \u00e7ekeni ise Cumhurba\u015fkan\u0131 Recep Tayyip Erdo\u011fan\u2019\u0131n verece\u011fi b\u00fcy\u00fck m\u00fcjde oldu. Kurum\u2019un \u2018B\u00fcy\u00fck m\u00fcjde\u2019 a\u00e7\u0131klamas\u0131 sonras\u0131nda sosyal medyada g\u00fcndem olan konuyla ilgili \u00e7ok say\u0131da payla\u015f\u0131m geldi. 81 ilde Cumhuriyet tarihinin en b\u00fcy\u00fck &hellip;<\/p>\n","protected":false},"author":6,"featured_media":29591,"comment_status":"closed","ping_status":"closed","sticky":false,"template":"","format":"standard","meta":{"footnotes":""},"categories":[1],"tags":[],"class_list":["post-29590","post","type-post","status-publish","format-standard","has-post-thumbnail","hentry","category-genel"],"amp_enabled":true,"_links":{"self":[{"href":"https:\/\/adanaseshaber.com.tr\/index.php?rest_route=\/wp\/v2\/posts\/29590","targetHints":{"allow":["GET"]}}],"collection":[{"href":"https:\/\/adanaseshaber.com.tr\/index.php?rest_route=\/wp\/v2\/posts"}],"about":[{"href":"https:\/\/adanaseshaber.com.tr\/index.php?rest_route=\/wp\/v2\/types\/post"}],"author":[{"embeddable":true,"href":"https:\/\/adanaseshaber.com.tr\/index.php?rest_route=\/wp\/v2\/users\/6"}],"replies":[{"embeddable":true,"href":"https:\/\/adanaseshaber.com.tr\/index.php?rest_route=%2Fwp%2Fv2%2Fcomments&post=29590"}],"version-history":[{"count":6,"href":"https:\/\/adanaseshaber.com.tr\/index.php?rest_route=\/wp\/v2\/posts\/29590\/revisions"}],"predecessor-version":[{"id":29707,"href":"https:\/\/adanaseshaber.com.tr\/index.php?rest_route=\/wp\/v2\/posts\/29590\/revisions\/29707"}],"wp:featuredmedia":[{"embeddable":true,"href":"https:\/\/adanaseshaber.com.tr\/index.php?rest_route=\/wp\/v2\/media\/29591"}],"wp:attachment":[{"href":"https:\/\/adanaseshaber.com.tr\/index.php?rest_route=%2Fwp%2Fv2%2Fmedia&parent=29590"}],"wp:term":[{"taxonomy":"category","embeddable":true,"href":"https:\/\/adanaseshaber.com.tr\/index.php?rest_route=%2Fwp%2Fv2%2Fcategories&post=29590"},{"taxonomy":"post_tag","embeddable":true,"href":"https:\/\/adanaseshaber.com.tr\/index.php?rest_route=%2Fwp%2Fv2%2Ftags&post=29590"}],"curies":[{"name":"wp","href":"https:\/\/api.w.org\/{rel}","templated":true}]}}