{"id":29632,"date":"2022-07-27T15:46:29","date_gmt":"2022-07-27T12:46:29","guid":{"rendered":"https:\/\/www.adanaseshaber.com\/?p=29632"},"modified":"2022-07-27T23:10:23","modified_gmt":"2022-07-27T20:10:23","slug":"doya-doya-moda-kim-birinci-oldu-27-temmuz-2022-doya-doya-moda-kim-kazandi","status":"publish","type":"post","link":"https:\/\/adanaseshaber.com.tr\/?p=29632","title":{"rendered":"Doya Doya Moda kim birinci oldu 27 Temmuz 2022? Doya Doya Moda kim kazand\u0131?"},"content":{"rendered":"<p>Ekranlar\u0131n fenomen moda program\u0131 Doya Doya Moda\u2019n\u0131n yeni b\u00f6l\u00fcmleri izlenme rekorlar\u0131 k\u0131rmaya devam ediyor. \u015eahane j\u00fcrisi ve birbirinden iddial\u0131 yar\u0131\u015fmac\u0131lar\u0131yla evlerinize konuk olmaya devam eden g\u00fcnd\u00fcz ku\u015fa\u011f\u0131 yar\u0131\u015fmas\u0131 Doya Doya Moda\u2019n\u0131n bu haftaki b\u00f6l\u00fcmleri yine bomba gibi. Modaya dair her \u015feyi evlerinize ta\u015f\u0131yan programda rekabette bir an olsun eksik olmuyor. Modaya dair her \u015feyi yans\u0131yan sevilen yar\u0131\u015fma program\u0131 Doya Doya Moda\u2019n\u0131n yeni b\u00f6l\u00fcmleri yeni sezonunda da b\u00fcy\u00fck ilgi g\u00f6r\u00fcyor. Kendine g\u00fcvenen 7 iddial\u0131 yar\u0131\u015fmac\u0131n\u0131n k\u0131yas\u0131ya rekabetini ekrana ta\u015f\u0131yan program\u0131n bug\u00fcnk\u00fc b\u00f6l\u00fcm\u00fc de yine merakla takip ediliyor. Peki, Doya Doya Moda 27 Temmuz 2022 puan tablosu a\u00e7\u0131kland\u0131 m\u0131? Dotya Doya Moda bug\u00fcn kim birinci oldu? Doya Doya Moda kim kazand\u0131? \u0130\u015fte t\u00fcm detaylar\u2026<\/p>\n<p><strong>DOYA DOYA MODA PUAN TABLOSU 27 TEMMUZ 2022<\/strong><\/p>\n<p>Doya Doya Moda yar\u0131\u015fmac\u0131lar\u0131n\u0131n 27 Temmuz 2022 \u00c7ar\u015famba g\u00fcn\u00fcne ait yeni b\u00f6l\u00fcm\u00fcnde hen\u00fcz puan tablosu a\u00e7\u0131klanmad\u0131. J\u00fcri \u00fcyeleri puanlar\u0131n\u0131 verdikten hemen sonra g\u00fcncel puan tablosu a\u00e7\u0131kland\u0131\u011f\u0131nda t\u00fcm detaylar\u0131 sizlere aktaraca\u011f\u0131z\u2026<\/p>\n<p>Doya Doya Moda yar\u0131\u015fmac\u0131lar\u0131n\u0131n 27 Temmuz 2022 \u00c7ar\u015famba g\u00fcn\u00fc j\u00fcri \u00fcyelerinden ald\u0131\u011f\u0131 puanlar\u0131 a\u015fa\u011f\u0131da t\u00fcm detaylar\u0131yla inceleyebilirsiniz.<\/p>\n<p>Banu: 8 puan<\/p>\n<p>Tina: 17 puan<\/p>\n<p>Selen: 7 puan<\/p>\n<p>H\u00fclya: 13 puan<\/p>\n<p>Aleyna: 18 puan<\/p>\n<p>Nihan: 12 puan<\/p>\n<p>Zeynep: 14 puan<\/p>\n<p><strong>DOYA DOYA MODA SAAT KA\u00c7TA BA\u015eLIYOR?<\/strong><\/p>\n<p>Sevilen moda program\u0131 Doya Doya Moda hafta i\u00e7i her g\u00fcn saat 16.002da TV8\u2019de yay\u0131nlan\u0131yor. En \u015f\u0131k olmak i\u00e7in k\u0131yas\u0131ya m\u00fccadele eden yar\u0131\u015fmac\u0131lar\u0131n yer ald\u0131\u011f\u0131 program modaya dair her \u015feyi deneyimli j\u00fcri \u00fcyeleriyle aya\u011f\u0131n\u0131za getiriyor.<\/p>\n<p><img loading=\"lazy\" decoding=\"async\" class=\"aligncenter wp-image-29635 size-full\" src=\"https:\/\/adanaseshaber.com.tr\/wp-content\/uploads\/2022\/07\/doya-doya-moda-kim-birinci-oldu-27-temmuz-2022-doya-doya-moda-kim-kazandi.jpg\" alt=\"\" width=\"1280\" height=\"720\" srcset=\"https:\/\/adanaseshaber.com.tr\/wp-content\/uploads\/2022\/07\/doya-doya-moda-kim-birinci-oldu-27-temmuz-2022-doya-doya-moda-kim-kazandi.jpg 1280w, https:\/\/adanaseshaber.com.tr\/wp-content\/uploads\/2022\/07\/doya-doya-moda-kim-birinci-oldu-27-temmuz-2022-doya-doya-moda-kim-kazandi-300x169.jpg 300w, https:\/\/adanaseshaber.com.tr\/wp-content\/uploads\/2022\/07\/doya-doya-moda-kim-birinci-oldu-27-temmuz-2022-doya-doya-moda-kim-kazandi-1024x576.jpg 1024w, https:\/\/adanaseshaber.com.tr\/wp-content\/uploads\/2022\/07\/doya-doya-moda-kim-birinci-oldu-27-temmuz-2022-doya-doya-moda-kim-kazandi-768x432.jpg 768w, https:\/\/adanaseshaber.com.tr\/wp-content\/uploads\/2022\/07\/doya-doya-moda-kim-birinci-oldu-27-temmuz-2022-doya-doya-moda-kim-kazandi-390x220.jpg 390w\" sizes=\"auto, (max-width: 1280px) 100vw, 1280px\" \/><\/p>\n<p><strong>DOYA DOYA MODA J\u00dcR\u0130 \u00dcYELER\u0130<\/strong><\/p>\n<p>&#8211; U\u011furkan Erez<\/p>\n<p>&#8211; G\u00fcl\u015fah Sara\u00e7o\u011flu<\/p>\n<p>&#8211; Serdar Uzunta\u015f<\/p>\n<p>&#8211; Yasemin Y\u0131lmaz<\/p>\n","protected":false},"excerpt":{"rendered":"<p>Ekranlar\u0131n fenomen moda program\u0131 Doya Doya Moda\u2019n\u0131n yeni b\u00f6l\u00fcmleri izlenme rekorlar\u0131 k\u0131rmaya devam ediyor. \u015eahane j\u00fcrisi ve birbirinden iddial\u0131 yar\u0131\u015fmac\u0131lar\u0131yla evlerinize konuk olmaya devam eden g\u00fcnd\u00fcz ku\u015fa\u011f\u0131 yar\u0131\u015fmas\u0131 Doya Doya Moda\u2019n\u0131n bu haftaki b\u00f6l\u00fcmleri yine bomba gibi. Modaya dair her \u015feyi evlerinize ta\u015f\u0131yan programda rekabette bir an olsun eksik olmuyor. Modaya dair her \u015feyi yans\u0131yan &hellip;<\/p>\n","protected":false},"author":6,"featured_media":29633,"comment_status":"closed","ping_status":"closed","sticky":false,"template":"","format":"standard","meta":{"footnotes":""},"categories":[1],"tags":[],"class_list":["post-29632","post","type-post","status-publish","format-standard","has-post-thumbnail","hentry","category-genel"],"amp_enabled":true,"_links":{"self":[{"href":"https:\/\/adanaseshaber.com.tr\/index.php?rest_route=\/wp\/v2\/posts\/29632","targetHints":{"allow":["GET"]}}],"collection":[{"href":"https:\/\/adanaseshaber.com.tr\/index.php?rest_route=\/wp\/v2\/posts"}],"about":[{"href":"https:\/\/adanaseshaber.com.tr\/index.php?rest_route=\/wp\/v2\/types\/post"}],"author":[{"embeddable":true,"href":"https:\/\/adanaseshaber.com.tr\/index.php?rest_route=\/wp\/v2\/users\/6"}],"replies":[{"embeddable":true,"href":"https:\/\/adanaseshaber.com.tr\/index.php?rest_route=%2Fwp%2Fv2%2Fcomments&post=29632"}],"version-history":[{"count":5,"href":"https:\/\/adanaseshaber.com.tr\/index.php?rest_route=\/wp\/v2\/posts\/29632\/revisions"}],"predecessor-version":[{"id":29728,"href":"https:\/\/adanaseshaber.com.tr\/index.php?rest_route=\/wp\/v2\/posts\/29632\/revisions\/29728"}],"wp:featuredmedia":[{"embeddable":true,"href":"https:\/\/adanaseshaber.com.tr\/index.php?rest_route=\/wp\/v2\/media\/29633"}],"wp:attachment":[{"href":"https:\/\/adanaseshaber.com.tr\/index.php?rest_route=%2Fwp%2Fv2%2Fmedia&parent=29632"}],"wp:term":[{"taxonomy":"category","embeddable":true,"href":"https:\/\/adanaseshaber.com.tr\/index.php?rest_route=%2Fwp%2Fv2%2Fcategories&post=29632"},{"taxonomy":"post_tag","embeddable":true,"href":"https:\/\/adanaseshaber.com.tr\/index.php?rest_route=%2Fwp%2Fv2%2Ftags&post=29632"}],"curies":[{"name":"wp","href":"https:\/\/api.w.org\/{rel}","templated":true}]}}