{"id":29639,"date":"2022-07-27T16:06:34","date_gmt":"2022-07-27T13:06:34","guid":{"rendered":"https:\/\/www.adanaseshaber.com\/?p=29639"},"modified":"2022-07-27T20:34:57","modified_gmt":"2022-07-27T17:34:57","slug":"otv-indirimi-hayata-gecerse-hangi-arac-kac-para-olacak","status":"publish","type":"post","link":"https:\/\/adanaseshaber.com.tr\/?p=29639","title":{"rendered":"\u00d6TV indirimi hayata ge\u00e7erse hangi ara\u00e7 ka\u00e7 para olacak?"},"content":{"rendered":"<p>CHP Genel Ba\u015fkan\u0131 Kemal K\u0131l\u0131\u00e7daor\u011flu, ge\u00e7ti\u011fimiz gece sosyal medya \u00fczerinden olay yaratn bir video payla\u015fm\u0131\u015f ve videosunda se\u00e7im \u00f6ncesi yeni vaatler vermi\u015fti. K\u0131l\u0131\u00e7daor\u011flu\u2019nun yeni vaadi ise \u00d6TV indirimi oldu. K\u0131l\u0131\u00e7daro\u011flu\u2019nun \u00d6TV vaadi sosyal medyay\u0131 sallarken CHP\u2019liler taraf\u0131ndan \u00d6TV vaadinin hayata ge\u00e7mesi halinde hangi arac\u0131n ka\u00e7 para olaca\u011f\u0131n\u0131 g\u00f6steren bir tablo payla\u015f\u0131lmaya ba\u015fland\u0131. K\u0131l\u0131\u00e7daro\u011flu\u2019ndan gelen \u00d6TV vaadi sosyal medyaya damgas\u0131n\u0131 vurmu\u015ftu. Ge\u00e7ti\u011fimiz gece sosyal medya hesab\u0131ndan payla\u015ft\u0131\u011f\u0131 videoda yeni se\u00e7im vaadini tek tek anlatan K\u0131l\u0131\u00e7daro\u011flu, \u00d6TV indiriminden bahsetti. K\u0131l\u0131\u00e7daro\u011flu\u2019nun \u00d6TV vaadinin hayata ge\u00e7mesi halinde hangi arac\u0131n ka\u00e7 para olaca\u011f\u0131 da ara\u015ft\u0131r\u0131lmaya ba\u015fland\u0131. Konuyla ilgili \u00f6zellikle CHP\u2019liler ara\u00e7 fiyatlar\u0131n\u0131 g\u00f6steren bir tablo payla\u015fmaya ba\u015flad\u0131.<\/p>\n<p><strong>KILI\u00c7DARO\u011eLU&#8217;NDAN \u00d6TV VAAD\u0130<\/strong><\/p>\n<p>CHP Genel Ba\u015fkan\u0131 Kemal K\u0131l\u0131\u00e7daro\u011flu, KYK bor\u00e7lar\u0131n\u0131n faizine y\u00f6nelik verdi\u011fi vaat sonras\u0131nda yeni bir vaatle g\u00fcndeme geldi. Ge\u00e7ti\u011fimiz gece \u015fahsi sosyal medya hesab\u0131 \u00fczerinden bir video payla\u015fan ve yeni vaadini tek tek en ince ayr\u0131nt\u0131s\u0131na kadar anlatan CHP lideri, \u00d6zel T\u00fcketim Vergisi (\u00d6TV) ile ilgili vaadiyle g\u00fcndeme bomba gibi d\u00fc\u015ft\u00fc.<\/p>\n<p><strong>\u00d6TV \u0130ND\u0130R\u0130M\u0130 A\u00c7IKLAMASI<\/strong><\/p>\n<p>CHP lideri, sosyal medya hesab\u0131ndan payla\u015ft\u0131\u011f\u0131 videoda, motor hacmi 1600 cc ve alt\u0131ndaki otomobillerde \u00d6zel T\u00fcketim Vergisi (\u00d6TV)\u2019yi d\u00f6rtte bir oran\u0131nda indirece\u011fini s\u00f6yledi.<\/p>\n<p><strong>\u0130LK OTOMOB\u0130L \u0130\u00c7\u0130N SIFIR \u00d6TV<\/strong><\/p>\n<p>CHP Genel Ba\u015fkan\u0131 K\u0131l\u0131\u00e7daro\u011flu\u2019nun daha \u00f6nce gen\u00e7lere verdi\u011fi s\u0131f\u0131r \u00d6TV vaadi de hala ge\u00e7erlili\u011fini koruyor. K\u0131l\u0131\u00e7daro\u011flu, ilk otomobilini alan gen\u00e7ler i\u00e7in s\u0131f\u0131r \u00d6TV vaadinin hala ge\u00e7erli oldu\u011funu da belirtti. Ara\u00e7 almay\u0131 d\u00fc\u015f\u00fcnenlere al\u0131mlar\u0131n\u0131 bir s\u00fcre daha ertelemeleri konusunda \u00e7a\u011fr\u0131 yapan K\u0131l\u0131\u00e7daro\u011flu, \u2018\u0130ktidar\u0131m\u0131z\u0131 bekleyin\u2019 dedi.<\/p>\n<p><img loading=\"lazy\" decoding=\"async\" class=\"aligncenter wp-image-29644 size-full\" src=\"https:\/\/adanaseshaber.com.tr\/wp-content\/uploads\/2022\/07\/otv-indirimi-hayata-gecerse-hangi-arac-kac-para-olacak-2.jpg\" alt=\"\" width=\"1280\" height=\"720\" srcset=\"https:\/\/adanaseshaber.com.tr\/wp-content\/uploads\/2022\/07\/otv-indirimi-hayata-gecerse-hangi-arac-kac-para-olacak-2.jpg 1280w, https:\/\/adanaseshaber.com.tr\/wp-content\/uploads\/2022\/07\/otv-indirimi-hayata-gecerse-hangi-arac-kac-para-olacak-2-300x169.jpg 300w, https:\/\/adanaseshaber.com.tr\/wp-content\/uploads\/2022\/07\/otv-indirimi-hayata-gecerse-hangi-arac-kac-para-olacak-2-1024x576.jpg 1024w, https:\/\/adanaseshaber.com.tr\/wp-content\/uploads\/2022\/07\/otv-indirimi-hayata-gecerse-hangi-arac-kac-para-olacak-2-768x432.jpg 768w, https:\/\/adanaseshaber.com.tr\/wp-content\/uploads\/2022\/07\/otv-indirimi-hayata-gecerse-hangi-arac-kac-para-olacak-2-390x220.jpg 390w\" sizes=\"auto, (max-width: 1280px) 100vw, 1280px\" \/><\/p>\n<p><strong>SOSYAL MEDYA \u00dcZER\u0130NDEN BU TABLO PAYLA\u015eILDI<\/strong><\/p>\n<p>K\u0131l\u0131\u00e7daro\u011flu\u2019nun \u00d6TV indirimi vaadinin hayata ge\u00e7mesi halinde hangi otomobilin ka\u00e7 para olaca\u011f\u0131na dair gelen sorulara yan\u0131t olarak haz\u0131rlanan bir tablo sosyal medyada h\u0131zla payla\u015f\u0131lmaya ba\u015fland\u0131. \u00d6zellikle CHP\u2019liler taraf\u0131ndan payla\u015f\u0131lan tablo \u015fu \u015fekilde;<\/p>\n<p><img loading=\"lazy\" decoding=\"async\" class=\"aligncenter wp-image-29642 size-full\" src=\"https:\/\/adanaseshaber.com.tr\/wp-content\/uploads\/2022\/07\/otv-indirimi-hayata-gecerse-hangi-arac-kac-para-olacak-1.jpg\" alt=\"\" width=\"1280\" height=\"720\" srcset=\"https:\/\/adanaseshaber.com.tr\/wp-content\/uploads\/2022\/07\/otv-indirimi-hayata-gecerse-hangi-arac-kac-para-olacak-1.jpg 1280w, https:\/\/adanaseshaber.com.tr\/wp-content\/uploads\/2022\/07\/otv-indirimi-hayata-gecerse-hangi-arac-kac-para-olacak-1-300x169.jpg 300w, https:\/\/adanaseshaber.com.tr\/wp-content\/uploads\/2022\/07\/otv-indirimi-hayata-gecerse-hangi-arac-kac-para-olacak-1-1024x576.jpg 1024w, https:\/\/adanaseshaber.com.tr\/wp-content\/uploads\/2022\/07\/otv-indirimi-hayata-gecerse-hangi-arac-kac-para-olacak-1-768x432.jpg 768w, https:\/\/adanaseshaber.com.tr\/wp-content\/uploads\/2022\/07\/otv-indirimi-hayata-gecerse-hangi-arac-kac-para-olacak-1-390x220.jpg 390w\" sizes=\"auto, (max-width: 1280px) 100vw, 1280px\" \/><\/p>\n<p>&nbsp;<\/p>\n","protected":false},"excerpt":{"rendered":"<p>CHP Genel Ba\u015fkan\u0131 Kemal K\u0131l\u0131\u00e7daor\u011flu, ge\u00e7ti\u011fimiz gece sosyal medya \u00fczerinden olay yaratn bir video payla\u015fm\u0131\u015f ve videosunda se\u00e7im \u00f6ncesi yeni vaatler vermi\u015fti. K\u0131l\u0131\u00e7daor\u011flu\u2019nun yeni vaadi ise \u00d6TV indirimi oldu. K\u0131l\u0131\u00e7daro\u011flu\u2019nun \u00d6TV vaadi sosyal medyay\u0131 sallarken CHP\u2019liler taraf\u0131ndan \u00d6TV vaadinin hayata ge\u00e7mesi halinde hangi arac\u0131n ka\u00e7 para olaca\u011f\u0131n\u0131 g\u00f6steren bir tablo payla\u015f\u0131lmaya ba\u015fland\u0131. K\u0131l\u0131\u00e7daro\u011flu\u2019ndan gelen \u00d6TV &hellip;<\/p>\n","protected":false},"author":6,"featured_media":29640,"comment_status":"closed","ping_status":"closed","sticky":false,"template":"","format":"standard","meta":{"footnotes":""},"categories":[1],"tags":[],"class_list":["post-29639","post","type-post","status-publish","format-standard","has-post-thumbnail","hentry","category-genel"],"amp_enabled":true,"_links":{"self":[{"href":"https:\/\/adanaseshaber.com.tr\/index.php?rest_route=\/wp\/v2\/posts\/29639","targetHints":{"allow":["GET"]}}],"collection":[{"href":"https:\/\/adanaseshaber.com.tr\/index.php?rest_route=\/wp\/v2\/posts"}],"about":[{"href":"https:\/\/adanaseshaber.com.tr\/index.php?rest_route=\/wp\/v2\/types\/post"}],"author":[{"embeddable":true,"href":"https:\/\/adanaseshaber.com.tr\/index.php?rest_route=\/wp\/v2\/users\/6"}],"replies":[{"embeddable":true,"href":"https:\/\/adanaseshaber.com.tr\/index.php?rest_route=%2Fwp%2Fv2%2Fcomments&post=29639"}],"version-history":[{"count":5,"href":"https:\/\/adanaseshaber.com.tr\/index.php?rest_route=\/wp\/v2\/posts\/29639\/revisions"}],"predecessor-version":[{"id":29705,"href":"https:\/\/adanaseshaber.com.tr\/index.php?rest_route=\/wp\/v2\/posts\/29639\/revisions\/29705"}],"wp:featuredmedia":[{"embeddable":true,"href":"https:\/\/adanaseshaber.com.tr\/index.php?rest_route=\/wp\/v2\/media\/29640"}],"wp:attachment":[{"href":"https:\/\/adanaseshaber.com.tr\/index.php?rest_route=%2Fwp%2Fv2%2Fmedia&parent=29639"}],"wp:term":[{"taxonomy":"category","embeddable":true,"href":"https:\/\/adanaseshaber.com.tr\/index.php?rest_route=%2Fwp%2Fv2%2Fcategories&post=29639"},{"taxonomy":"post_tag","embeddable":true,"href":"https:\/\/adanaseshaber.com.tr\/index.php?rest_route=%2Fwp%2Fv2%2Ftags&post=29639"}],"curies":[{"name":"wp","href":"https:\/\/api.w.org\/{rel}","templated":true}]}}