{"id":29686,"date":"2022-07-27T18:52:13","date_gmt":"2022-07-27T15:52:13","guid":{"rendered":"https:\/\/www.adanaseshaber.com\/?p=29686"},"modified":"2022-07-27T20:33:37","modified_gmt":"2022-07-27T17:33:37","slug":"fenerbahcenin-ilk-11i-aciklandi","status":"publish","type":"post","link":"https:\/\/adanaseshaber.com.tr\/?p=29686","title":{"rendered":"Fenerbah\u00e7e\u2019nin ilk 11\u2019i a\u00e7\u0131kland\u0131"},"content":{"rendered":"<p>Temsilcimiz Fenerbah\u00e7e\u2019nin bu ak\u015fam kendi evinde Dinamo Kiev&#8217;e kar\u015f\u0131 verece\u011fi m\u00fccadele i\u00e7in geri say\u0131m s\u00fcrerken sar\u0131-lacivertli tak\u0131m\u0131n ilk 11\u2019i a\u00e7\u0131kland\u0131. Merakla beklenen ilk 11\u2019in a\u00e7\u0131klanmas\u0131yla g\u00f6zler ma\u00e7a \u00e7evrildi. Fenerbah\u00e7e-Dinamo Kiev ma\u00e7\u0131 bu ak\u015fam saat 20.00\u2019de ba\u015flayacak ve Exxen\u2019den canl\u0131 yay\u0131nlanacak. Fenerbah\u00e7e\u2019nin merakla beklenen ilk 11\u2019i belli oldu. Bu sabah saatlerinden itibaren Fenerbah\u00e7e\u2019nin kar\u015f\u0131la\u015fmaya \u00e7\u0131kaca\u011f\u0131 muhtemel 11\u2019lerle ilgili binlerce tahmin geldi. Sar\u0131-lacivertli temsilcimizin Dinamo Kiev\u2019e kar\u015f\u0131 verece\u011fi m\u00fccadelenin ilk 11\u2019i a\u00e7\u0131kland\u0131. \u0130\u015fte Fenerbah\u00e7e\u2019nin ilk 11\u2019i\u2026<\/p>\n<p><strong>FENERBAH\u00c7A \u0130LK 11&#8217;\u0130<\/strong><\/p>\n<p>Fenerbah\u00e7e\u2019nin Dinamo Kiev ma\u00e7\u0131 ilk 11\u2019i \u015f\u00f6yle;<\/p>\n<p>&#8211; Altay<\/p>\n<p>&#8211; Osayi-Samuel<\/p>\n<p>&#8211; Tisserand<\/p>\n<p>&#8211; Szalai<\/p>\n<p>&#8211; Ferdi<\/p>\n<p>&#8211; \u0130smail<\/p>\n<p>&#8211; Willian Arao<\/p>\n<p>&#8211; \u0130rfan Can<\/p>\n<p>&#8211; Rossi<\/p>\n<p>&#8211; Valencia<\/p>\n<p>&#8211; King<\/p>\n<p><b>FENERBAH\u00c7E-D\u0130NAMO K\u0130EV MA\u00c7I HANG\u0130 KANALDA?<\/b><\/p>\n<p>2. tur \u00f6n eleme r\u00f6van\u015f\u0131nda Kad\u0131k\u00f6y2de rakibi Dinamo Kiev&#8217;i a\u011f\u0131rlayacak olan Fenerbah\u00e7e, \u015eampiyonlar Ligi hasretine son vermek istiyor. Merakla beklenen kar\u015f\u0131la\u015fma saat 20.002de ba\u015flayacak ve Exxen&#8217;den canl\u0131 yay\u0131nlanacak.<\/p>\n<p><img loading=\"lazy\" decoding=\"async\" class=\"aligncenter wp-image-29693 size-full\" src=\"https:\/\/adanaseshaber.com.tr\/wp-content\/uploads\/2022\/07\/fenerbahcenin-ilk-11i-aciklandi-1.jpg\" alt=\"\" width=\"1280\" height=\"720\" srcset=\"https:\/\/adanaseshaber.com.tr\/wp-content\/uploads\/2022\/07\/fenerbahcenin-ilk-11i-aciklandi-1.jpg 1280w, https:\/\/adanaseshaber.com.tr\/wp-content\/uploads\/2022\/07\/fenerbahcenin-ilk-11i-aciklandi-1-300x169.jpg 300w, https:\/\/adanaseshaber.com.tr\/wp-content\/uploads\/2022\/07\/fenerbahcenin-ilk-11i-aciklandi-1-1024x576.jpg 1024w, https:\/\/adanaseshaber.com.tr\/wp-content\/uploads\/2022\/07\/fenerbahcenin-ilk-11i-aciklandi-1-768x432.jpg 768w, https:\/\/adanaseshaber.com.tr\/wp-content\/uploads\/2022\/07\/fenerbahcenin-ilk-11i-aciklandi-1-390x220.jpg 390w\" sizes=\"auto, (max-width: 1280px) 100vw, 1280px\" \/><\/p>\n<p><b>\u00dc\u00c7\u00dcNC\u00dc TURA GE\u00c7ERSE RAK\u0130P STURM GRAZ<\/b><\/p>\n<p>Fenerbah\u00e7e&#8217;nin bu ak\u015fam oynanacak kar\u015f\u0131la\u015fmada rakibi Dinamo Kiev&#8217;i ma\u011flup ederek 3. tura ge\u00e7mesi halinde rakibi Sturm Graz olacak. Sar\u0131-lacivertli tak\u0131m \u00fc\u00e7\u00fcnc\u00fc tur rakibi Sturm Graz&#8217;\u0131 yenmesi halinde Play-Off a\u015famas\u0131ndaki rakibini bekleyecek. Fenerbah\u00e7e, Dinamo Kiev&#8217;i ge\u00e7erek \u00fc\u00e7\u00fcnc\u00fc tur rakibi Sturm Graz&#8217;a elenmesi halinde yoluna Avrupa Ligi&#8217;nde devam edecek.<\/p>\n<p><b>AVRUPA KUPALARI&#8217;NDA 242. MA\u00c7I<\/b><\/p>\n<p>Fenerbah\u00e7e, Avrupa Kupalar\u0131&#8217;nda 242. ma\u00e7\u0131na \u00e7\u0131k\u0131yor. Sar\u0131-lacivertliler bu randevularda 87 galibiyet, 52 beraberlik ve 102 ma\u011flubiyet ya\u015fad\u0131. Kupa 1&#8217;de ise 34. eleme ma\u00e7\u0131na \u00e7\u0131kacak olan Fenerbah\u00e7e, 33 ma\u00e7ta 12 galibiyet, 11 beraberlik ve 10 ma\u011flubiyet ya\u015fad\u0131.<\/p>\n","protected":false},"excerpt":{"rendered":"<p>Temsilcimiz Fenerbah\u00e7e\u2019nin bu ak\u015fam kendi evinde Dinamo Kiev&#8217;e kar\u015f\u0131 verece\u011fi m\u00fccadele i\u00e7in geri say\u0131m s\u00fcrerken sar\u0131-lacivertli tak\u0131m\u0131n ilk 11\u2019i a\u00e7\u0131kland\u0131. Merakla beklenen ilk 11\u2019in a\u00e7\u0131klanmas\u0131yla g\u00f6zler ma\u00e7a \u00e7evrildi. Fenerbah\u00e7e-Dinamo Kiev ma\u00e7\u0131 bu ak\u015fam saat 20.00\u2019de ba\u015flayacak ve Exxen\u2019den canl\u0131 yay\u0131nlanacak. Fenerbah\u00e7e\u2019nin merakla beklenen ilk 11\u2019i belli oldu. Bu sabah saatlerinden itibaren Fenerbah\u00e7e\u2019nin kar\u015f\u0131la\u015fmaya \u00e7\u0131kaca\u011f\u0131 muhtemel &hellip;<\/p>\n","protected":false},"author":6,"featured_media":29687,"comment_status":"closed","ping_status":"closed","sticky":false,"template":"","format":"standard","meta":{"footnotes":""},"categories":[5],"tags":[],"class_list":["post-29686","post","type-post","status-publish","format-standard","has-post-thumbnail","hentry","category-spor"],"amp_enabled":true,"_links":{"self":[{"href":"https:\/\/adanaseshaber.com.tr\/index.php?rest_route=\/wp\/v2\/posts\/29686","targetHints":{"allow":["GET"]}}],"collection":[{"href":"https:\/\/adanaseshaber.com.tr\/index.php?rest_route=\/wp\/v2\/posts"}],"about":[{"href":"https:\/\/adanaseshaber.com.tr\/index.php?rest_route=\/wp\/v2\/types\/post"}],"author":[{"embeddable":true,"href":"https:\/\/adanaseshaber.com.tr\/index.php?rest_route=\/wp\/v2\/users\/6"}],"replies":[{"embeddable":true,"href":"https:\/\/adanaseshaber.com.tr\/index.php?rest_route=%2Fwp%2Fv2%2Fcomments&post=29686"}],"version-history":[{"count":8,"href":"https:\/\/adanaseshaber.com.tr\/index.php?rest_route=\/wp\/v2\/posts\/29686\/revisions"}],"predecessor-version":[{"id":29702,"href":"https:\/\/adanaseshaber.com.tr\/index.php?rest_route=\/wp\/v2\/posts\/29686\/revisions\/29702"}],"wp:featuredmedia":[{"embeddable":true,"href":"https:\/\/adanaseshaber.com.tr\/index.php?rest_route=\/wp\/v2\/media\/29687"}],"wp:attachment":[{"href":"https:\/\/adanaseshaber.com.tr\/index.php?rest_route=%2Fwp%2Fv2%2Fmedia&parent=29686"}],"wp:term":[{"taxonomy":"category","embeddable":true,"href":"https:\/\/adanaseshaber.com.tr\/index.php?rest_route=%2Fwp%2Fv2%2Fcategories&post=29686"},{"taxonomy":"post_tag","embeddable":true,"href":"https:\/\/adanaseshaber.com.tr\/index.php?rest_route=%2Fwp%2Fv2%2Ftags&post=29686"}],"curies":[{"name":"wp","href":"https:\/\/api.w.org\/{rel}","templated":true}]}}