{"id":29721,"date":"2022-07-27T23:06:19","date_gmt":"2022-07-27T20:06:19","guid":{"rendered":"https:\/\/www.adanaseshaber.com\/?p=29721"},"modified":"2022-07-27T23:08:06","modified_gmt":"2022-07-27T20:08:06","slug":"fenerbahce-dinamo-kiev-maci-sonrasi-zelensky-ve-putin-gundem-oldu","status":"publish","type":"post","link":"https:\/\/adanaseshaber.com.tr\/?p=29721","title":{"rendered":"Fenerbah\u00e7e Dinamo Kiev ma\u00e7\u0131 sonras\u0131 Zelensky ve Putin g\u00fcndem oldu"},"content":{"rendered":"<p>Bu ak\u015fam Kad\u0131k\u00f6y\u2019de rakibi Dinamo Kiev\u2019i a\u011f\u0131rlayan Fenerbah\u00e7e\u2019de b\u00fcy\u00fck bir y\u0131k\u0131m ya\u015fand\u0131. 2. \u00d6n elem r\u00f6van\u015f ma\u00e7\u0131nda rakibi Dinamo Kiev\u2019i a\u011f\u0131rlayan Fenerbah\u00e7e, 2-1 ma\u011flubiyetle \u015eampiyonlar Ligi\u2019ne veda etti. Heyecan\u0131n bir an olsun eksik olmad\u0131\u011f\u0131 kar\u015f\u0131la\u015fmada sar\u0131-lacivertli taraftarlar\u0131n yapt\u0131\u011f\u0131 \u2018Putin\u2019 tezah\u00fcrat\u0131 ise ma\u00e7a damga vurdu. \u0130lk ma\u00e7\u0131 0-0 beraberlikle tamamlayan Fenerbah\u00e7a-Dinamo Kiev\u2019in ikinci randevusu \u0130stanbul\u2019dayd\u0131. Kad\u0131k\u00f6y\u2019de oynanan r\u00f6van\u015f ma\u00e7\u0131 2-1 skorla Dinamo Kiev\u2019in galibiyetiyle sonu\u00e7land\u0131. Fenerbah\u00e7e, 2-1\u2019lin ma\u011flubiyet sonucunda \u015eampiyonlar Ligi\u2019ne veda etti. Ma\u00e7a damga vuran anlar ise Fenerbah\u00e7eli taraftarlar\u0131n yapt\u0131\u011f\u0131 \u2018Putin\u2019 tezah\u00fcratlar\u0131 oldu. Taraftarlar\u0131n bu tezah\u00fcrat\u0131 sosyal medyada tepki toplad\u0131. \u0130\u015fte detaylar\u2026<\/p>\n<p><strong>FENERBAH\u00c7E \u015eAMP\u0130YONLAR L\u0130G\u0130\u2019NE VEDA ETT\u0130<\/strong><\/p>\n<p>2. \u00f6n eleme r\u00f6van\u015f ma\u00e7\u0131nda Fenerbah\u00e7e, rakibi Dinamo Kiev\u2019i Kad\u0131k\u00f6y\u2019de a\u011f\u0131rlad\u0131. \u0130ki tak\u0131m aras\u0131ndaki ilk kar\u015f\u0131la\u015fma 0-0 berabere biterken bu ak\u015fam oynanan ikinci kar\u015f\u0131la\u015fma ise 2-1\u2019lik skorla Dinamo Kiev\u2019in galibiyetiyle sonu\u00e7land\u0131 ve temsilcimiz Fenerbah\u00e7e, \u015eampiyonlar Ligi\u2019ne veda etti.<\/p>\n<p><strong>FENERBAH\u00c7E TARAFTARLARINDAN PUT\u0130N TEZAH\u00dcRATI<\/strong><\/p>\n<p>Ma\u00e7\u0131n 53. dakikas\u0131nda ikinci sar\u0131dan k\u0131rm\u0131z\u0131 kart g\u00f6ren gen\u00e7 futbolcu \u0130smail Y\u00fcksek\u2019in oyundan \u00e7\u0131kmas\u0131yla tak\u0131m 10 ki\u015fi kald\u0131. 57. dakikada Buyalskiy ile gelen gol\u00fcn ard\u0131ndan Dinamo Kiev 1-0 \u00f6bne ge\u00e7ti. Gol\u00fcn ard\u0131ndan Dinamo Kievli futbolcunun trib\u00fcnlere kar\u015f\u0131 yapt\u0131\u011f\u0131 sevin\u00e7 Fenerbah\u00e7eli taraftarlar\u0131 k\u0131zd\u0131rd\u0131. Bu hareket sonras\u0131nda sar\u0131-lacivertli taraftarlar \u2018Putin\u2019 tezah\u00fcrat\u0131 yapmaya ba\u015flad\u0131. Fenerbah\u00e7e taraftar\u0131n\u0131n \u2018Putin\u2019 tezah\u00fcrat\u0131 yapmas\u0131 sosyal medyan\u0131n g\u00fcndemine oturdu. Aylard\u0131r sava\u015fta olan Ukrayna ve Rusya aras\u0131ndaki gerilimin sahaya ta\u015f\u0131nmas\u0131n\u0131 do\u011fru bulmayan sosyal medya kullan\u0131c\u0131lar\u0131 trib\u00fcnlerden Rusya Devlet Ba\u015fkan\u0131 Vladimir Putin\u2019in ad\u0131n\u0131n hayk\u0131r\u0131lmas\u0131n\u0131 k\u0131nad\u0131.<\/p>\n<p><img loading=\"lazy\" decoding=\"async\" class=\"aligncenter wp-image-29724 size-full\" src=\"https:\/\/adanaseshaber.com.tr\/wp-content\/uploads\/2022\/07\/fenerbahce-dinamo-kiev-maci-sonrasi-zelensky-ve-putin-gundem-oldu-1.jpg\" alt=\"\" width=\"1280\" height=\"720\" srcset=\"https:\/\/adanaseshaber.com.tr\/wp-content\/uploads\/2022\/07\/fenerbahce-dinamo-kiev-maci-sonrasi-zelensky-ve-putin-gundem-oldu-1.jpg 1280w, https:\/\/adanaseshaber.com.tr\/wp-content\/uploads\/2022\/07\/fenerbahce-dinamo-kiev-maci-sonrasi-zelensky-ve-putin-gundem-oldu-1-300x169.jpg 300w, https:\/\/adanaseshaber.com.tr\/wp-content\/uploads\/2022\/07\/fenerbahce-dinamo-kiev-maci-sonrasi-zelensky-ve-putin-gundem-oldu-1-1024x576.jpg 1024w, https:\/\/adanaseshaber.com.tr\/wp-content\/uploads\/2022\/07\/fenerbahce-dinamo-kiev-maci-sonrasi-zelensky-ve-putin-gundem-oldu-1-768x432.jpg 768w, https:\/\/adanaseshaber.com.tr\/wp-content\/uploads\/2022\/07\/fenerbahce-dinamo-kiev-maci-sonrasi-zelensky-ve-putin-gundem-oldu-1-390x220.jpg 390w\" sizes=\"auto, (max-width: 1280px) 100vw, 1280px\" \/><\/p>\n<p><strong>ZELENSKY G\u00dcNDEM OLDU<\/strong><\/p>\n<p>Fenerbah\u00e7e-Dinamo Kiev ma\u00e7\u0131n\u0131n 2-1 skorla sona ermesinin ard\u0131ndan Ukrayna Devlet Ba\u015fkan\u0131 Zelensky Twitter\u2019da g\u00fcndem oldu. Fenerbah\u00e7e trib\u00fcnlerinden at\u0131lan \u2018Putin\u2019 tezah\u00fcratlar\u0131n\u0131n ard\u0131ndan ma\u00e7\u0131n Dinamo Kiev\u2019in galibiyetiyle sonu\u00e7lanmas\u0131 sonras\u0131nda \u2018Zelensky\u2019 etiketi alt\u0131nda konuyla ilgili binlerce yorum yap\u0131ld\u0131.<\/p>\n<p>&nbsp;<\/p>\n","protected":false},"excerpt":{"rendered":"<p>Bu ak\u015fam Kad\u0131k\u00f6y\u2019de rakibi Dinamo Kiev\u2019i a\u011f\u0131rlayan Fenerbah\u00e7e\u2019de b\u00fcy\u00fck bir y\u0131k\u0131m ya\u015fand\u0131. 2. \u00d6n elem r\u00f6van\u015f ma\u00e7\u0131nda rakibi Dinamo Kiev\u2019i a\u011f\u0131rlayan Fenerbah\u00e7e, 2-1 ma\u011flubiyetle \u015eampiyonlar Ligi\u2019ne veda etti. Heyecan\u0131n bir an olsun eksik olmad\u0131\u011f\u0131 kar\u015f\u0131la\u015fmada sar\u0131-lacivertli taraftarlar\u0131n yapt\u0131\u011f\u0131 \u2018Putin\u2019 tezah\u00fcrat\u0131 ise ma\u00e7a damga vurdu. \u0130lk ma\u00e7\u0131 0-0 beraberlikle tamamlayan Fenerbah\u00e7a-Dinamo Kiev\u2019in ikinci randevusu \u0130stanbul\u2019dayd\u0131. Kad\u0131k\u00f6y\u2019de &hellip;<\/p>\n","protected":false},"author":6,"featured_media":29722,"comment_status":"closed","ping_status":"closed","sticky":false,"template":"","format":"standard","meta":{"footnotes":""},"categories":[5],"tags":[],"class_list":["post-29721","post","type-post","status-publish","format-standard","has-post-thumbnail","hentry","category-spor"],"amp_enabled":true,"_links":{"self":[{"href":"https:\/\/adanaseshaber.com.tr\/index.php?rest_route=\/wp\/v2\/posts\/29721","targetHints":{"allow":["GET"]}}],"collection":[{"href":"https:\/\/adanaseshaber.com.tr\/index.php?rest_route=\/wp\/v2\/posts"}],"about":[{"href":"https:\/\/adanaseshaber.com.tr\/index.php?rest_route=\/wp\/v2\/types\/post"}],"author":[{"embeddable":true,"href":"https:\/\/adanaseshaber.com.tr\/index.php?rest_route=\/wp\/v2\/users\/6"}],"replies":[{"embeddable":true,"href":"https:\/\/adanaseshaber.com.tr\/index.php?rest_route=%2Fwp%2Fv2%2Fcomments&post=29721"}],"version-history":[{"count":4,"href":"https:\/\/adanaseshaber.com.tr\/index.php?rest_route=\/wp\/v2\/posts\/29721\/revisions"}],"predecessor-version":[{"id":29727,"href":"https:\/\/adanaseshaber.com.tr\/index.php?rest_route=\/wp\/v2\/posts\/29721\/revisions\/29727"}],"wp:featuredmedia":[{"embeddable":true,"href":"https:\/\/adanaseshaber.com.tr\/index.php?rest_route=\/wp\/v2\/media\/29722"}],"wp:attachment":[{"href":"https:\/\/adanaseshaber.com.tr\/index.php?rest_route=%2Fwp%2Fv2%2Fmedia&parent=29721"}],"wp:term":[{"taxonomy":"category","embeddable":true,"href":"https:\/\/adanaseshaber.com.tr\/index.php?rest_route=%2Fwp%2Fv2%2Fcategories&post=29721"},{"taxonomy":"post_tag","embeddable":true,"href":"https:\/\/adanaseshaber.com.tr\/index.php?rest_route=%2Fwp%2Fv2%2Ftags&post=29721"}],"curies":[{"name":"wp","href":"https:\/\/api.w.org\/{rel}","templated":true}]}}