{"id":29730,"date":"2022-07-27T23:52:56","date_gmt":"2022-07-27T20:52:56","guid":{"rendered":"https:\/\/www.adanaseshaber.com\/?p=29730"},"modified":"2022-07-27T23:53:37","modified_gmt":"2022-07-27T20:53:37","slug":"abd-merkez-bankasi-merakla-beklenen-faiz-kararini-acikladi","status":"publish","type":"post","link":"https:\/\/adanaseshaber.com.tr\/?p=29730","title":{"rendered":"ABD Merkez Bankas\u0131 merakla beklenen faiz karar\u0131n\u0131 a\u00e7\u0131klad\u0131"},"content":{"rendered":"<p>ABD Merkez Bankas\u0131 FED, merakla beklenen faiz karar\u0131n\u0131 a\u00e7\u0131klad\u0131. Amerika Birle\u015fik Devletleri Merkez Bankas\u0131 FED\u2019in politika faizini beklentiler do\u011frultusunda 75 baz puan art\u0131rd\u0131\u011f\u0131 g\u00f6r\u00fcld\u00fc. FED\u2019in karra\u0131 t\u0131pk\u0131 beklenilen gibi oldu ve politika faizi 75 baz puan art\u0131r\u0131ld\u0131. FED\u2019in bu karar\u0131yla politika faizi y\u00fczde 2,25-2,50 aral\u0131\u011f\u0131na \u00e7ekildi. Piyasalar\u0131n bekledi\u011fi karar FED taraf\u0131ndan a\u00e7\u0131kland\u0131. ABD Merkez Bankas\u0131 FED\u2019in a\u00e7\u0131klad\u0131\u011f\u0131 faiz karar\u0131 g\u00fcndem oldu. G\u00f6zlerin \u00e7evrildi\u011fi faiz karar\u0131yla ilgili FED, beklenildi\u011fi gibi politika faizini y\u00fczde 75 baz puan art\u0131rd\u0131. Yap\u0131lan a\u00e7\u0131klamada enflasyonun y\u00fcksek kalmaya devam etti\u011fi belirtilirken Rusya ve Ukrayna aras\u0131ndaki sava\u015fa da bir kez daha vurgu yap\u0131ld\u0131.<\/p>\n<p><strong>POL\u0130T\u0130KA FA\u0130Z\u0130 Y\u00dcZDE 75 BAZ PUAN ARTIRILDI<\/strong><\/p>\n<p>Amerika Birle\u015fik Devletleri Merkez Bankas\u0131 FED, mrakla beklenen faiz karar\u0131n\u0131 a\u00e7\u0131klad\u0131 ve beklenildi\u011fi gibi politika faizini y\u00fczde 75 baz puan art\u0131rd\u0131. Oy birli\u011fiyle al\u0131nan karar kapsam\u0131nda politika faizi y\u00fczde 75 baz puan art\u0131\u015fla y\u00fczde 2,25-2,50 seviyesine \u00e7\u0131kar\u0131ld\u0131. FED\u2019in a\u00e7\u0131klamas\u0131nda, faiz oran\u0131n\u0131n art\u0131r\u0131lmas\u0131 karar\u0131n\u0131n oy birli\u011fi ile al\u0131nd\u0131\u011f\u0131na dikkat \u00e7ekildi. Enflasyonun y\u00fcksek kalmaya devam etti\u011finin vurguland\u0131\u011f\u0131 a\u00e7\u0131klamada, son harcama ve \u00fcretim g\u00f6stergelerinin yumu\u015fad\u0131\u011f\u0131, son aylarda istihdam kazan\u0131mlar\u0131n\u0131n da g\u00fc\u00e7l\u00fc oldu\u011fu ve i\u015fsizlik oran\u0131n\u0131n da d\u00fc\u015f\u00fck kald\u0131\u011f\u0131 belirtildi.<\/p>\n<p><img loading=\"lazy\" decoding=\"async\" class=\"aligncenter wp-image-29733 size-full\" src=\"https:\/\/adanaseshaber.com.tr\/wp-content\/uploads\/2022\/07\/abd-merkez-bankasi-merakla-beklenen-faiz-kararini-acikladi-1.jpg\" alt=\"\" width=\"1280\" height=\"720\" srcset=\"https:\/\/adanaseshaber.com.tr\/wp-content\/uploads\/2022\/07\/abd-merkez-bankasi-merakla-beklenen-faiz-kararini-acikladi-1.jpg 1280w, https:\/\/adanaseshaber.com.tr\/wp-content\/uploads\/2022\/07\/abd-merkez-bankasi-merakla-beklenen-faiz-kararini-acikladi-1-300x169.jpg 300w, https:\/\/adanaseshaber.com.tr\/wp-content\/uploads\/2022\/07\/abd-merkez-bankasi-merakla-beklenen-faiz-kararini-acikladi-1-1024x576.jpg 1024w, https:\/\/adanaseshaber.com.tr\/wp-content\/uploads\/2022\/07\/abd-merkez-bankasi-merakla-beklenen-faiz-kararini-acikladi-1-768x432.jpg 768w, https:\/\/adanaseshaber.com.tr\/wp-content\/uploads\/2022\/07\/abd-merkez-bankasi-merakla-beklenen-faiz-kararini-acikladi-1-390x220.jpg 390w\" sizes=\"auto, (max-width: 1280px) 100vw, 1280px\" \/><\/p>\n<p><strong>B\u0130LAN\u00c7O DARALTILMAYA DEVAM ED\u0130LECEK<\/strong><\/p>\n<p>A\u00e7\u0131klamada, bankan\u0131n planland\u0131\u011f\u0131 gibi bilan\u00e7oyu k\u00fc\u00e7\u00fcltmeye devam edece\u011fine vurgu yap\u0131l\u0131rken enflasyonun y\u00fczde 2 hedefine \u00e7ekilmesinde kararl\u0131 olundu\u011funun da bir kez daha alt\u0131 \u00e7izildi. \u00d6te yandan ekonomistler ise FED\u2019in faiz karar\u0131n\u0131n y\u00fczde 75 ihtimalle 75 baz puanl\u0131k faiz art\u0131\u015f\u0131 olaca\u011f\u0131n\u0131 tahmin etmi\u015fti. Geriye kalan y\u00fczde 25 ihtimalde ise 100 baz puanl\u0131k faiz art\u0131\u015f\u0131 karar\u0131 gelebilece\u011fi belirtilmi\u015fti.<\/p>\n<p>&nbsp;<\/p>\n","protected":false},"excerpt":{"rendered":"<p>ABD Merkez Bankas\u0131 FED, merakla beklenen faiz karar\u0131n\u0131 a\u00e7\u0131klad\u0131. Amerika Birle\u015fik Devletleri Merkez Bankas\u0131 FED\u2019in politika faizini beklentiler do\u011frultusunda 75 baz puan art\u0131rd\u0131\u011f\u0131 g\u00f6r\u00fcld\u00fc. FED\u2019in karra\u0131 t\u0131pk\u0131 beklenilen gibi oldu ve politika faizi 75 baz puan art\u0131r\u0131ld\u0131. FED\u2019in bu karar\u0131yla politika faizi y\u00fczde 2,25-2,50 aral\u0131\u011f\u0131na \u00e7ekildi. Piyasalar\u0131n bekledi\u011fi karar FED taraf\u0131ndan a\u00e7\u0131kland\u0131. ABD Merkez Bankas\u0131 &hellip;<\/p>\n","protected":false},"author":6,"featured_media":29731,"comment_status":"closed","ping_status":"closed","sticky":false,"template":"","format":"standard","meta":{"footnotes":""},"categories":[1],"tags":[],"class_list":["post-29730","post","type-post","status-publish","format-standard","has-post-thumbnail","hentry","category-genel"],"amp_enabled":true,"_links":{"self":[{"href":"https:\/\/adanaseshaber.com.tr\/index.php?rest_route=\/wp\/v2\/posts\/29730","targetHints":{"allow":["GET"]}}],"collection":[{"href":"https:\/\/adanaseshaber.com.tr\/index.php?rest_route=\/wp\/v2\/posts"}],"about":[{"href":"https:\/\/adanaseshaber.com.tr\/index.php?rest_route=\/wp\/v2\/types\/post"}],"author":[{"embeddable":true,"href":"https:\/\/adanaseshaber.com.tr\/index.php?rest_route=\/wp\/v2\/users\/6"}],"replies":[{"embeddable":true,"href":"https:\/\/adanaseshaber.com.tr\/index.php?rest_route=%2Fwp%2Fv2%2Fcomments&post=29730"}],"version-history":[{"count":2,"href":"https:\/\/adanaseshaber.com.tr\/index.php?rest_route=\/wp\/v2\/posts\/29730\/revisions"}],"predecessor-version":[{"id":29734,"href":"https:\/\/adanaseshaber.com.tr\/index.php?rest_route=\/wp\/v2\/posts\/29730\/revisions\/29734"}],"wp:featuredmedia":[{"embeddable":true,"href":"https:\/\/adanaseshaber.com.tr\/index.php?rest_route=\/wp\/v2\/media\/29731"}],"wp:attachment":[{"href":"https:\/\/adanaseshaber.com.tr\/index.php?rest_route=%2Fwp%2Fv2%2Fmedia&parent=29730"}],"wp:term":[{"taxonomy":"category","embeddable":true,"href":"https:\/\/adanaseshaber.com.tr\/index.php?rest_route=%2Fwp%2Fv2%2Fcategories&post=29730"},{"taxonomy":"post_tag","embeddable":true,"href":"https:\/\/adanaseshaber.com.tr\/index.php?rest_route=%2Fwp%2Fv2%2Ftags&post=29730"}],"curies":[{"name":"wp","href":"https:\/\/api.w.org\/{rel}","templated":true}]}}