{"id":29736,"date":"2022-07-28T00:24:59","date_gmt":"2022-07-27T21:24:59","guid":{"rendered":"https:\/\/www.adanaseshaber.com\/?p=29736"},"modified":"2022-07-28T00:32:01","modified_gmt":"2022-07-27T21:32:01","slug":"muge-anlinin-dugun-fotograflari-gundemden-dusmuyor","status":"publish","type":"post","link":"https:\/\/adanaseshaber.com.tr\/?p=29736","title":{"rendered":"M\u00fcge Anl\u0131\u2019n\u0131n d\u00fc\u011f\u00fcn foto\u011fraflar\u0131 g\u00fcndemden d\u00fc\u015fm\u00fcyor"},"content":{"rendered":"<p>Ekranlar\u0131n sevilen sunucu ara\u015ft\u0131rmac\u0131 gazeteci M\u00fcge Anl\u0131\u2019n\u0131n evlili\u011fi g\u00fcndeme bomba gibi d\u00fc\u015fm\u00fc\u015ft\u00fc. Uzun y\u0131llard\u0131r ekrana gelen g\u00fcnd\u00fcz ku\u015fa\u011f\u0131 program\u0131nda evlenece\u011fini duyuran M\u00fcge Anl\u0131, ald\u0131\u011f\u0131 s\u00fcrpriz evlilik karar\u0131yla herkesi \u015fa\u015f\u0131rtm\u0131\u015ft\u0131. \u015einasi Y\u00fczba\u015f\u0131o\u011flu ile ge\u00e7ti\u011fimiz aylarda nikah masas\u0131na oturan ba\u015far\u0131l\u0131 sunucunun d\u00fc\u011f\u00fcn foto\u011fraflar\u0131 ise hala g\u00fcndemde D\u00fc\u011f\u00fcn\u00fcnden tek bir kare bile payla\u015f\u0131lmas\u0131n\u0131 istemeyen M\u00fcge Anl\u0131 ve \u015einasi Y\u00fczba\u015f\u0131o\u011flu\u2019nun d\u00fc\u011f\u00fcn foto\u011fraflar\u0131 olduk\u00e7a merak ediliyor. Foto\u011fraflar\u0131n payla\u015f\u0131lmamas\u0131yla ilgili \u015einasi Y\u00fczba\u015f\u0131o\u011flu\u2019ndan bir a\u00e7\u0131klama gelmi\u015f ve foto\u011fraf payla\u015fmak istememelerinin sebebi bu payla\u015f\u0131mla anla\u015f\u0131lm\u0131\u015ft\u0131. Ancak sosyal medya kullan\u0131c\u0131lar\u0131 evlilik haberinden sonra rahat durmad\u0131 ve ikili ile ilgili d\u00fczenledikleri photoshoplarla M\u00fcge Anl\u0131\u2019ya gelinlik, \u015einasi Y\u00fczba\u015f\u0131o\u011flu\u2019na ise damatl\u0131k giydirdi. Sosyal medya kullan\u0131c\u0131lar\u0131 taraf\u0131ndan d\u00fczenlenen bu foto\u011fraflara be\u011feni ve yorum ya\u011fd\u0131. S\u00f6z konusu foto\u011fraflar g\u00fcndemde kalmaya devam ediyor.<\/p>\n<p><strong>\u015e\u0130NAS\u0130 Y\u00dcZBA\u015eIO\u011eLU A\u00c7IKLAMA YAPMI\u015eTI<\/strong><\/p>\n<p>M\u00fcge Anl\u0131 ve \u015einasi Y\u00fczba\u015f\u0131o\u011flu\u2019nun nikah t\u00f6renlerinden foto\u011fraf payla\u015fmamas\u0131n\u0131n sebebi k\u0131sa s\u00fcrede ortaya \u00e7\u0131km\u0131\u015ft\u0131. Konuyla ilgili sosyal medya hesab\u0131 \u00fczerinden a\u00e7\u0131klama yapan \u015einasi Y\u00fczba\u015f\u0131o\u011flu, \u2018De\u011ferli dostlar biliyorum nikah t\u00f6renimizle ilgili foto\u011fraflar\u0131 \u00e7ok merak ediyorsunuz ve bununla alakal\u0131 \u00e7ok mesaj al\u0131yorum. \u00d6ncelikle s\u00f6ylemek istiyorum ki bu s\u00fcreci gizli tutmam\u0131z\u0131n sebebi sosyal medyada bir\u00e7ok ad\u0131ma a\u00e7\u0131lm\u0131\u015f sahte hesap olmas\u0131 ve insanlar\u0131n yanl\u0131\u015f bilgilendirilmesidir. Bu farkl\u0131 alg\u0131 kalkana kadar ve ad\u0131ma a\u00e7\u0131lm\u0131\u015f sahte hesaplar kapat\u0131ld\u0131ktan sonra bu g\u00f6r\u00fcnt\u00fcler sizlerle payla\u015f\u0131lacakt\u0131r.\u2019 ifadelerine yer vermi\u015fti. \u0130\u015fte \u015einasi Y\u00fczba\u015f\u0131o\u011flu&#8217;nun o payla\u015f\u0131m\u0131;<\/p>\n<p><img loading=\"lazy\" decoding=\"async\" class=\"aligncenter wp-image-29749 size-full\" src=\"https:\/\/adanaseshaber.com.tr\/wp-content\/uploads\/2022\/07\/muge-anlinin-dugun-fotograflari-gundemden-dusmuyor-1.jpg\" alt=\"\" width=\"1280\" height=\"720\" srcset=\"https:\/\/adanaseshaber.com.tr\/wp-content\/uploads\/2022\/07\/muge-anlinin-dugun-fotograflari-gundemden-dusmuyor-1.jpg 1280w, https:\/\/adanaseshaber.com.tr\/wp-content\/uploads\/2022\/07\/muge-anlinin-dugun-fotograflari-gundemden-dusmuyor-1-300x169.jpg 300w, https:\/\/adanaseshaber.com.tr\/wp-content\/uploads\/2022\/07\/muge-anlinin-dugun-fotograflari-gundemden-dusmuyor-1-1024x576.jpg 1024w, https:\/\/adanaseshaber.com.tr\/wp-content\/uploads\/2022\/07\/muge-anlinin-dugun-fotograflari-gundemden-dusmuyor-1-768x432.jpg 768w, https:\/\/adanaseshaber.com.tr\/wp-content\/uploads\/2022\/07\/muge-anlinin-dugun-fotograflari-gundemden-dusmuyor-1-390x220.jpg 390w\" sizes=\"auto, (max-width: 1280px) 100vw, 1280px\" \/><\/p>\n<p><strong>SHOPLA GEL\u0130NL\u0130K VE DAMATLIK G\u0130YD\u0130RD\u0130LER<\/strong><\/p>\n<p>\u0130\u015fte M\u00fcge Anl\u0131 hayranlar\u0131n\u0131n M\u00fcge Anl\u0131 ve \u015einasi Y\u00fczba\u015f\u0131o\u011flu&#8217;na yapt\u0131\u011f\u0131 photoshop;<\/p>\n<p><img loading=\"lazy\" decoding=\"async\" class=\"aligncenter wp-image-29745 size-full\" src=\"https:\/\/adanaseshaber.com.tr\/wp-content\/uploads\/2022\/07\/muge-anlinin-dugun-fotograflari-gundemden-dusmuyor.jpg\" alt=\"\" width=\"1280\" height=\"720\" srcset=\"https:\/\/adanaseshaber.com.tr\/wp-content\/uploads\/2022\/07\/muge-anlinin-dugun-fotograflari-gundemden-dusmuyor.jpg 1280w, https:\/\/adanaseshaber.com.tr\/wp-content\/uploads\/2022\/07\/muge-anlinin-dugun-fotograflari-gundemden-dusmuyor-300x169.jpg 300w, https:\/\/adanaseshaber.com.tr\/wp-content\/uploads\/2022\/07\/muge-anlinin-dugun-fotograflari-gundemden-dusmuyor-1024x576.jpg 1024w, https:\/\/adanaseshaber.com.tr\/wp-content\/uploads\/2022\/07\/muge-anlinin-dugun-fotograflari-gundemden-dusmuyor-768x432.jpg 768w, https:\/\/adanaseshaber.com.tr\/wp-content\/uploads\/2022\/07\/muge-anlinin-dugun-fotograflari-gundemden-dusmuyor-390x220.jpg 390w\" sizes=\"auto, (max-width: 1280px) 100vw, 1280px\" \/><\/p>\n<p><strong>M\u00dcGE ANLI\u2019DAN SOYADI HAMLES\u0130<\/strong><\/p>\n<p>\u00c7iftin nikah t\u00f6renlerine ait tek bir kare bile payla\u015f\u0131lmazken t\u00f6rene ait foto\u011fraflar merakla bekleniyor. \u00d6te yandan \u015einasi Y\u00fczba\u015fo\u011flu ile nikah masas\u0131na oturan M\u00fcge Anl\u0131, sosyal medya hesab\u0131 \u00fczerindeki soyad\u0131 hamlesiyle de \u00e7ok konu\u015fuldu. Anl\u0131, \u015fahsi Instagram hesab\u0131 \u00fczerinde soyad\u0131n\u0131 \u2018M\u00fcge Anl\u0131 Y\u00fczba\u015f\u0131o\u011flu\u2019 olarak d\u00fczenledi.<\/p>\n","protected":false},"excerpt":{"rendered":"<p>Ekranlar\u0131n sevilen sunucu ara\u015ft\u0131rmac\u0131 gazeteci M\u00fcge Anl\u0131\u2019n\u0131n evlili\u011fi g\u00fcndeme bomba gibi d\u00fc\u015fm\u00fc\u015ft\u00fc. Uzun y\u0131llard\u0131r ekrana gelen g\u00fcnd\u00fcz ku\u015fa\u011f\u0131 program\u0131nda evlenece\u011fini duyuran M\u00fcge Anl\u0131, ald\u0131\u011f\u0131 s\u00fcrpriz evlilik karar\u0131yla herkesi \u015fa\u015f\u0131rtm\u0131\u015ft\u0131. \u015einasi Y\u00fczba\u015f\u0131o\u011flu ile ge\u00e7ti\u011fimiz aylarda nikah masas\u0131na oturan ba\u015far\u0131l\u0131 sunucunun d\u00fc\u011f\u00fcn foto\u011fraflar\u0131 ise hala g\u00fcndemde D\u00fc\u011f\u00fcn\u00fcnden tek bir kare bile payla\u015f\u0131lmas\u0131n\u0131 istemeyen M\u00fcge Anl\u0131 ve \u015einasi &hellip;<\/p>\n","protected":false},"author":6,"featured_media":29743,"comment_status":"closed","ping_status":"closed","sticky":false,"template":"","format":"standard","meta":{"footnotes":""},"categories":[15431],"tags":[],"class_list":["post-29736","post","type-post","status-publish","format-standard","has-post-thumbnail","hentry","category-medya"],"amp_enabled":true,"_links":{"self":[{"href":"https:\/\/adanaseshaber.com.tr\/index.php?rest_route=\/wp\/v2\/posts\/29736","targetHints":{"allow":["GET"]}}],"collection":[{"href":"https:\/\/adanaseshaber.com.tr\/index.php?rest_route=\/wp\/v2\/posts"}],"about":[{"href":"https:\/\/adanaseshaber.com.tr\/index.php?rest_route=\/wp\/v2\/types\/post"}],"author":[{"embeddable":true,"href":"https:\/\/adanaseshaber.com.tr\/index.php?rest_route=\/wp\/v2\/users\/6"}],"replies":[{"embeddable":true,"href":"https:\/\/adanaseshaber.com.tr\/index.php?rest_route=%2Fwp%2Fv2%2Fcomments&post=29736"}],"version-history":[{"count":5,"href":"https:\/\/adanaseshaber.com.tr\/index.php?rest_route=\/wp\/v2\/posts\/29736\/revisions"}],"predecessor-version":[{"id":29755,"href":"https:\/\/adanaseshaber.com.tr\/index.php?rest_route=\/wp\/v2\/posts\/29736\/revisions\/29755"}],"wp:featuredmedia":[{"embeddable":true,"href":"https:\/\/adanaseshaber.com.tr\/index.php?rest_route=\/wp\/v2\/media\/29743"}],"wp:attachment":[{"href":"https:\/\/adanaseshaber.com.tr\/index.php?rest_route=%2Fwp%2Fv2%2Fmedia&parent=29736"}],"wp:term":[{"taxonomy":"category","embeddable":true,"href":"https:\/\/adanaseshaber.com.tr\/index.php?rest_route=%2Fwp%2Fv2%2Fcategories&post=29736"},{"taxonomy":"post_tag","embeddable":true,"href":"https:\/\/adanaseshaber.com.tr\/index.php?rest_route=%2Fwp%2Fv2%2Ftags&post=29736"}],"curies":[{"name":"wp","href":"https:\/\/api.w.org\/{rel}","templated":true}]}}