{"id":29763,"date":"2022-07-28T00:54:07","date_gmt":"2022-07-27T21:54:07","guid":{"rendered":"https:\/\/www.adanaseshaber.com\/?p=29763"},"modified":"2022-07-28T00:55:31","modified_gmt":"2022-07-27T21:55:31","slug":"selin-cigerci-ile-gokhan-cira-bosaniyor","status":"publish","type":"post","link":"https:\/\/adanaseshaber.com.tr\/?p=29763","title":{"rendered":"Selin Ci\u011ferci ile G\u00f6khan \u00c7\u0131ra bo\u015fan\u0131yor"},"content":{"rendered":"<p>Evliliklerine ikinci \u015fans\u0131 veren ve ge\u00e7ti\u011fimiz May\u0131s ay\u0131nda ikinci defa nikah masas\u0131na oturan Selin Ci\u011ferci ve G\u00f6khan \u00c7\u0131ra \u00e7iftinin tekrar bo\u015fanma karar\u0131 ald\u0131\u011f\u0131 \u00f6\u011frenildi. Sosyal medyay\u0131 aktif olarak kullanan \u00e7iftten Selin Ci\u011ferci, bo\u015fanma haberini Instagram hesab\u0131ndan yapt\u0131\u011f\u0131 payla\u015f\u0131mla duyurdu. \u0130kinci kez evlenen Ci\u011ferci ve \u00c7\u0131ra\u2019n\u0131n bo\u015fanma karar\u0131 g\u00fcndeme bomba gibi d\u00fc\u015ft\u00fc. G\u00f6khan \u00c7\u0131ra ile ikinci kez bo\u015fanma karar\u0131 alan Selin Ci\u011ferci, sosyal medya hesab\u0131 \u00fczerinden bo\u015fanma karar\u0131n\u0131 duyurdu ve bo\u015fanma i\u015flemlerinin ba\u015flayaca\u011f\u0131 tarihi de a\u00e7\u0131klad\u0131. Daha \u00f6nce bo\u015fanma s\u00fcreciyle g\u00fcndeme gelen ve ayr\u0131l\u0131\u011f\u0131n ard\u0131ndan tekrar evlenme karar\u0131 alan \u00fcnl\u00fc \u00e7iftten gelen ikinci bo\u015fanma haberi sosyal medyan\u0131n g\u00fcndemine oturdu ve konuyla ilgili binlerce yorum geldi. \u0130\u015fte detaylar\u2026<\/p>\n<p><strong>BO\u015eANIYORLAR<\/strong><\/p>\n<p>\u00dcnl\u00fc fenomen Selin Ci\u011ferci ile eski futbolcu G\u00f6khan \u00c7\u0131ra, noktalad\u0131klar\u0131 evliliklerine bir \u015fans daha vermi\u015f ve ge\u00e7ti\u011fimiz May\u0131s ay\u0131nda ikinci kez nikah masas\u0131na oturmu\u015flard\u0131. Bir darg\u0131n bir bar\u0131\u015f\u0131k giden evlilikleri ile g\u00fcndemden d\u00fc\u015fmeyen Ci\u011ferci ve \u00c7\u0131ra \u00e7iftinden ikinci kez bo\u015fanma karar\u0131 geldi. Bo\u015fanma haberini Instagram hesab\u0131ndan yapt\u0131\u011f\u0131 payla\u015f\u0131mla duyuran Selin Ci\u011ferci, bo\u015fanma i\u015flemlerinin ba\u015flayaca\u011f\u0131 tarihi de duyurdu.<\/p>\n<p><strong>\u2018DENED\u0130K OLMADI\u2019<\/strong><\/p>\n<p>Aktif kulland\u0131\u011f\u0131 Instagram hesab\u0131 \u00fczerinden G\u00f6khan \u00c7\u0131ra ile ikinci kez bo\u015fanma karar\u0131 ald\u0131klar\u0131n\u0131 duyuran \u00fcnl\u00fc fenomen Selin Ci\u011ferci, \u2018Evlilik, e\u015f olmak, aile kurmak, hepsi en sevdi\u011fim de\u011ferler. \u0130ki kez denedik, olmad\u0131. L\u00fctfen iki taraf\u0131nda duygusal ruh haline yak\u0131\u015fan bir sayg\u0131yla bilelim ve ge\u00e7elim. Adli tatil bitecek, resmi i\u015flemler Eyl\u00fcl\u2019de son bulacak. Hayat devam ediyor, edecek.\u2019 ifadelerini kulland\u0131.<\/p>\n<p><img loading=\"lazy\" decoding=\"async\" class=\"aligncenter wp-image-29767 size-full\" src=\"https:\/\/adanaseshaber.com.tr\/wp-content\/uploads\/2022\/07\/selin-cigerci-ile-gokhan-cira-bosaniyor-1.jpg\" alt=\"\" width=\"1280\" height=\"720\" srcset=\"https:\/\/adanaseshaber.com.tr\/wp-content\/uploads\/2022\/07\/selin-cigerci-ile-gokhan-cira-bosaniyor-1.jpg 1280w, https:\/\/adanaseshaber.com.tr\/wp-content\/uploads\/2022\/07\/selin-cigerci-ile-gokhan-cira-bosaniyor-1-300x169.jpg 300w, https:\/\/adanaseshaber.com.tr\/wp-content\/uploads\/2022\/07\/selin-cigerci-ile-gokhan-cira-bosaniyor-1-1024x576.jpg 1024w, https:\/\/adanaseshaber.com.tr\/wp-content\/uploads\/2022\/07\/selin-cigerci-ile-gokhan-cira-bosaniyor-1-768x432.jpg 768w, https:\/\/adanaseshaber.com.tr\/wp-content\/uploads\/2022\/07\/selin-cigerci-ile-gokhan-cira-bosaniyor-1-390x220.jpg 390w\" sizes=\"auto, (max-width: 1280px) 100vw, 1280px\" \/><\/p>\n<p><strong>G\u00d6KHAN \u00c7IRA\u2019DAN A\u00c7IKLAMA<\/strong><\/p>\n<p>Bo\u015fanma karar\u0131 ile ilgili bir a\u00e7\u0131klama da eski futbolcu G\u00f6khan \u00c7\u0131ra\u2019dan geldi. Sosyal medya hesab\u0131ndan bo\u015fanma karar\u0131yla ilgili payla\u015f\u0131m yapan \u00c7\u0131ra, \u2018Biz b\u00fcy\u00fck umutlarla ikinci kez denedik ama evlilik i\u015fini yine beceremedik. Birbirimizi k\u0131rmak, \u00fczmek bizim en b\u00fcy\u00fck korkumuz. O y\u00fczden gerekti\u011finde birbirimizi k\u0131rmaktansa birbirimizden vazge\u00e7meyi hep bildik. Selin Ci\u011ferci ile bug\u00fcn itibar\u0131yla bo\u015fanma karar\u0131 alm\u0131\u015f bulunmaktay\u0131z. \u0130n\u015fallah ikimiz i\u00e7in de her \u015feyin en hay\u0131rl\u0131s\u0131 olsun. Biz hayat\u0131m\u0131z boyunca her zaman birbirimizin destek\u00e7isi ve arkada\u015f\u0131 olaca\u011f\u0131z. Bu hassas ve zor karar\u0131m\u0131za sizlerin de hassasiyetle yakla\u015fmas\u0131n\u0131 bekliyoruz.\u2019 dedi.<\/p>\n<p>&nbsp;<\/p>\n","protected":false},"excerpt":{"rendered":"<p>Evliliklerine ikinci \u015fans\u0131 veren ve ge\u00e7ti\u011fimiz May\u0131s ay\u0131nda ikinci defa nikah masas\u0131na oturan Selin Ci\u011ferci ve G\u00f6khan \u00c7\u0131ra \u00e7iftinin tekrar bo\u015fanma karar\u0131 ald\u0131\u011f\u0131 \u00f6\u011frenildi. Sosyal medyay\u0131 aktif olarak kullanan \u00e7iftten Selin Ci\u011ferci, bo\u015fanma haberini Instagram hesab\u0131ndan yapt\u0131\u011f\u0131 payla\u015f\u0131mla duyurdu. \u0130kinci kez evlenen Ci\u011ferci ve \u00c7\u0131ra\u2019n\u0131n bo\u015fanma karar\u0131 g\u00fcndeme bomba gibi d\u00fc\u015ft\u00fc. G\u00f6khan \u00c7\u0131ra ile ikinci &hellip;<\/p>\n","protected":false},"author":6,"featured_media":29764,"comment_status":"closed","ping_status":"closed","sticky":false,"template":"","format":"standard","meta":{"footnotes":""},"categories":[15431],"tags":[],"class_list":["post-29763","post","type-post","status-publish","format-standard","has-post-thumbnail","hentry","category-medya"],"amp_enabled":true,"_links":{"self":[{"href":"https:\/\/adanaseshaber.com.tr\/index.php?rest_route=\/wp\/v2\/posts\/29763","targetHints":{"allow":["GET"]}}],"collection":[{"href":"https:\/\/adanaseshaber.com.tr\/index.php?rest_route=\/wp\/v2\/posts"}],"about":[{"href":"https:\/\/adanaseshaber.com.tr\/index.php?rest_route=\/wp\/v2\/types\/post"}],"author":[{"embeddable":true,"href":"https:\/\/adanaseshaber.com.tr\/index.php?rest_route=\/wp\/v2\/users\/6"}],"replies":[{"embeddable":true,"href":"https:\/\/adanaseshaber.com.tr\/index.php?rest_route=%2Fwp%2Fv2%2Fcomments&post=29763"}],"version-history":[{"count":3,"href":"https:\/\/adanaseshaber.com.tr\/index.php?rest_route=\/wp\/v2\/posts\/29763\/revisions"}],"predecessor-version":[{"id":29769,"href":"https:\/\/adanaseshaber.com.tr\/index.php?rest_route=\/wp\/v2\/posts\/29763\/revisions\/29769"}],"wp:featuredmedia":[{"embeddable":true,"href":"https:\/\/adanaseshaber.com.tr\/index.php?rest_route=\/wp\/v2\/media\/29764"}],"wp:attachment":[{"href":"https:\/\/adanaseshaber.com.tr\/index.php?rest_route=%2Fwp%2Fv2%2Fmedia&parent=29763"}],"wp:term":[{"taxonomy":"category","embeddable":true,"href":"https:\/\/adanaseshaber.com.tr\/index.php?rest_route=%2Fwp%2Fv2%2Fcategories&post=29763"},{"taxonomy":"post_tag","embeddable":true,"href":"https:\/\/adanaseshaber.com.tr\/index.php?rest_route=%2Fwp%2Fv2%2Ftags&post=29763"}],"curies":[{"name":"wp","href":"https:\/\/api.w.org\/{rel}","templated":true}]}}