{"id":29822,"date":"2022-07-28T11:36:32","date_gmt":"2022-07-28T08:36:32","guid":{"rendered":"https:\/\/www.adanaseshaber.com\/?p=29822"},"modified":"2022-07-28T11:48:13","modified_gmt":"2022-07-28T08:48:13","slug":"merkez-bankasi-yil-sonu-enflasyon-tahminini-yukseltti","status":"publish","type":"post","link":"https:\/\/adanaseshaber.com.tr\/?p=29822","title":{"rendered":"Merkez Bankas\u0131 y\u0131l sonu enflasyon tahminini y\u00fckseltti"},"content":{"rendered":"<p>Merkez Bankas\u0131 y\u0131l sonu enflasyon tahminini yeniledi. Merkez Bankas\u0131\u2019n\u0131n bilgilendirme toplant\u0131s\u0131nda a\u00e7\u0131klamalarda bulunan T\u00fcrkiye Cumhuriyeti Merkez Bankas\u0131 Ba\u015fkan\u0131 \u015eahap Kavc\u0131o\u011flu, y\u0131l sonu enflasyon tahmininin y\u00fckseldi\u011fini aktard\u0131. Kavc\u0131o\u011flu, enflasyon tahmininin y\u00fczde 42,8\u2019den y\u00fczde 60,4\u2019e y\u00fckseldi\u011fini belirtti. K\u00fcresel enflasyondaki g\u00fc\u00e7l\u00fc seyrin devam etti\u011fini vurgulayan Kavc\u0131o\u011flu, geli\u015fmi\u015f ve geli\u015fmekte olan enflasyon tahminlerinin son 25 y\u0131l\u0131n en \u00fcst seviyelerine ula\u015ft\u0131\u011f\u0131n\u0131 ifade etti. Kavc\u0131o\u011flu\u2019nun a\u00e7\u0131klamas\u0131yla y\u0131l sonu enflasyon tahmini y\u00fczde 60,4 olarak duyuruldu. \u0130\u015fte detaylar\u2026<\/p>\n<p><b>YIL SONU ENFLASYON TAHM\u0130N\u0130 A\u00c7IKLANDI<\/b><\/p>\n<p>Merkez Bankas\u0131&#8217;nda d\u00fczenlenen Enflasyon Raporu 2022-III. Bilgilendirme Toplant\u0131s\u0131&#8217;nda a\u00e7\u0131klamalarda bulunan Merkez Bankas\u0131 Ba\u015fkan\u0131 \u015eahap Kavc\u0131o\u011flu, 2022 y\u0131l\u0131 sonu i\u00e7in enflasyon tahmininin y\u00fczde 42,8&#8217;den y\u00fczde 60,4&#8217;e y\u00fckseldi\u011fini bildirdi. 2023 y\u0131l\u0131 sonu i\u00e7in enflasyon tahminini de a\u00e7\u0131klayan Kavc\u0131o\u011flu, 2023 sonu i\u00e7in enflasyon tahmininin y\u00fczde 12,9&#8217;dan y\u00fczde 19,2&#8217;ye \u00e7\u0131kar\u0131ld\u0131\u011f\u0131n\u0131 belirtti. 2024 y\u0131l sonu i\u00e7in de y\u00fczde 8,8 olarak bilgilendirme yap\u0131ld\u0131.<\/p>\n<p><strong>HAM PETROL TAHM\u0130N\u0130<\/strong><\/p>\n<p>A\u00e7\u0131klamalar\u0131na devam eden Kavc\u0131o\u011flu, TL cinsi t\u00fcm faizlerin politika faizine yakla\u015fmas\u0131 ve parasal aktar\u0131m mekanizmas\u0131 i\u00e7in gereken t\u00fcm ad\u0131mlar\u0131n at\u0131lmaya devam edece\u011fini s\u00f6yledi. 2022 y\u0131l\u0131 i\u00e7in ham petrol tahmininin 73,7 dolar olarak a\u00e7\u0131klayan Kavc\u0131o\u011flu, g\u0131da enflasyonu varsay\u0131m\u0131n\u0131n ise bu y\u0131l i\u00e7in 71,3 olarak belirlendi\u011fini bildirdi.<\/p>\n<p><img loading=\"lazy\" decoding=\"async\" class=\"aligncenter wp-image-29831 size-full\" src=\"https:\/\/adanaseshaber.com.tr\/wp-content\/uploads\/2022\/07\/merkez-bankasi-yil-sonu-enflasyon-tahminini-yukseltti-1.jpg\" alt=\"\" width=\"1280\" height=\"720\" srcset=\"https:\/\/adanaseshaber.com.tr\/wp-content\/uploads\/2022\/07\/merkez-bankasi-yil-sonu-enflasyon-tahminini-yukseltti-1.jpg 1280w, https:\/\/adanaseshaber.com.tr\/wp-content\/uploads\/2022\/07\/merkez-bankasi-yil-sonu-enflasyon-tahminini-yukseltti-1-300x169.jpg 300w, https:\/\/adanaseshaber.com.tr\/wp-content\/uploads\/2022\/07\/merkez-bankasi-yil-sonu-enflasyon-tahminini-yukseltti-1-1024x576.jpg 1024w, https:\/\/adanaseshaber.com.tr\/wp-content\/uploads\/2022\/07\/merkez-bankasi-yil-sonu-enflasyon-tahminini-yukseltti-1-768x432.jpg 768w, https:\/\/adanaseshaber.com.tr\/wp-content\/uploads\/2022\/07\/merkez-bankasi-yil-sonu-enflasyon-tahminini-yukseltti-1-390x220.jpg 390w\" sizes=\"auto, (max-width: 1280px) 100vw, 1280px\" \/><\/p>\n<p><strong>ENFLASYON Y\u00dcZDE 90&#8217;A YAKLA\u015eAB\u0130L\u0130R<\/strong><\/p>\n<p>\u00d6te yandan Merkez Bankas\u0131&#8217;n\u0131n enflasyon tahminlerini g\u00f6steren grafik kapsam\u0131nda enflasyonun 2022 y\u0131l\u0131nda y\u00fczde 90&#8217;a kadar yakla\u015fabilece\u011fi g\u00f6r\u00fcl\u00fcyor.<\/p>\n<p><strong>&#8216;ENFLASYONDA KALICI D\u00dc\u015e\u00dc\u015e AMA\u00c7LIYORUZ&#8217;<\/strong><\/p>\n<p>T\u00dcFE&#8217;nin Nisan&#8217;da \u00f6ng\u00f6r\u00fclen patikan\u0131n \u00fczerinde kald\u0131\u011f\u0131n\u0131 aktaran Kavc\u0131o\u011flu, \u00e7ekirdek g\u00f6stergelerin daha olumlu g\u00f6r\u00fcn\u00fcm sergiledi\u011fini belirtti. G\u0131da ve enerji d\u0131\u015f\u0131 alanlardaki enflasyonun temel belirleyicilerinin d\u0131\u015fsal fakt\u00f6rler ve d\u00f6viz kuru oldu\u011funun alt\u0131n\u0131 \u00e7izen Kavc\u0131o\u011flu, &#8216;Almakta oldu\u011fumuz kararlarla en k\u0131sa s\u00fcrede enflasyonda kal\u0131c\u0131 d\u00fc\u015f\u00fc\u015f ama\u00e7lamaktay\u0131z.&#8217; dedi.<\/p>\n","protected":false},"excerpt":{"rendered":"<p>Merkez Bankas\u0131 y\u0131l sonu enflasyon tahminini yeniledi. Merkez Bankas\u0131\u2019n\u0131n bilgilendirme toplant\u0131s\u0131nda a\u00e7\u0131klamalarda bulunan T\u00fcrkiye Cumhuriyeti Merkez Bankas\u0131 Ba\u015fkan\u0131 \u015eahap Kavc\u0131o\u011flu, y\u0131l sonu enflasyon tahmininin y\u00fckseldi\u011fini aktard\u0131. Kavc\u0131o\u011flu, enflasyon tahmininin y\u00fczde 42,8\u2019den y\u00fczde 60,4\u2019e y\u00fckseldi\u011fini belirtti. K\u00fcresel enflasyondaki g\u00fc\u00e7l\u00fc seyrin devam etti\u011fini vurgulayan Kavc\u0131o\u011flu, geli\u015fmi\u015f ve geli\u015fmekte olan enflasyon tahminlerinin son 25 y\u0131l\u0131n en \u00fcst seviyelerine &hellip;<\/p>\n","protected":false},"author":6,"featured_media":29823,"comment_status":"closed","ping_status":"closed","sticky":false,"template":"","format":"standard","meta":{"footnotes":""},"categories":[1],"tags":[],"class_list":["post-29822","post","type-post","status-publish","format-standard","has-post-thumbnail","hentry","category-genel"],"amp_enabled":true,"_links":{"self":[{"href":"https:\/\/adanaseshaber.com.tr\/index.php?rest_route=\/wp\/v2\/posts\/29822","targetHints":{"allow":["GET"]}}],"collection":[{"href":"https:\/\/adanaseshaber.com.tr\/index.php?rest_route=\/wp\/v2\/posts"}],"about":[{"href":"https:\/\/adanaseshaber.com.tr\/index.php?rest_route=\/wp\/v2\/types\/post"}],"author":[{"embeddable":true,"href":"https:\/\/adanaseshaber.com.tr\/index.php?rest_route=\/wp\/v2\/users\/6"}],"replies":[{"embeddable":true,"href":"https:\/\/adanaseshaber.com.tr\/index.php?rest_route=%2Fwp%2Fv2%2Fcomments&post=29822"}],"version-history":[{"count":7,"href":"https:\/\/adanaseshaber.com.tr\/index.php?rest_route=\/wp\/v2\/posts\/29822\/revisions"}],"predecessor-version":[{"id":29832,"href":"https:\/\/adanaseshaber.com.tr\/index.php?rest_route=\/wp\/v2\/posts\/29822\/revisions\/29832"}],"wp:featuredmedia":[{"embeddable":true,"href":"https:\/\/adanaseshaber.com.tr\/index.php?rest_route=\/wp\/v2\/media\/29823"}],"wp:attachment":[{"href":"https:\/\/adanaseshaber.com.tr\/index.php?rest_route=%2Fwp%2Fv2%2Fmedia&parent=29822"}],"wp:term":[{"taxonomy":"category","embeddable":true,"href":"https:\/\/adanaseshaber.com.tr\/index.php?rest_route=%2Fwp%2Fv2%2Fcategories&post=29822"},{"taxonomy":"post_tag","embeddable":true,"href":"https:\/\/adanaseshaber.com.tr\/index.php?rest_route=%2Fwp%2Fv2%2Ftags&post=29822"}],"curies":[{"name":"wp","href":"https:\/\/api.w.org\/{rel}","templated":true}]}}