{"id":29835,"date":"2022-07-28T12:04:26","date_gmt":"2022-07-28T09:04:26","guid":{"rendered":"https:\/\/www.adanaseshaber.com\/?p=29835"},"modified":"2022-07-28T12:05:30","modified_gmt":"2022-07-28T09:05:30","slug":"mardin-nusaybinde-sokaga-cikma-yasagi-ilan-edildi","status":"publish","type":"post","link":"https:\/\/adanaseshaber.com.tr\/?p=29835","title":{"rendered":"Mardin Nusaybin\u2019de soka\u011fa \u00e7\u0131kma yasa\u011f\u0131 ilan edildi"},"content":{"rendered":"<p>T\u00fcrk Silahl\u0131 Kuvvetleri\u2019nin ter\u00f6r \u00f6rg\u00fct\u00fc PKK\u2019yla m\u00fccadelesi h\u0131z kesmeden devam ediyor. Ter\u00f6r operasyonlar\u0131 bir an bile aksamadan devam ederken Mardin Nusaybin\u2019den soka\u011fa \u00e7\u0131kma yasa\u011f\u0131 haberi geldi. Mardin Valili\u011fi\u2019nden yap\u0131lan a\u00e7\u0131klamayla ter\u00f6r \u00f6rg\u00fct\u00fcne y\u00f6nelik ba\u015flat\u0131lan operasyon kapsam\u0131nda Nusaybin il\u00e7esine ba\u011fl\u0131 olan baz\u0131 mahalle ve mezralarda soka\u011fa \u00e7\u0131kma yasa\u011f\u0131 ilan edildi\u011fi duyuruldu. Ter\u00f6rle m\u00fccadele h\u0131z kesmeden devam ediyor. S\u0131n\u0131r \u00f6tesi operasyonlar\u0131na t\u00fcm h\u0131z\u0131yla devam eden TSK, yurt i\u00e7inde de b\u00f6l\u00fcc\u00fc ter\u00f6r \u00f6rg\u00fct\u00fcne kar\u015f\u0131 m\u00fccadelesini s\u00fcrd\u00fcr\u00fcyor. TSK\u2019n\u0131n b\u00f6l\u00fcc\u00fc ter\u00f6r \u00f6rg\u00fct\u00fcne kar\u015f\u0131 operasyonlar\u0131 devam ederken Mardin Nusaybin\u2019de soka\u011fa \u00e7\u0131kma yasa\u011f\u0131 ilan edildi\u011fi bilgisi payla\u015f\u0131ld\u0131. Soka\u011fa \u00e7\u0131kma yasa\u011f\u0131 duyurusu Mardin Valili\u011fi\u2019nden geldi. \u0130\u015fte detaylar\u2026<\/p>\n<p><strong>NUSAYB\u0130N\u2019DE TER\u00d6R OPERASYONU<\/strong><\/p>\n<p>Mardin Valili\u011fi, Nusaybin\u2019de soka\u011fa \u00e7\u0131kma yasa\u011f\u0131 ilan edildi\u011fini yapt\u0131\u011f\u0131 yaz\u0131l\u0131 a\u00e7\u0131klamayla duyurdu. TSK\u2019n\u0131n ter\u00f6r \u00f6rg\u00fct\u00fcne kar\u015f\u0131 ba\u015flatt\u0131\u011f\u0131 operasyon kapsam\u0131nda Nusaybin il\u00e7esi m\u00fclki s\u0131n\u0131rlar\u0131 i\u00e7erisinde bulunan mahalle ve k\u0131rsal b\u00f6lgelerde soka\u011fa \u00e7\u0131kma yasa\u011f\u0131 ilan edildi\u011fi a\u00e7\u0131kland\u0131. Valilik taraf\u0131ndan yap\u0131lan yaz\u0131l\u0131 a\u00e7\u0131klamada, Nusaybin il\u00e7esindeki mahalle ve k\u0131rsal b\u00f6lgelerde \u00f6rg\u00fct\u00fcn s\u00f6zde \u00fcst d\u00fczey y\u00f6neticilerinin de bulundu\u011fu de\u011ferlendirildi\u011fi, bu kapsamda b\u00f6l\u00fcc\u00fc ter\u00f6r \u00f6rg\u00fct\u00fc mensuplar\u0131n\u0131 ve i\u015fbirlik\u00e7ilerini etkisiz hale getirmek, b\u00f6l\u00fcc\u00fc ter\u00f6r \u00f6rg\u00fct\u00fc mensuplar\u0131 taraf\u0131ndan kullan\u0131ld\u0131\u011f\u0131 de\u011ferlendirilen s\u0131\u011f\u0131nak, depo alanlar\u0131, bar\u0131nak ve u\u00e7aksavar mevzilerini tahrip etmek ve malzemeleri ele ge\u00e7irmek maksad\u0131yla operasyon d\u00fczenlenece\u011fi bilgisi payla\u015f\u0131ld\u0131.<\/p>\n<p><img loading=\"lazy\" decoding=\"async\" class=\"aligncenter wp-image-29838 size-full\" src=\"https:\/\/adanaseshaber.com.tr\/wp-content\/uploads\/2022\/07\/mardin-nusaybinde-sokaga-cikma-yasagi-ilan-edildi-1.jpg\" alt=\"\" width=\"1280\" height=\"720\" srcset=\"https:\/\/adanaseshaber.com.tr\/wp-content\/uploads\/2022\/07\/mardin-nusaybinde-sokaga-cikma-yasagi-ilan-edildi-1.jpg 1280w, https:\/\/adanaseshaber.com.tr\/wp-content\/uploads\/2022\/07\/mardin-nusaybinde-sokaga-cikma-yasagi-ilan-edildi-1-300x169.jpg 300w, https:\/\/adanaseshaber.com.tr\/wp-content\/uploads\/2022\/07\/mardin-nusaybinde-sokaga-cikma-yasagi-ilan-edildi-1-1024x576.jpg 1024w, https:\/\/adanaseshaber.com.tr\/wp-content\/uploads\/2022\/07\/mardin-nusaybinde-sokaga-cikma-yasagi-ilan-edildi-1-768x432.jpg 768w, https:\/\/adanaseshaber.com.tr\/wp-content\/uploads\/2022\/07\/mardin-nusaybinde-sokaga-cikma-yasagi-ilan-edildi-1-390x220.jpg 390w\" sizes=\"auto, (max-width: 1280px) 100vw, 1280px\" \/><\/p>\n<p><strong>SOKA\u011eA \u00c7IKMA YASA\u011eI \u0130LAN ED\u0130LD\u0130<\/strong><\/p>\n<p>Valilik a\u00e7\u0131klamas\u0131nda, \u2018Operasyon icra edilen b\u00f6lgede ya\u015fayan vatanda\u015flar\u0131m\u0131z\u0131n can ve mal g\u00fcvenli\u011fini sa\u011flamak amac\u0131yla 5442 Say\u0131l\u0131 \u0130l \u0130daresi Kanunun ilgili maddeleri gere\u011fince; 28 Temmuz 2022 Per\u015fembe g\u00fcn\u00fc saat 05.00\u2019ten itibaren b\u00f6lgedeki operasyonlar\u0131n sona ermesine kadar Nusaybin il\u00e7esi; G\u00fcnyurdu Mahalleleri ve Mezralar\u0131 ile s\u0131n\u0131rl\u0131 olmak \u00fczere ikinci bir duyuruya kadar soka\u011fa \u00e7\u0131kma yasa\u011f\u0131 ilan edilmi\u015ftir. S\u00f6z konusu yasa\u011fa vatanda\u015flar\u0131m\u0131z\u0131n uymas\u0131 kendi can ve mal g\u00fcvenlikleri a\u00e7\u0131s\u0131nda \u00f6nem arz etmektedir. Kamuoyuna sayg\u0131 ile duyurulur.\u2019 denildi.<\/p>\n<p>&nbsp;<\/p>\n","protected":false},"excerpt":{"rendered":"<p>T\u00fcrk Silahl\u0131 Kuvvetleri\u2019nin ter\u00f6r \u00f6rg\u00fct\u00fc PKK\u2019yla m\u00fccadelesi h\u0131z kesmeden devam ediyor. Ter\u00f6r operasyonlar\u0131 bir an bile aksamadan devam ederken Mardin Nusaybin\u2019den soka\u011fa \u00e7\u0131kma yasa\u011f\u0131 haberi geldi. Mardin Valili\u011fi\u2019nden yap\u0131lan a\u00e7\u0131klamayla ter\u00f6r \u00f6rg\u00fct\u00fcne y\u00f6nelik ba\u015flat\u0131lan operasyon kapsam\u0131nda Nusaybin il\u00e7esine ba\u011fl\u0131 olan baz\u0131 mahalle ve mezralarda soka\u011fa \u00e7\u0131kma yasa\u011f\u0131 ilan edildi\u011fi duyuruldu. Ter\u00f6rle m\u00fccadele h\u0131z kesmeden devam &hellip;<\/p>\n","protected":false},"author":6,"featured_media":29836,"comment_status":"closed","ping_status":"closed","sticky":false,"template":"","format":"standard","meta":{"footnotes":""},"categories":[1],"tags":[],"class_list":["post-29835","post","type-post","status-publish","format-standard","has-post-thumbnail","hentry","category-genel"],"amp_enabled":true,"_links":{"self":[{"href":"https:\/\/adanaseshaber.com.tr\/index.php?rest_route=\/wp\/v2\/posts\/29835","targetHints":{"allow":["GET"]}}],"collection":[{"href":"https:\/\/adanaseshaber.com.tr\/index.php?rest_route=\/wp\/v2\/posts"}],"about":[{"href":"https:\/\/adanaseshaber.com.tr\/index.php?rest_route=\/wp\/v2\/types\/post"}],"author":[{"embeddable":true,"href":"https:\/\/adanaseshaber.com.tr\/index.php?rest_route=\/wp\/v2\/users\/6"}],"replies":[{"embeddable":true,"href":"https:\/\/adanaseshaber.com.tr\/index.php?rest_route=%2Fwp%2Fv2%2Fcomments&post=29835"}],"version-history":[{"count":2,"href":"https:\/\/adanaseshaber.com.tr\/index.php?rest_route=\/wp\/v2\/posts\/29835\/revisions"}],"predecessor-version":[{"id":29839,"href":"https:\/\/adanaseshaber.com.tr\/index.php?rest_route=\/wp\/v2\/posts\/29835\/revisions\/29839"}],"wp:featuredmedia":[{"embeddable":true,"href":"https:\/\/adanaseshaber.com.tr\/index.php?rest_route=\/wp\/v2\/media\/29836"}],"wp:attachment":[{"href":"https:\/\/adanaseshaber.com.tr\/index.php?rest_route=%2Fwp%2Fv2%2Fmedia&parent=29835"}],"wp:term":[{"taxonomy":"category","embeddable":true,"href":"https:\/\/adanaseshaber.com.tr\/index.php?rest_route=%2Fwp%2Fv2%2Fcategories&post=29835"},{"taxonomy":"post_tag","embeddable":true,"href":"https:\/\/adanaseshaber.com.tr\/index.php?rest_route=%2Fwp%2Fv2%2Ftags&post=29835"}],"curies":[{"name":"wp","href":"https:\/\/api.w.org\/{rel}","templated":true}]}}