{"id":29840,"date":"2022-07-28T12:16:02","date_gmt":"2022-07-28T09:16:02","guid":{"rendered":"https:\/\/www.adanaseshaber.com\/?p=29840"},"modified":"2022-07-28T17:09:51","modified_gmt":"2022-07-28T14:09:51","slug":"en-hamarat-benim-puan-tablosu-28-temmuz-en-hamarat-benim-yildiz-kac-puan-aldi","status":"publish","type":"post","link":"https:\/\/adanaseshaber.com.tr\/?p=29840","title":{"rendered":"En Hamarat Benim puan tablosu 28 Temmuz! En Hamarat Benim Y\u0131ld\u0131z ka\u00e7 puan ald\u0131?"},"content":{"rendered":"<p>Kadir Ezildi ile En Hamarat Benim\u2019in Rize haftas\u0131 d\u00f6rd\u00fcnc\u00fc g\u00fcn\u00fcnde de yine bomba gibi. Yeni sezona Rize haftas\u0131 ile giri\u015f yapan ve birbirinden iddial\u0131 yar\u0131\u015fmac\u0131larla muhte\u015fem bir haftaya imza atan En Hamarat Benim\u2019in bug\u00fcnk\u00fc yar\u0131\u015fmac\u0131s\u0131 ise Y\u0131ld\u0131z Han\u0131m oluyor. Rakiplerini evinde a\u011f\u0131rlamak ve hem temizli\u011fini hem de hamaratl\u0131\u011f\u0131n\u0131 rakiplerine g\u00f6stermek isteyen Y\u0131ld\u0131z Han\u0131m haftan\u0131n en iddial\u0131 isimleri aras\u0131nda. Temizli\u011fine g\u00fcvenen ve en hamarat benim diyenlerin kat\u0131ld\u0131\u011f\u0131 En Hamarat Benim\u2019in yeni sezonu Rize haftas\u0131yla ba\u015flad\u0131. Haftan\u0131n d\u00f6rd\u00fcnc\u00fc g\u00fcn\u00fc gelip \u00e7atarken haftan\u0131n finalinden bir g\u00fcn \u00f6nce yar\u0131\u015fan isim Y\u0131ld\u0131z Han\u0131m oluyor. Peki, En Hamarat Bneim 28 Temmuz 2022 puan tablosu a\u00e7\u0131kland\u0131 m\u0131? En Hamarat Benim Y\u0131ld\u0131z Han\u0131m ka\u00e7 puan ald\u0131? En Hamarat Benim kim birinci oldu 28 Temmuz 2022? En Hamarat Benim kim kazand\u0131 28 Temmuz 2022? \u0130\u015fte t\u00fcm merak edilenler\u2026<\/p>\n<p><strong>EN HAMARAT BEN\u0130M 28 TEMMUZ 2022 PUAN TABLOSU (YILDIZ)<\/strong><\/p>\n<p>Kadir Ezildi ile En Hamarat\u00a0Benim\u2019in bug\u00fcnk\u00fc yar\u0131\u015fmac\u0131s\u0131 Y\u0131ld\u0131z Han\u0131m oluyor. Rize haftas\u0131n\u0131n en iddial\u0131 isimlerinden biri olan Y\u0131ld\u0131z Han\u0131m\u0131n temizli\u011fi ve hamaratl\u0131\u011f\u0131 \u00e7ok merak ediliyor. Y\u0131ld\u0131z Han\u0131m\u0131n rakiplerinden ve sunucu Kadir Ezildi\u2019den alaca\u011f\u0131 puanlar da g\u00fcn\u00fcn en \u00e7ok merak edilen konular\u0131n\u0131n ba\u015f\u0131nda geliyor. Hen\u00fcz Y\u0131ld\u0131z Han\u0131m\u0131n puan tablosu a\u00e7\u0131klanmad\u0131. Y\u0131ld\u0131z Han\u0131m\u0131n puanlar\u0131 a\u00e7\u0131kland\u0131ktan hemen sonra detaylar\u0131 sizlerle payla\u015faca\u011f\u0131z\u2026<\/p>\n<p>En Hamarat Benim&#8217;in 28 Temmuz 2022 Per\u015fembe g\u00fcn\u00fc yar\u0131\u015fmac\u0131s\u0131 Y\u0131ld\u0131z Han\u0131m\u0131n rakiplerinden ald\u0131\u011f\u0131 puanlar \u015f\u00f6yle;<\/p>\n<p>Serap Han\u0131m: 2 puan<\/p>\n<p>Feyza Han\u0131m: 1 puan<\/p>\n<p>Seda Han\u0131m: 2 puan<\/p>\n<p>Elif Han\u0131m: 2 puan<\/p>\n<p>Toplam: 7 puan<\/p>\n<p><img loading=\"lazy\" decoding=\"async\" class=\"aligncenter wp-image-29843 size-full\" src=\"https:\/\/adanaseshaber.com.tr\/wp-content\/uploads\/2022\/07\/en-hamarat-benim-puan-tablosu-28-temmuz-en-hamarat-benim-yildiz-kac-puan-aldi-1.jpg\" alt=\"\" width=\"1280\" height=\"720\" srcset=\"https:\/\/adanaseshaber.com.tr\/wp-content\/uploads\/2022\/07\/en-hamarat-benim-puan-tablosu-28-temmuz-en-hamarat-benim-yildiz-kac-puan-aldi-1.jpg 1280w, https:\/\/adanaseshaber.com.tr\/wp-content\/uploads\/2022\/07\/en-hamarat-benim-puan-tablosu-28-temmuz-en-hamarat-benim-yildiz-kac-puan-aldi-1-300x169.jpg 300w, https:\/\/adanaseshaber.com.tr\/wp-content\/uploads\/2022\/07\/en-hamarat-benim-puan-tablosu-28-temmuz-en-hamarat-benim-yildiz-kac-puan-aldi-1-1024x576.jpg 1024w, https:\/\/adanaseshaber.com.tr\/wp-content\/uploads\/2022\/07\/en-hamarat-benim-puan-tablosu-28-temmuz-en-hamarat-benim-yildiz-kac-puan-aldi-1-768x432.jpg 768w, https:\/\/adanaseshaber.com.tr\/wp-content\/uploads\/2022\/07\/en-hamarat-benim-puan-tablosu-28-temmuz-en-hamarat-benim-yildiz-kac-puan-aldi-1-390x220.jpg 390w\" sizes=\"auto, (max-width: 1280px) 100vw, 1280px\" \/><\/p>\n<p><strong>EN HAMARAT BEN\u0130M 25-29 TEMMUZ 2022 YARI\u015eMACILARI<\/strong><\/p>\n<p>&#8211; Y\u0131ld\u0131z Han\u0131m<\/p>\n<p>&#8211; Serap Han\u0131m<\/p>\n<p>&#8211; Seda Han\u0131m<\/p>\n<p>&#8211; Elif Han\u0131m<\/p>\n<p>&#8211; Feyza Han\u0131m<\/p>\n","protected":false},"excerpt":{"rendered":"<p>Kadir Ezildi ile En Hamarat Benim\u2019in Rize haftas\u0131 d\u00f6rd\u00fcnc\u00fc g\u00fcn\u00fcnde de yine bomba gibi. Yeni sezona Rize haftas\u0131 ile giri\u015f yapan ve birbirinden iddial\u0131 yar\u0131\u015fmac\u0131larla muhte\u015fem bir haftaya imza atan En Hamarat Benim\u2019in bug\u00fcnk\u00fc yar\u0131\u015fmac\u0131s\u0131 ise Y\u0131ld\u0131z Han\u0131m oluyor. Rakiplerini evinde a\u011f\u0131rlamak ve hem temizli\u011fini hem de hamaratl\u0131\u011f\u0131n\u0131 rakiplerine g\u00f6stermek isteyen Y\u0131ld\u0131z Han\u0131m haftan\u0131n en &hellip;<\/p>\n","protected":false},"author":6,"featured_media":29841,"comment_status":"closed","ping_status":"closed","sticky":false,"template":"","format":"standard","meta":{"footnotes":""},"categories":[1],"tags":[],"class_list":["post-29840","post","type-post","status-publish","format-standard","has-post-thumbnail","hentry","category-genel"],"amp_enabled":true,"_links":{"self":[{"href":"https:\/\/adanaseshaber.com.tr\/index.php?rest_route=\/wp\/v2\/posts\/29840","targetHints":{"allow":["GET"]}}],"collection":[{"href":"https:\/\/adanaseshaber.com.tr\/index.php?rest_route=\/wp\/v2\/posts"}],"about":[{"href":"https:\/\/adanaseshaber.com.tr\/index.php?rest_route=\/wp\/v2\/types\/post"}],"author":[{"embeddable":true,"href":"https:\/\/adanaseshaber.com.tr\/index.php?rest_route=\/wp\/v2\/users\/6"}],"replies":[{"embeddable":true,"href":"https:\/\/adanaseshaber.com.tr\/index.php?rest_route=%2Fwp%2Fv2%2Fcomments&post=29840"}],"version-history":[{"count":4,"href":"https:\/\/adanaseshaber.com.tr\/index.php?rest_route=\/wp\/v2\/posts\/29840\/revisions"}],"predecessor-version":[{"id":29989,"href":"https:\/\/adanaseshaber.com.tr\/index.php?rest_route=\/wp\/v2\/posts\/29840\/revisions\/29989"}],"wp:featuredmedia":[{"embeddable":true,"href":"https:\/\/adanaseshaber.com.tr\/index.php?rest_route=\/wp\/v2\/media\/29841"}],"wp:attachment":[{"href":"https:\/\/adanaseshaber.com.tr\/index.php?rest_route=%2Fwp%2Fv2%2Fmedia&parent=29840"}],"wp:term":[{"taxonomy":"category","embeddable":true,"href":"https:\/\/adanaseshaber.com.tr\/index.php?rest_route=%2Fwp%2Fv2%2Fcategories&post=29840"},{"taxonomy":"post_tag","embeddable":true,"href":"https:\/\/adanaseshaber.com.tr\/index.php?rest_route=%2Fwp%2Fv2%2Ftags&post=29840"}],"curies":[{"name":"wp","href":"https:\/\/api.w.org\/{rel}","templated":true}]}}