{"id":29872,"date":"2022-07-28T13:45:55","date_gmt":"2022-07-28T10:45:55","guid":{"rendered":"https:\/\/www.adanaseshaber.com\/?p=29872"},"modified":"2022-07-28T13:53:47","modified_gmt":"2022-07-28T10:53:47","slug":"bakan-vedat-bilginden-beklenen-eyt-aciklamasi-geldi","status":"publish","type":"post","link":"https:\/\/adanaseshaber.com.tr\/?p=29872","title":{"rendered":"Bakan Vedat Bilgin\u2019den beklenen EYT a\u00e7\u0131klamas\u0131 geldi"},"content":{"rendered":"<p>Milyonlarca ki\u015finin heyecanla bekledi\u011fi EYT konusuyla ilgili s\u0131k s\u0131k a\u00e7\u0131klamalarda bulunan \u00c7al\u0131\u015fma ve Sosyal G\u00fcvenlik Bakan\u0131 Vedat Bilgin, bir kez daha bu konuya de\u011findi ve yeni bir a\u00e7\u0131klama yapt\u0131. Asgari \u00fccret, 3600 ek g\u00f6sterge ve yar\u0131n da s\u00f6zle\u015fmeli personelle ilgili dosyay\u0131 a\u00e7t\u0131\u011f\u0131nda bas\u0131nla payla\u015faca\u011f\u0131n\u0131 s\u00f6yleyen Bakan Bilgin, ge\u00e7ici i\u015f\u00e7iler ve EYT konusunda da a\u00e7\u0131klama yapt\u0131. EYT ile ilgili milyonlarca vatanda\u015f gelecek a\u00e7\u0131klamay\u0131 bekliyor. Uzun y\u0131llard\u0131r \u00e7\u00f6z\u00fclemeyen bu sorunu g\u00fcndeme alan Bakanl\u0131k, s\u0131k s\u0131k konu hakk\u0131nda bilgilendirme yap\u0131yor. Son olarak Bakan Bilgin, \u2019Ge\u00e7ici i\u015f\u00e7iler, EYT\u2019yi tamamlad\u0131\u011f\u0131m\u0131z g\u00fcn, onlar\u0131 a\u00e7\u0131klayaca\u011f\u0131m, \u00f6n\u00fcm\u00fczdeki g\u00fcnlerde s\u00f6z edece\u011fim.\u2019 dedi.<\/p>\n<p><b>TAHIL KR\u0130Z\u0130 A\u00c7IKLAMASI<\/b><\/p>\n<p>Bursa \u00dcretim S\u00fcrecine Kat\u0131l\u0131m Desteklenmesi Projesi \u00e7er\u00e7evesinde Bursa&#8217;da g\u00fcndeme dair \u00f6nemli a\u00e7\u0131klamalarda bulunan \u00c7al\u0131\u015fma ve Sosyal G\u00fcvenlik Bakan\u0131 Vedat Bilgin, d\u00fcnyan\u0131n g\u00fcndemine oturan tah\u0131l krizi ile ilgili de konu\u015ftu. Rusya ve Ukrayna sava\u015f\u0131ndan sonra enerji ve tah\u0131l sorunlar\u0131n\u0131n \u00f6ne \u00e7\u0131kt\u0131\u011f\u0131 bir a\u015famadan ge\u00e7ildi\u011fini s\u00f6yleyen Bakan Bilgin, tah\u0131l krizinin \u00e7\u00f6z\u00fclmesinde de T\u00fcrkiye&#8217;nin \u00fcstlendi\u011fi rol\u00fc herkesin g\u00f6rd\u00fc\u011f\u00fcn\u00fc belirtti. T\u00fcrkiye&#8217;nin bu konuda tarihi bir rol oynad\u0131\u011f\u0131n\u0131 s\u00f6yleyen Bilgin, &#8216;B\u00fct\u00fcn insanl\u0131k i\u00e7in bu rol\u00fc \u00fcstlendi.&#8217; dedi.<\/p>\n<p><strong>3600 EK G\u00d6STERGE A\u00c7IKLAMASI<\/strong><\/p>\n<p>3600 ek g\u00f6sterge konusuna da bir kez daha de\u011finen Bilgin, t\u00fcm kamu \u00e7al\u0131\u015fanlar\u0131n\u0131 koruyan 3600 ek g\u00f6stergeyi d\u00fczenleyecek \u00e7al\u0131\u015fmalar yap\u0131ld\u0131\u011f\u0131n\u0131, emek\u00e7inin enflasyon konusunda konumunu g\u00fc\u00e7lendirdiklerini s\u00f6yledi. T\u00fcrkiye&#8217;nin sosyal sorumluluk projelerini uygulayaca\u011f\u0131n\u0131 ifade eden Bilgin, &#8216;Ekonomideki olumsuzluklara kar\u015f\u0131 \u00e7al\u0131\u015fanlar korunacakt\u0131r. Kimse endi\u015fe etmesin.&#8217; ifadelerini kulland\u0131.<\/p>\n<p><img loading=\"lazy\" decoding=\"async\" class=\"aligncenter wp-image-29880 size-full\" src=\"https:\/\/adanaseshaber.com.tr\/wp-content\/uploads\/2022\/07\/bakan-vedat-bilginden-beklenen-eyt-aciklamasi-geldi-1.jpg\" alt=\"\" width=\"1280\" height=\"720\" srcset=\"https:\/\/adanaseshaber.com.tr\/wp-content\/uploads\/2022\/07\/bakan-vedat-bilginden-beklenen-eyt-aciklamasi-geldi-1.jpg 1280w, https:\/\/adanaseshaber.com.tr\/wp-content\/uploads\/2022\/07\/bakan-vedat-bilginden-beklenen-eyt-aciklamasi-geldi-1-300x169.jpg 300w, https:\/\/adanaseshaber.com.tr\/wp-content\/uploads\/2022\/07\/bakan-vedat-bilginden-beklenen-eyt-aciklamasi-geldi-1-1024x576.jpg 1024w, https:\/\/adanaseshaber.com.tr\/wp-content\/uploads\/2022\/07\/bakan-vedat-bilginden-beklenen-eyt-aciklamasi-geldi-1-768x432.jpg 768w, https:\/\/adanaseshaber.com.tr\/wp-content\/uploads\/2022\/07\/bakan-vedat-bilginden-beklenen-eyt-aciklamasi-geldi-1-390x220.jpg 390w\" sizes=\"auto, (max-width: 1280px) 100vw, 1280px\" \/><\/p>\n<p><strong>EYT A\u00c7IKLAMASI<\/strong><\/p>\n<p>Milyonlar\u0131n merakla bekledi\u011fi EYT konusu ile ilgili de a\u00e7\u0131klama yapan Bakan Bilgin, &#8216;3600 ek g\u00f6sterge, asgari \u00fccret, yar\u0131n da s\u00f6zle\u015fmeli personel konusunda dosyay\u0131 a\u00e7t\u0131\u011f\u0131mda bas\u0131nla payla\u015faca\u011f\u0131m. Ge\u00e7ici i\u015f\u00e7ileri EYT&#8217;yi tamamlad\u0131\u011f\u0131m\u0131z g\u00fcn onlar\u0131 da a\u00e7\u0131klayaca\u011f\u0131m. \u00d6n\u00fcm\u00fczdeki g\u00fcnlerde s\u00f6z edece\u011fim.&#8217; dedi. Bakan Bilgin&#8217;in bu a\u00e7\u0131klamalar\u0131n\u0131n ard\u0131ndan EYT&#8217;liler konuyla ilgili gelecek a\u00e7\u0131klamaya g\u00f6z\u00fcn\u00fc \u00e7evirdi.<\/p>\n","protected":false},"excerpt":{"rendered":"<p>Milyonlarca ki\u015finin heyecanla bekledi\u011fi EYT konusuyla ilgili s\u0131k s\u0131k a\u00e7\u0131klamalarda bulunan \u00c7al\u0131\u015fma ve Sosyal G\u00fcvenlik Bakan\u0131 Vedat Bilgin, bir kez daha bu konuya de\u011findi ve yeni bir a\u00e7\u0131klama yapt\u0131. Asgari \u00fccret, 3600 ek g\u00f6sterge ve yar\u0131n da s\u00f6zle\u015fmeli personelle ilgili dosyay\u0131 a\u00e7t\u0131\u011f\u0131nda bas\u0131nla payla\u015faca\u011f\u0131n\u0131 s\u00f6yleyen Bakan Bilgin, ge\u00e7ici i\u015f\u00e7iler ve EYT konusunda da a\u00e7\u0131klama yapt\u0131. &hellip;<\/p>\n","protected":false},"author":6,"featured_media":29874,"comment_status":"closed","ping_status":"closed","sticky":false,"template":"","format":"standard","meta":{"footnotes":""},"categories":[1],"tags":[],"class_list":["post-29872","post","type-post","status-publish","format-standard","has-post-thumbnail","hentry","category-genel"],"amp_enabled":true,"_links":{"self":[{"href":"https:\/\/adanaseshaber.com.tr\/index.php?rest_route=\/wp\/v2\/posts\/29872","targetHints":{"allow":["GET"]}}],"collection":[{"href":"https:\/\/adanaseshaber.com.tr\/index.php?rest_route=\/wp\/v2\/posts"}],"about":[{"href":"https:\/\/adanaseshaber.com.tr\/index.php?rest_route=\/wp\/v2\/types\/post"}],"author":[{"embeddable":true,"href":"https:\/\/adanaseshaber.com.tr\/index.php?rest_route=\/wp\/v2\/users\/6"}],"replies":[{"embeddable":true,"href":"https:\/\/adanaseshaber.com.tr\/index.php?rest_route=%2Fwp%2Fv2%2Fcomments&post=29872"}],"version-history":[{"count":6,"href":"https:\/\/adanaseshaber.com.tr\/index.php?rest_route=\/wp\/v2\/posts\/29872\/revisions"}],"predecessor-version":[{"id":29881,"href":"https:\/\/adanaseshaber.com.tr\/index.php?rest_route=\/wp\/v2\/posts\/29872\/revisions\/29881"}],"wp:featuredmedia":[{"embeddable":true,"href":"https:\/\/adanaseshaber.com.tr\/index.php?rest_route=\/wp\/v2\/media\/29874"}],"wp:attachment":[{"href":"https:\/\/adanaseshaber.com.tr\/index.php?rest_route=%2Fwp%2Fv2%2Fmedia&parent=29872"}],"wp:term":[{"taxonomy":"category","embeddable":true,"href":"https:\/\/adanaseshaber.com.tr\/index.php?rest_route=%2Fwp%2Fv2%2Fcategories&post=29872"},{"taxonomy":"post_tag","embeddable":true,"href":"https:\/\/adanaseshaber.com.tr\/index.php?rest_route=%2Fwp%2Fv2%2Ftags&post=29872"}],"curies":[{"name":"wp","href":"https:\/\/api.w.org\/{rel}","templated":true}]}}