{"id":29893,"date":"2022-07-28T14:39:17","date_gmt":"2022-07-28T11:39:17","guid":{"rendered":"https:\/\/www.adanaseshaber.com\/?p=29893"},"modified":"2022-07-28T14:40:22","modified_gmt":"2022-07-28T11:40:22","slug":"savci-sayan-kimdir-nereli-savci-sayan-hangi-partili","status":"publish","type":"post","link":"https:\/\/adanaseshaber.com.tr\/?p=29893","title":{"rendered":"Savc\u0131 Sayan kimdir, nereli? Savc\u0131 Sayan hangi partili?"},"content":{"rendered":"<p>Sosyal medyan\u0131n g\u00fcndeminde olan Savc\u0131 Sayan\u2019la ilgili ara\u015ft\u0131rmalar devam ediyor. G\u00fcn\u00fcn en \u00e7ok konu\u015fulan isimlerinden biri olan A\u011fr\u0131 Belediye Ba\u015fkan\u0131 Savc\u0131 Sayan\u2019\u0131n \u00f6zel hayat\u0131 ara\u015ft\u0131r\u0131l\u0131yor. Savc\u0131 Sayan\u2019\u0131n ya\u015f\u0131, memleketi ve \u00f6zel hayat\u0131na dair t\u00fcm detaylar ara\u015ft\u0131r\u0131l\u0131rken partisi de merak konusu oldu. Sayan ile ilgili merak edilen sorulara yan\u0131t aran\u0131yor. Sosyal medyan\u0131n g\u00fcndeminde ilk s\u0131rada yer alan A\u011fr\u0131 Belediye Ba\u015fkan\u0131 Savc\u0131 Sayan\u2019\u0131n \u00f6zel hayat\u0131 merak konusu oldu. Peki, Savc\u0131 Sayan kimdir? Savc\u0131 Sayan ka\u00e7 ya\u015f\u0131nda ve nereli? Savc\u0131 Sayan e\u015fi kim? Savc\u0131 Sayan hangi partili? \u0130\u015fte A\u011fr\u0131 Belediye Ba\u015fkan\u0131 Savc\u0131 Sayan\u2019la ilgili t\u00fcm merak edilenler\u2026<\/p>\n<p><strong>SAVCI SAYAN K\u0130MD\u0130R?<\/strong><\/p>\n<p>1971 y\u0131l\u0131nda A\u011fr\u0131 Tutak il\u00e7esinde d\u00fcnyaya gelen Savc\u0131 Sayan, 24 \u00e7ocuklu bir ailenin 12. \u00e7ocu\u011fudur. \u0130ktisadi ve \u0130dari Bilimler Fak\u00fcltesi\u2019nde \u00fcniversite e\u011fitimini tamamlayan Sayan, Pedagojik Formasyon alarak e\u011fitimini tamamlad\u0131 ve baz\u0131 okullarda \u00f6\u011fretmenlik yapt\u0131. Siyaset hayat\u0131na Cumhuriyet Halk Partisi \u00e7at\u0131s\u0131 alt\u0131nda ba\u015flayan Sayan, 1996-2000 y\u0131llar\u0131 aras\u0131nda \u0130l ve \u0130l\u00e7e Gen\u00e7lik Kollar\u0131\u2019nda MYK \u00fcyeli\u011fi g\u00f6revinde bulundu. 12 Eyl\u00fcl darbe s\u00fcrecinde kapat\u0131lan Cumhuriyet Halk Partisi Gen\u00e7lik Kollar\u0131\u2019n\u0131n 1996 y\u0131l\u0131nda tekrar aktifle\u015ftirilmesinde rol oynayan Sayan, A\u011fr\u0131\u2019da CHP \u0130l ve \u0130l\u00e7e Ba\u015fkanl\u0131\u011f\u0131 g\u00f6revlerinde bulundu.<\/p>\n<p><img loading=\"lazy\" decoding=\"async\" class=\"aligncenter wp-image-29896 size-full\" src=\"https:\/\/adanaseshaber.com.tr\/wp-content\/uploads\/2022\/07\/savci-sayan-kimdir-nereli-savci-sayan-hangi-partili-1.jpg\" alt=\"\" width=\"1280\" height=\"720\" srcset=\"https:\/\/adanaseshaber.com.tr\/wp-content\/uploads\/2022\/07\/savci-sayan-kimdir-nereli-savci-sayan-hangi-partili-1.jpg 1280w, https:\/\/adanaseshaber.com.tr\/wp-content\/uploads\/2022\/07\/savci-sayan-kimdir-nereli-savci-sayan-hangi-partili-1-300x169.jpg 300w, https:\/\/adanaseshaber.com.tr\/wp-content\/uploads\/2022\/07\/savci-sayan-kimdir-nereli-savci-sayan-hangi-partili-1-1024x576.jpg 1024w, https:\/\/adanaseshaber.com.tr\/wp-content\/uploads\/2022\/07\/savci-sayan-kimdir-nereli-savci-sayan-hangi-partili-1-768x432.jpg 768w, https:\/\/adanaseshaber.com.tr\/wp-content\/uploads\/2022\/07\/savci-sayan-kimdir-nereli-savci-sayan-hangi-partili-1-390x220.jpg 390w\" sizes=\"auto, (max-width: 1280px) 100vw, 1280px\" \/><\/p>\n<p><strong>2019 YEREL SE\u00c7\u0130MLER\u0130NDE A\u011eRI BELED\u0130YE BA\u015eKANI OLDU<\/strong><\/p>\n<p>Deniz Baykal d\u00f6neminde CHP\u2019de siyaset hayat\u0131na devam eden Savc\u0131 Sayan, Baykal\u2019\u0131n istifas\u0131 sonras\u0131nda K\u0131l\u0131\u00e7daro\u011flu d\u00f6neminde CHP2den ayr\u0131lm\u0131\u015ft\u0131r. Do\u011fu ve G\u00fcneydo\u011fu Anadolu y\u00f6relerinde kad\u0131nlar\u0131n e\u011fitimleri ve t\u00f6re cinayetleri konular\u0131nda \u00e7e\u015fitli \u00e7al\u0131\u015fmalar\u0131 mevcuttur. Evli ve 1 \u00e7ocuk babas\u0131 olan Sayan, 31 Mart 2019 y\u0131l\u0131nda yap\u0131lan yerel se\u00e7imlerde AK Parti A\u011fr\u0131 Belediye Ba\u015fkan\u0131 se\u00e7ilmi\u015ftir.<\/p>\n","protected":false},"excerpt":{"rendered":"<p>Sosyal medyan\u0131n g\u00fcndeminde olan Savc\u0131 Sayan\u2019la ilgili ara\u015ft\u0131rmalar devam ediyor. G\u00fcn\u00fcn en \u00e7ok konu\u015fulan isimlerinden biri olan A\u011fr\u0131 Belediye Ba\u015fkan\u0131 Savc\u0131 Sayan\u2019\u0131n \u00f6zel hayat\u0131 ara\u015ft\u0131r\u0131l\u0131yor. Savc\u0131 Sayan\u2019\u0131n ya\u015f\u0131, memleketi ve \u00f6zel hayat\u0131na dair t\u00fcm detaylar ara\u015ft\u0131r\u0131l\u0131rken partisi de merak konusu oldu. Sayan ile ilgili merak edilen sorulara yan\u0131t aran\u0131yor. Sosyal medyan\u0131n g\u00fcndeminde ilk s\u0131rada yer &hellip;<\/p>\n","protected":false},"author":6,"featured_media":29894,"comment_status":"closed","ping_status":"closed","sticky":false,"template":"","format":"standard","meta":{"footnotes":""},"categories":[1],"tags":[],"class_list":["post-29893","post","type-post","status-publish","format-standard","has-post-thumbnail","hentry","category-genel"],"amp_enabled":true,"_links":{"self":[{"href":"https:\/\/adanaseshaber.com.tr\/index.php?rest_route=\/wp\/v2\/posts\/29893","targetHints":{"allow":["GET"]}}],"collection":[{"href":"https:\/\/adanaseshaber.com.tr\/index.php?rest_route=\/wp\/v2\/posts"}],"about":[{"href":"https:\/\/adanaseshaber.com.tr\/index.php?rest_route=\/wp\/v2\/types\/post"}],"author":[{"embeddable":true,"href":"https:\/\/adanaseshaber.com.tr\/index.php?rest_route=\/wp\/v2\/users\/6"}],"replies":[{"embeddable":true,"href":"https:\/\/adanaseshaber.com.tr\/index.php?rest_route=%2Fwp%2Fv2%2Fcomments&post=29893"}],"version-history":[{"count":2,"href":"https:\/\/adanaseshaber.com.tr\/index.php?rest_route=\/wp\/v2\/posts\/29893\/revisions"}],"predecessor-version":[{"id":29897,"href":"https:\/\/adanaseshaber.com.tr\/index.php?rest_route=\/wp\/v2\/posts\/29893\/revisions\/29897"}],"wp:featuredmedia":[{"embeddable":true,"href":"https:\/\/adanaseshaber.com.tr\/index.php?rest_route=\/wp\/v2\/media\/29894"}],"wp:attachment":[{"href":"https:\/\/adanaseshaber.com.tr\/index.php?rest_route=%2Fwp%2Fv2%2Fmedia&parent=29893"}],"wp:term":[{"taxonomy":"category","embeddable":true,"href":"https:\/\/adanaseshaber.com.tr\/index.php?rest_route=%2Fwp%2Fv2%2Fcategories&post=29893"},{"taxonomy":"post_tag","embeddable":true,"href":"https:\/\/adanaseshaber.com.tr\/index.php?rest_route=%2Fwp%2Fv2%2Ftags&post=29893"}],"curies":[{"name":"wp","href":"https:\/\/api.w.org\/{rel}","templated":true}]}}