{"id":29924,"date":"2022-07-28T15:29:33","date_gmt":"2022-07-28T12:29:33","guid":{"rendered":"https:\/\/www.adanaseshaber.com\/?p=29924"},"modified":"2022-07-28T23:48:39","modified_gmt":"2022-07-28T20:48:39","slug":"doya-doya-moda-kim-birinci-oldu-doya-doya-moda-puan-tablosu-28-temmuz-2022","status":"publish","type":"post","link":"https:\/\/adanaseshaber.com.tr\/?p=29924","title":{"rendered":"Doya Doya Moda kim birinci oldu? Doya Doya Moda puan tablosu 28 Temmuz 2022"},"content":{"rendered":"<p>TV8 ekranlar\u0131nda hafta i\u00e7i her g\u00fcn yepyeni b\u00f6l\u00fcmleriyle yay\u0131nlanmaya devam eden Doya Doya Moda, evlerinize moday\u0131 her detay\u0131yla ta\u015f\u0131maya devam ediyor. \u015e\u0131kl\u0131k, tarz ve \u00e7ok daha fazlas\u0131yla g\u00fcnd\u00fcz ku\u015fa\u011f\u0131na fark katan Doya Doya Moda\u2019n\u0131n birbirinden iddial\u0131 yar\u0131\u015fmac\u0131lar\u0131 da k\u0131yas\u0131ya rekabete kald\u0131\u011f\u0131 yerden devam ediyor. Yar\u0131\u015fmac\u0131lar\u0131n tek bir hedefi var j\u00fcri \u00fcyelerinden en y\u00fcksek puan\u0131 alarak yar\u0131\u015f\u0131n i\u00e7inde kalmak. Birbirinden deneyimli j\u00fcri \u00fcyeleri ve her biri h\u0131rsl\u0131 yar\u0131\u015fmac\u0131lar\u0131yla ekran\u0131 sallamaya devam eden sevilen moda program\u0131 Doya Doya Moda\u2019n\u0131n yeni sezonu da b\u00fcy\u00fck ilgi g\u00f6r\u00fcyor. Yepyeni bir sezonla, yepyeni yar\u0131\u015fmac\u0131lar ve j\u00fcri \u00fcyeleriyle ekrana geri d\u00f6nen program\u0131n yeni b\u00f6l\u00fcmleri merakla takip ediliyor. Peki, Doya Doya Moda 28 Temmuz 2022 Per\u015fembe g\u00fcn\u00fcn\u00fcn puan tablosu a\u00e7\u0131kland\u0131 m\u0131? Doya Doya Moda 28 Temmuz kim birinci oldu? Doya Doya Moda bug\u00fcn kim kazand\u0131? \u0130\u015fte detaylar\u2026<\/p>\n<p><strong>DOYA DOYA MODA 28 TEMMUZ 2022 PUAN TABLOSU<\/strong><\/p>\n<p>Hafta i\u00e7i her g\u00fcn g\u00fcnd\u00fcz ku\u015fa\u011f\u0131nda yer almaya devam eden sevilen program Doya Doya Moda\u2019n\u0131n haftan\u0131n finali b\u00f6l\u00fcm\u00fcnden sadece bir g\u00fcn \u00f6nceki b\u00f6l\u00fcm\u00fcne ait puan tablosu b\u00fcy\u00fck bir merakla ara\u015ft\u0131r\u0131l\u0131yor. Hen\u00fcz yar\u0131\u015fmac\u0131lar\u0131n 28 Temmuz 2022 Per\u015fembe g\u00fcn\u00fcne ait g\u00fcncel puan tablosu a\u00e7\u0131klanmad\u0131. J\u00fcri \u00fcyeleri puanlamas\u0131n\u0131 yapt\u0131ktan ve g\u00fcn\u00fcn puan tablosu a\u00e7\u0131kland\u0131ktan hemen sonra sizleri bilgilendirece\u011fiz\u2026<\/p>\n<p>Doya Doya Moda yar\u0131\u015fmac\u0131lar\u0131n\u0131n 28 Temmuz 2022 Per\u015fembe g\u00fcn\u00fcne ait puan tablosunu a\u015fa\u011f\u0131da bulabilirsiniz.<\/p>\n<p>Aleyna: 15 puan<\/p>\n<p>Selen: 5 puan<\/p>\n<p>Zeynep: 15 puan<\/p>\n<p>Banu: 9 puan<\/p>\n<p>Tina: 13 puan<\/p>\n<p>H\u00fclya: 20 puan<\/p>\n<p>Nihan: 8 puan<\/p>\n<p><img loading=\"lazy\" decoding=\"async\" class=\"aligncenter wp-image-29928 size-full\" src=\"https:\/\/adanaseshaber.com.tr\/wp-content\/uploads\/2022\/07\/doya-doya-moda-kim-birinci-oldu-doya-doya-moda-puan-tablosu-28-temmuz-2022-1.jpg\" alt=\"\" width=\"1280\" height=\"720\" srcset=\"https:\/\/adanaseshaber.com.tr\/wp-content\/uploads\/2022\/07\/doya-doya-moda-kim-birinci-oldu-doya-doya-moda-puan-tablosu-28-temmuz-2022-1.jpg 1280w, https:\/\/adanaseshaber.com.tr\/wp-content\/uploads\/2022\/07\/doya-doya-moda-kim-birinci-oldu-doya-doya-moda-puan-tablosu-28-temmuz-2022-1-300x169.jpg 300w, https:\/\/adanaseshaber.com.tr\/wp-content\/uploads\/2022\/07\/doya-doya-moda-kim-birinci-oldu-doya-doya-moda-puan-tablosu-28-temmuz-2022-1-1024x576.jpg 1024w, https:\/\/adanaseshaber.com.tr\/wp-content\/uploads\/2022\/07\/doya-doya-moda-kim-birinci-oldu-doya-doya-moda-puan-tablosu-28-temmuz-2022-1-768x432.jpg 768w, https:\/\/adanaseshaber.com.tr\/wp-content\/uploads\/2022\/07\/doya-doya-moda-kim-birinci-oldu-doya-doya-moda-puan-tablosu-28-temmuz-2022-1-390x220.jpg 390w\" sizes=\"auto, (max-width: 1280px) 100vw, 1280px\" \/><\/p>\n<p><strong>DOYA DOYA MODA FORMATI NE?<\/strong><\/p>\n<p>Hafta i\u00e7i her g\u00fcn ekrana gelen Doya Doya Moda\u2019da 7 yar\u0131\u015fmac\u0131 birbirinden deneyimli 4 j\u00fcri \u00fcyesinin kar\u015f\u0131s\u0131na \u00e7\u0131k\u0131yor. Her g\u00fcn kendilerine verilen farkl\u0131 konseptlere uyarak en \u015f\u0131k ve en tarz olmak i\u00e7in \u00e7abalayan yar\u0131\u015fmac\u0131lar j\u00fcri \u00fcyelerinden en y\u00fcksek puan\u0131 almak ve rakiplerine g\u00f6re en tarz olmak i\u00e7in m\u00fccadele ediyor. Her g\u00fcn j\u00fcri \u00fcyelerinden en y\u00fcksek puan\u0131 alan bir yar\u0131\u015fmac\u0131 g\u00fcn\u00fcn birincisi olurken haftan\u0131n finalinde ise t\u00fcm hafta boyunca rakiplerine g\u00f6re en d\u00fc\u015f\u00fck puan\u0131 alarak haftan\u0131n sonuncusu olan bir yar\u0131\u015fmac\u0131 programa veda ediyor.<\/p>\n","protected":false},"excerpt":{"rendered":"<p>TV8 ekranlar\u0131nda hafta i\u00e7i her g\u00fcn yepyeni b\u00f6l\u00fcmleriyle yay\u0131nlanmaya devam eden Doya Doya Moda, evlerinize moday\u0131 her detay\u0131yla ta\u015f\u0131maya devam ediyor. \u015e\u0131kl\u0131k, tarz ve \u00e7ok daha fazlas\u0131yla g\u00fcnd\u00fcz ku\u015fa\u011f\u0131na fark katan Doya Doya Moda\u2019n\u0131n birbirinden iddial\u0131 yar\u0131\u015fmac\u0131lar\u0131 da k\u0131yas\u0131ya rekabete kald\u0131\u011f\u0131 yerden devam ediyor. Yar\u0131\u015fmac\u0131lar\u0131n tek bir hedefi var j\u00fcri \u00fcyelerinden en y\u00fcksek puan\u0131 alarak &hellip;<\/p>\n","protected":false},"author":6,"featured_media":29926,"comment_status":"closed","ping_status":"closed","sticky":false,"template":"","format":"standard","meta":{"footnotes":""},"categories":[1],"tags":[],"class_list":["post-29924","post","type-post","status-publish","format-standard","has-post-thumbnail","hentry","category-genel"],"amp_enabled":true,"_links":{"self":[{"href":"https:\/\/adanaseshaber.com.tr\/index.php?rest_route=\/wp\/v2\/posts\/29924","targetHints":{"allow":["GET"]}}],"collection":[{"href":"https:\/\/adanaseshaber.com.tr\/index.php?rest_route=\/wp\/v2\/posts"}],"about":[{"href":"https:\/\/adanaseshaber.com.tr\/index.php?rest_route=\/wp\/v2\/types\/post"}],"author":[{"embeddable":true,"href":"https:\/\/adanaseshaber.com.tr\/index.php?rest_route=\/wp\/v2\/users\/6"}],"replies":[{"embeddable":true,"href":"https:\/\/adanaseshaber.com.tr\/index.php?rest_route=%2Fwp%2Fv2%2Fcomments&post=29924"}],"version-history":[{"count":5,"href":"https:\/\/adanaseshaber.com.tr\/index.php?rest_route=\/wp\/v2\/posts\/29924\/revisions"}],"predecessor-version":[{"id":30085,"href":"https:\/\/adanaseshaber.com.tr\/index.php?rest_route=\/wp\/v2\/posts\/29924\/revisions\/30085"}],"wp:featuredmedia":[{"embeddable":true,"href":"https:\/\/adanaseshaber.com.tr\/index.php?rest_route=\/wp\/v2\/media\/29926"}],"wp:attachment":[{"href":"https:\/\/adanaseshaber.com.tr\/index.php?rest_route=%2Fwp%2Fv2%2Fmedia&parent=29924"}],"wp:term":[{"taxonomy":"category","embeddable":true,"href":"https:\/\/adanaseshaber.com.tr\/index.php?rest_route=%2Fwp%2Fv2%2Fcategories&post=29924"},{"taxonomy":"post_tag","embeddable":true,"href":"https:\/\/adanaseshaber.com.tr\/index.php?rest_route=%2Fwp%2Fv2%2Ftags&post=29924"}],"curies":[{"name":"wp","href":"https:\/\/api.w.org\/{rel}","templated":true}]}}