{"id":29941,"date":"2022-07-28T15:54:31","date_gmt":"2022-07-28T12:54:31","guid":{"rendered":"https:\/\/www.adanaseshaber.com\/?p=29941"},"modified":"2022-07-28T15:54:55","modified_gmt":"2022-07-28T12:54:55","slug":"sinavda-basari-duasi-kpss-sinavi-oncesi-okunmasi-gereken-dualar","status":"publish","type":"post","link":"https:\/\/adanaseshaber.com.tr\/?p=29941","title":{"rendered":"S\u0131navda ba\u015far\u0131 duas\u0131! KPSS s\u0131nav\u0131 \u00f6ncesi okunmas\u0131 gereken dualar"},"content":{"rendered":"<p>Bu hafta sonu KPSS Lisans s\u0131nav\u0131 ger\u00e7ekle\u015ftirilecek ve s\u0131nava girecek olan memur adaylar\u0131 s\u0131nav ba\u015far\u0131 duas\u0131 ile ilgili ara\u015ft\u0131rmalara ba\u015flad\u0131. Adaylar\u0131n emeklerinin kar\u015f\u0131l\u0131\u011f\u0131n\u0131 alabilmek i\u00e7in aylard\u0131r \u00e7al\u0131\u015ft\u0131klar\u0131 s\u0131nav i\u00e7in \u00e7ok az bir s\u00fcre kald\u0131. 31 Temmuz 2022 tarihinde d\u00fczenlenecek olan KPSS s\u0131nav\u0131 i\u00e7in s\u0131nav duas\u0131 ara\u015ft\u0131rmalar\u0131 devam ediyor. S\u0131navdan \u00f6nce okunacak ba\u015far\u0131 dualar\u0131 ara\u015ft\u0131r\u0131lan konular\u0131n ba\u015f\u0131nda geliyor. KPSS Lisans oturumlar\u0131 i\u00e7in geri say\u0131m devam ediyor. 31 Temmuz tarihinde ger\u00e7ekle\u015ftirilecek olan genel yetenek genel k\u00fclt\u00fcr s\u0131nav\u0131 ile e\u011fitim bilimleri testi i\u00e7in art\u0131k sadece say\u0131l\u0131 saatler kald\u0131. Aylard\u0131r s\u0131nava haz\u0131rlanan adaylar, s\u0131nav \u00f6ncesinde dua ara\u015ft\u0131rmalar\u0131na da ba\u015flad\u0131. S\u0131navda ba\u015far\u0131l\u0131 olabilmek i\u00e7in okunacak dualar son g\u00fcnlerin en \u00e7ok ara\u015ft\u0131r\u0131lanlar\u0131 aras\u0131nda. \u0130\u015fte s\u0131navda ba\u015far\u0131 i\u00e7in okunacak dualar\u2026<\/p>\n<p><strong>SINAV \u00d6NCES\u0130 OKUNACAK DUA<\/strong><\/p>\n<p>\u2018\u2019Ey Rabbim, g\u00f6\u011fs\u00fcm\u00fc a\u00e7, geni\u015flet, i\u015fimi kolayla\u015ft\u0131r. Dilimde bulunan d\u00fc\u011f\u00fcm\u00fc \u00e7\u00f6z de s\u00f6z\u00fcm\u00fc anlas\u0131nlar.\u2019\u2019 (Taha 25-28)<\/p>\n<p><strong>SINAV BA\u015eLAYINCA OKUNACAK DUA<\/strong><\/p>\n<p>\u2018\u2019Ya Hayyu Ya Kayyum, bi rahmetike estagis\u00fc.\u2019\u2019<\/p>\n<p><strong>ANLAMI:<\/strong> \u2018\u2019Ey Hayy ve Kayyum olan Allah\u2019\u0131m, senin rahmetine s\u0131\u011f\u0131n\u0131yorum.\u2019\u2019<\/p>\n<p><img loading=\"lazy\" decoding=\"async\" class=\"aligncenter wp-image-29945 size-full\" src=\"https:\/\/adanaseshaber.com.tr\/wp-content\/uploads\/2022\/07\/sinavda-basari-duasi-kpss-sinavi-oncesi-okunmasi-gereken-dualar.jpeg\" alt=\"\" width=\"1280\" height=\"720\" srcset=\"https:\/\/adanaseshaber.com.tr\/wp-content\/uploads\/2022\/07\/sinavda-basari-duasi-kpss-sinavi-oncesi-okunmasi-gereken-dualar.jpeg 1280w, https:\/\/adanaseshaber.com.tr\/wp-content\/uploads\/2022\/07\/sinavda-basari-duasi-kpss-sinavi-oncesi-okunmasi-gereken-dualar-300x169.jpeg 300w, https:\/\/adanaseshaber.com.tr\/wp-content\/uploads\/2022\/07\/sinavda-basari-duasi-kpss-sinavi-oncesi-okunmasi-gereken-dualar-1024x576.jpeg 1024w, https:\/\/adanaseshaber.com.tr\/wp-content\/uploads\/2022\/07\/sinavda-basari-duasi-kpss-sinavi-oncesi-okunmasi-gereken-dualar-768x432.jpeg 768w, https:\/\/adanaseshaber.com.tr\/wp-content\/uploads\/2022\/07\/sinavda-basari-duasi-kpss-sinavi-oncesi-okunmasi-gereken-dualar-390x220.jpeg 390w\" sizes=\"auto, (max-width: 1280px) 100vw, 1280px\" \/><\/p>\n<p><strong>SINAVDA UNUTKANLI\u011eA KAR\u015eI OKUNACAK DUA<\/strong><\/p>\n<p>Bismillahirrahmanirrahim<\/p>\n<p>Ferd\u00fcn, Hayy\u00fcn, Kayyumun, Hakemun, Adl\u00fcn, Kuddus\u00fcn. \u0130yyake na\u2019b\u00fcd\u00fc ve iyyakeneta\u2019in. \u0130nna fetahna leke fethan mubina.\u2019\u2019<\/p>\n<p><strong>SINAV BA\u015eARI DUASI<\/strong><\/p>\n<p>\u2018\u2019Rabbi edh\u0131lni m\u00fcdhale s\u0131dkin ve ahricni muhrace s\u0131dkin ve\u2019c\u2019al li min led\u00fcnke sultanen nasira.\u2019\u2019 (\u0130sra Suresi 80. ayet)<\/p>\n<p><strong>ANLAMI:<\/strong> \u2018Ya Rabbi! Beni do\u011fru bir giri\u015f ile girdir ve yine do\u011fru bir \u00e7\u0131k\u0131\u015f ile \u00e7\u0131kar. Kat\u0131ndan bana yard\u0131m edici bir kuvvet ihsan eyle.\u2019\u2019<\/p>\n<p>&nbsp;<\/p>\n","protected":false},"excerpt":{"rendered":"<p>Bu hafta sonu KPSS Lisans s\u0131nav\u0131 ger\u00e7ekle\u015ftirilecek ve s\u0131nava girecek olan memur adaylar\u0131 s\u0131nav ba\u015far\u0131 duas\u0131 ile ilgili ara\u015ft\u0131rmalara ba\u015flad\u0131. Adaylar\u0131n emeklerinin kar\u015f\u0131l\u0131\u011f\u0131n\u0131 alabilmek i\u00e7in aylard\u0131r \u00e7al\u0131\u015ft\u0131klar\u0131 s\u0131nav i\u00e7in \u00e7ok az bir s\u00fcre kald\u0131. 31 Temmuz 2022 tarihinde d\u00fczenlenecek olan KPSS s\u0131nav\u0131 i\u00e7in s\u0131nav duas\u0131 ara\u015ft\u0131rmalar\u0131 devam ediyor. S\u0131navdan \u00f6nce okunacak ba\u015far\u0131 dualar\u0131 ara\u015ft\u0131r\u0131lan konular\u0131n &hellip;<\/p>\n","protected":false},"author":6,"featured_media":29943,"comment_status":"closed","ping_status":"closed","sticky":false,"template":"","format":"standard","meta":{"footnotes":""},"categories":[8],"tags":[],"class_list":["post-29941","post","type-post","status-publish","format-standard","has-post-thumbnail","hentry","category-yasam"],"amp_enabled":true,"_links":{"self":[{"href":"https:\/\/adanaseshaber.com.tr\/index.php?rest_route=\/wp\/v2\/posts\/29941","targetHints":{"allow":["GET"]}}],"collection":[{"href":"https:\/\/adanaseshaber.com.tr\/index.php?rest_route=\/wp\/v2\/posts"}],"about":[{"href":"https:\/\/adanaseshaber.com.tr\/index.php?rest_route=\/wp\/v2\/types\/post"}],"author":[{"embeddable":true,"href":"https:\/\/adanaseshaber.com.tr\/index.php?rest_route=\/wp\/v2\/users\/6"}],"replies":[{"embeddable":true,"href":"https:\/\/adanaseshaber.com.tr\/index.php?rest_route=%2Fwp%2Fv2%2Fcomments&post=29941"}],"version-history":[{"count":2,"href":"https:\/\/adanaseshaber.com.tr\/index.php?rest_route=\/wp\/v2\/posts\/29941\/revisions"}],"predecessor-version":[{"id":29946,"href":"https:\/\/adanaseshaber.com.tr\/index.php?rest_route=\/wp\/v2\/posts\/29941\/revisions\/29946"}],"wp:featuredmedia":[{"embeddable":true,"href":"https:\/\/adanaseshaber.com.tr\/index.php?rest_route=\/wp\/v2\/media\/29943"}],"wp:attachment":[{"href":"https:\/\/adanaseshaber.com.tr\/index.php?rest_route=%2Fwp%2Fv2%2Fmedia&parent=29941"}],"wp:term":[{"taxonomy":"category","embeddable":true,"href":"https:\/\/adanaseshaber.com.tr\/index.php?rest_route=%2Fwp%2Fv2%2Fcategories&post=29941"},{"taxonomy":"post_tag","embeddable":true,"href":"https:\/\/adanaseshaber.com.tr\/index.php?rest_route=%2Fwp%2Fv2%2Ftags&post=29941"}],"curies":[{"name":"wp","href":"https:\/\/api.w.org\/{rel}","templated":true}]}}